{"id":1550,"date":"2017-12-05T14:15:10","date_gmt":"2017-12-05T13:15:10","guid":{"rendered":"https:\/\/literarnenoviny.sk\/servis\/?p=1550"},"modified":"2020-10-15T22:06:41","modified_gmt":"2020-10-15T20:06:41","slug":"vo-veku-92-rokov-zomrel-francuzsky-spisovatel-filozof-a-novinar-jean-dormesson","status":"publish","type":"post","link":"https:\/\/literarnenoviny.sk\/servis\/vo-veku-92-rokov-zomrel-francuzsky-spisovatel-filozof-a-novinar-jean-dormesson\/","title":{"rendered":"Vo veku 92 rokov zomrel franc\u00fazsky spisovate\u013e a&nbsp;novin\u00e1r Jean d\u2019Ormesson"},"content":{"rendered":"<p>Vo veku 92 rokov zomrel v&nbsp;utorok franc\u00fazsky spisovate\u013e, filozof a&nbsp;novin\u00e1r Jean d\u2019Ormesson. Bol aj \u010dlenom prest\u00ed\u017enej Franc\u00fazskej akad\u00e9mie. <\/p>\n<p>Tento 40-\u010dlenn\u00fd zbor je&nbsp;v\u0161eobecne pova\u017eovan\u00fd za&nbsp;intelektu\u00e1lnu a&nbsp;liter\u00e1rnu elitu.<\/p>\n","protected":false},"excerpt":{"rendered":"<p>Vo veku 92 rokov zomrel v&nbsp;utorok franc\u00fazsky spisovate\u013e, filozof a&nbsp;novin\u00e1r Jean d\u2019Ormesson. Bol aj \u010dlenom prest\u00ed\u017enej Franc\u00fazskej akad\u00e9mie. Tento 40-\u010dlenn\u00fd zbor je&nbsp;v\u0161eobecne pova\u017eovan\u00fd za&nbsp;intelektu\u00e1lnu a&nbsp;liter\u00e1rnu elitu.<\/p>\n","protected":false},"author":2,"featured_media":0,"comment_status":"closed","ping_status":"closed","sticky":false,"template":"","format":"standard","meta":{"_links_to":"","_links_to_target":""},"categories":[1],"tags":[3,209],"_links":{"self":[{"href":"https:\/\/literarnenoviny.sk\/servis\/wp-json\/wp\/v2\/posts\/1550"}],"collection":[{"href":"https:\/\/literarnenoviny.sk\/servis\/wp-json\/wp\/v2\/posts"}],"about":[{"href":"https:\/\/literarnenoviny.sk\/servis\/wp-json\/wp\/v2\/types\/post"}],"author":[{"embeddable":true,"href":"https:\/\/literarnenoviny.sk\/servis\/wp-json\/wp\/v2\/users\/2"}],"replies":[{"embeddable":true,"href":"https:\/\/literarnenoviny.sk\/servis\/wp-json\/wp\/v2\/comments?post=1550"}],"version-history":[{"count":0,"href":"https:\/\/literarnenoviny.sk\/servis\/wp-json\/wp\/v2\/posts\/1550\/revisions"}],"wp:attachment":[{"href":"https:\/\/literarnenoviny.sk\/servis\/wp-json\/wp\/v2\/media?parent=1550"}],"wp:term":[{"taxonomy":"category","embeddable":true,"href":"https:\/\/literarnenoviny.sk\/servis\/wp-json\/wp\/v2\/categories?post=1550"},{"taxonomy":"post_tag","embeddable":true,"href":"https:\/\/literarnenoviny.sk\/servis\/wp-json\/wp\/v2\/tags?post=1550"}],"curies":[{"name":"wp","href":"https:\/\/api.w.org\/{rel}","templated":true}]}}