{"id":15460,"date":"2021-01-29T14:00:43","date_gmt":"2021-01-29T13:00:43","guid":{"rendered":"https:\/\/literarnenoviny.sk\/servis\/?p=15460"},"modified":"2021-01-30T18:06:12","modified_gmt":"2021-01-30T17:06:12","slug":"medzinarodny-knizny-veltrh-v-lipsku-sa-pre-pandemiu-nebude-konat-ani-tento-rok","status":"publish","type":"post","link":"https:\/\/literarnenoviny.sk\/servis\/medzinarodny-knizny-veltrh-v-lipsku-sa-pre-pandemiu-nebude-konat-ani-tento-rok\/","title":{"rendered":"Medzin\u00e1rodn\u00fd kni\u017en\u00fd ve\u013etrh v&nbsp;Lipsku sa&nbsp;pre&nbsp;pand\u00e9miu nebude kona\u0165 ani tento rok"},"content":{"rendered":"<p><strong>Jedna z&nbsp;najv\u00e4\u010d\u0161\u00edch liter\u00e1rnych akci\u00ed sez\u00f3ny <a href=\"https:\/\/www.leipziger-buchmesse.de\/\" rel=\"noopener noreferrer\" target=\"_blank\">Medzin\u00e1rodn\u00fd kni\u017en\u00fd ve\u013etrh v&nbsp;Lipsku<\/a> sa&nbsp;nebude kona\u0165 ani tento rok<\/strong>. Pre&nbsp;obavy zo&nbsp;\u0161\u00edrenia koronav\u00edrusu ho po&nbsp;prepuknut\u00ed pand\u00e9mie ochorenia Covid-19 organiz\u00e1tori zru\u0161ili aj vlani. Tento rok sa&nbsp;malo podujatie uskuto\u010dni\u0165 v&nbsp;neskor\u0161om term\u00edne, <a href=\"https:\/\/www.leipziger-buchmesse.de\/pressemitteilungen\/leipziger-buchmesse-2021-findet-nicht-statt-ausgewaehlte-literaturbegegnungen-im-mai\/1207609\" rel=\"noopener noreferrer\" target=\"_blank\">nakoniec ho op\u00e4\u0165 odvolali<\/a>. <\/p>\n<p>Druh\u00e9 najv\u00e4\u010d\u0161ie kni\u017en\u00e9 podujatie v&nbsp;Nemecku <strong><a href=\"https:\/\/www.leipziger-buchmesse.de\/\" rel=\"noopener noreferrer\" target=\"_blank\">Leipziger Buchmesse<\/a><\/strong> sa&nbsp;do&nbsp;roku 2019 pravidelne konalo v&nbsp;are\u00e1li lipsk\u00e9ho v\u00fdstaviska v&nbsp;marci.<\/p>\n<p><center><div class=\"gca-utility vertical-spacer\"><\/div>\n<blockquote class=\"twitter-tweet\">\n<p lang=\"de\" dir=\"ltr\">Aufgrund der anhaltenden Corona-Pandemie haben wir schweren Herzens entschieden, dass die Leipziger Buchmesse 2021 nicht stattfinden wird. Damit literarische Begegnungen nicht ganz ausbleiben, sind f\u00fcr Mai Lesungen im digitalen Raum und an ausgew\u00e4hlten Orten in Leipzig geplant. <a href=\"https:\/\/t.co\/BQsmfyebDF\">pic.twitter.com\/BQsmfyebDF<\/a><\/p>\n<p>&mdash; Leipziger Buchmesse (@buchmesse) <a href=\"https:\/\/twitter.com\/buchmesse\/status\/1355085110618566656?ref_src=twsrc%5Etfw\">January 29, 2021<\/a><\/p><\/blockquote>\n<p> <script async src=\"https:\/\/platform.twitter.com\/widgets.js\" charset=\"utf-8\"><\/script><div class=\"gca-utility vertical-spacer\"><\/div><\/center><\/p>\n<p>Organiz\u00e1tori ve\u013etrhu, ktor\u00e9ho po\u010diatky siahaj\u00fa do&nbsp;17.&nbsp;storo\u010dia, tento rok p\u00f4vodne pl\u00e1novali presun\u00fa\u0165 zvy\u010dajn\u00fd marcov\u00fd term\u00edn na&nbsp;koniec m\u00e1ja. D\u00fafali, \u017ee&nbsp;v&nbsp;tom \u010dase bude mo\u017en\u00e9 prehliadku zorganizova\u0165 s\u010dasti pod \u0161\u00edrym nebom, a&nbsp;umo\u017eni\u0165 tak udr\u017eiava\u0165 v\u00e4\u010d\u0161ie rozostupy medzi n\u00e1v\u0161tevn\u00edkmi.  <\/p>\n<p>Nakoniec sa&nbsp;v\u0161ak usporiadatelia rozhodli zru\u0161i\u0165 aj tohtoro\u010dn\u00fd ve\u013etrh. Pod\u013ea agent\u00fary DPA sa&nbsp;pripravuje n\u00e1hradn\u00fd program, ktor\u00fd bude v\u0161ak len online. Posledn\u00fd ro\u010dn\u00edk lipsk\u00e9ho kni\u017en\u00e9ho ve\u013etrhu v&nbsp;roku 2019 nav\u0161t\u00edvilo 286-tis\u00edc \u013eud\u00ed. <\/p>\n<p>Rovnako ako Lipsk\u00fd kni\u017en\u00fd ve\u013etrh sa&nbsp;pred rokom musel zru\u0161i\u0165 aj najv\u00e4\u010d\u0161\u00ed nemeck\u00fd kni\u017en\u00fd festival vo&nbsp;Frankfurte nad Mohanom a&nbsp;nahradil ho len <a href=\"https:\/\/literarnenoviny.sk\/servis\/frankfurtsky-knizny-veltrh-bude-tento-rok-kvoli-koronavirusu-prevazne-virtualny\/\" rel=\"noopener noreferrer\" target=\"_blank\">digit\u00e1lny program<\/a>.<\/p>\n<p style=\"text-align: right;\"><small>&mdash;&nbsp;<a href=\"https:\/\/www.leipziger-buchmesse.de\/pressemitteilungen\/leipziger-buchmesse-2021-findet-nicht-statt-ausgewaehlte-literaturbegegnungen-im-mai\/1207609\" target=\"_blank\" rel=\"noopener noreferrer\">Leipziger Buchmesse<\/a><\/small><\/p>\n<div class=\"gca-utility clearfix\"><\/div>\n<div class=\"gca-utility vertical-spacer\"><\/div>\n<p><center><span class=\"fullscreen\"><a href=\"\/\/www.martinus.sk\/?z=WLGC7F&#038;utm_source=z%3DWLGC7F&#038;utm_medium=banner1_468x60&#038;utm_campaign=partner\"><img decoding=\"async\" src=\"\/\/www.martinus.sk\/images\/banners\/468x60_red.jpg\" alt=\"www.martinus.sk\" \/><\/a><\/span><\/center><\/p>\n","protected":false},"excerpt":{"rendered":"<p>Jedna z&nbsp;najv\u00e4\u010d\u0161\u00edch liter\u00e1rnych akci\u00ed sez\u00f3ny Medzin\u00e1rodn\u00fd kni\u017en\u00fd ve\u013etrh v&nbsp;Lipsku sa&nbsp;nebude kona\u0165 ani tento rok. Pre&nbsp;obavy zo&nbsp;\u0161\u00edrenia koronav\u00edrusu ho po&nbsp;prepuknut\u00ed pand\u00e9mie ochorenia Covid-19 organiz\u00e1tori zru\u0161ili aj vlani. Tento rok sa&nbsp;malo podujatie uskuto\u010dni\u0165 v&nbsp;neskor\u0161om term\u00edne, nakoniec ho op\u00e4\u0165 odvolali. <a href=\"https:\/\/literarnenoviny.sk\/servis\/medzinarodny-knizny-veltrh-v-lipsku-sa-pre-pandemiu-nebude-konat-ani-tento-rok\/\" class=\"more-link\">Cel\u00e1 spr\u00e1va <span class=\"meta-nav\">&rarr;<\/span><\/a><\/p>\n","protected":false},"author":2,"featured_media":0,"comment_status":"closed","ping_status":"closed","sticky":false,"template":"","format":"standard","meta":{"_links_to":"","_links_to_target":""},"categories":[1],"tags":[14,171,100],"_links":{"self":[{"href":"https:\/\/literarnenoviny.sk\/servis\/wp-json\/wp\/v2\/posts\/15460"}],"collection":[{"href":"https:\/\/literarnenoviny.sk\/servis\/wp-json\/wp\/v2\/posts"}],"about":[{"href":"https:\/\/literarnenoviny.sk\/servis\/wp-json\/wp\/v2\/types\/post"}],"author":[{"embeddable":true,"href":"https:\/\/literarnenoviny.sk\/servis\/wp-json\/wp\/v2\/users\/2"}],"replies":[{"embeddable":true,"href":"https:\/\/literarnenoviny.sk\/servis\/wp-json\/wp\/v2\/comments?post=15460"}],"version-history":[{"count":0,"href":"https:\/\/literarnenoviny.sk\/servis\/wp-json\/wp\/v2\/posts\/15460\/revisions"}],"wp:attachment":[{"href":"https:\/\/literarnenoviny.sk\/servis\/wp-json\/wp\/v2\/media?parent=15460"}],"wp:term":[{"taxonomy":"category","embeddable":true,"href":"https:\/\/literarnenoviny.sk\/servis\/wp-json\/wp\/v2\/categories?post=15460"},{"taxonomy":"post_tag","embeddable":true,"href":"https:\/\/literarnenoviny.sk\/servis\/wp-json\/wp\/v2\/tags?post=15460"}],"curies":[{"name":"wp","href":"https:\/\/api.w.org\/{rel}","templated":true}]}}