{"id":15412,"date":"2021-01-27T08:00:49","date_gmt":"2021-01-27T07:00:49","guid":{"rendered":"https:\/\/literarnenoviny.sk\/servis\/?p=15412"},"modified":"2021-01-30T17:56:11","modified_gmt":"2021-01-30T16:56:11","slug":"po-mesacnom-lockdowne-sa-na-slovensku-znovu-otvaraju-niektore-verejne-kniznice","status":"publish","type":"post","link":"https:\/\/literarnenoviny.sk\/servis\/po-mesacnom-lockdowne-sa-na-slovensku-znovu-otvaraju-niektore-verejne-kniznice\/","title":{"rendered":"Po mesa\u010dnom lockdowne sa&nbsp;na&nbsp;Slovensku znovu otv\u00e1raj\u00fa niektor\u00e9 verejne kni\u017enice"},"content":{"rendered":"<p><strong>Po mesa\u010dnom lockdowne sa&nbsp;na&nbsp;Slovensku op\u00e4tovne otv\u00e1raj\u00fa niektor\u00e9 kni\u017enice pre&nbsp;verejnos\u0165<\/strong>, od&nbsp;stredy 27.&nbsp;janu\u00e1ra to umo\u017e\u0148uje vyhl\u00e1\u0161ka <a href=\"https:\/\/www.uvzsr.sk\" rel=\"noopener noreferrer\" target=\"_blank\">\u00daradu verejn\u00e9ho zdravotn\u00edctva<\/a>. Spr\u00edsnen\u00e9 protipandemick\u00e9 hygienick\u00e9 opatrenia v\u0161ak zost\u00e1vaj\u00fa na\u010falej v&nbsp;platnosti.<\/p>\n<p>Na vstup do&nbsp;kni\u017enice bude potrebn\u00fd certifik\u00e1t o&nbsp;negat\u00edvnom v\u00fdsledku RT-PCR alebo antig\u00e9nov\u00e9ho testu na&nbsp;ochorenie Covid-19 vykonanom po&nbsp;18.&nbsp;janu\u00e1ri 2021.<\/p>\n<p><center><div class=\"gca-utility vertical-spacer\"><\/div><iframe loading=\"lazy\" src=\"https:\/\/www.facebook.com\/plugins\/post.php?href=https%3A%2F%2Fwww.facebook.com%2Fministerstvo.kultury.SR%2Fposts%2F4995698950471984&#038;width=500&#038;show_text=true&#038;appId=2424319851126972&#038;height=730\" width=\"500\" height=\"730\" style=\"border:none;overflow:hidden\" scrolling=\"no\" frameborder=\"0\" allowfullscreen=\"true\" allow=\"autoplay; clipboard-write; encrypted-media; picture-in-picture; web-share\"><\/iframe><div class=\"gca-utility vertical-spacer\"><\/div><\/center><\/p>\n<p>Po\u010det n\u00e1v\u0161tevn\u00edkov v&nbsp;kni\u017enici v\u0161ak nesmie v&nbsp;jednom okamihu prekro\u010di\u0165 koncentr\u00e1ciu jeden z\u00e1kazn\u00edk na&nbsp;15 metrov \u0161tvorcov\u00fdch. Toto opatrenie neplat\u00ed pre&nbsp;deti do&nbsp;10 rokov v&nbsp;sprievode dospelej osoby. Podmienkou n\u00e1v\u0161tevy je&nbsp;aj prekrytie horn\u00fdch d\u00fdchac\u00edch ciest a&nbsp;dezinfekcia r\u00fak.<\/p>\n<p>Pokia\u013e plocha pre&nbsp;n\u00e1v\u0161tevn\u00edkov v&nbsp;kni\u017enici nedosahuje 15 m\u00b2, m\u00f4\u017ee sa&nbsp;v&nbsp;nej v&nbsp;jednom okamihu nach\u00e1dza\u0165 maxim\u00e1lne jeden n\u00e1v\u0161tevn\u00edk. <\/p>\n<p>Kni\u017enice s\u00fa tie\u017e povinn\u00e9 zabezpe\u010di\u0165 dodr\u017eiavanie minim\u00e1lne 2-metrov\u00fdch odstupov medzi osobami. N\u00e1v\u0161tevn\u00edkom sa&nbsp;zakazuje konzumova\u0165 pokrmy a&nbsp;n\u00e1poje v&nbsp;interi\u00e9rov\u00fdch aj exteri\u00e9rov\u00fdch \u010dastiach kni\u017enice, \u010di&nbsp;v&nbsp;jej bl\u00edzkosti.<\/p>\n<p>Mnoh\u00e9 mest\u00e1 a&nbsp;zria\u010fovate\u013esk\u00e9 \u017eupy takto obmedzen\u00e9 otvorenie kni\u017en\u00edc dopredu avizovali, rovnako aj niektor\u00e9 univerzitn\u00e9 kni\u017enice.<\/p>\n<p><em>\u201eM\u00e1me rados\u0165, ke\u010f sa&nbsp;do&nbsp;na\u0161ich kni\u017en\u00edc m\u00f4\u017eu vr\u00e1ti\u0165 \u010ditatelia. Radi by sme ich v\u0161ak vyzvali, aby v&nbsp;pr\u00edpade, ak je&nbsp;to mo\u017en\u00e9, vyu\u017e\u00edvali slu\u017ebu objednania dokumentov a&nbsp;vracania kn\u00edh cez bibliobox,\u201c<\/em> odpor\u00fa\u010da n\u00e1v\u0161tevn\u00edkom riadite\u013e odboru kult\u00fary \u017dilinskej \u017eupy Martin Hromada. <\/p>\n<p>Vr\u00e1ten\u00e9 knihy n\u00e1sledne putuj\u00fa do&nbsp;karant\u00e9ny. V&nbsp;kni\u017eniciach bude tie\u017e len obmedzen\u00fd po\u010det pracovn\u00edkov.<\/p>\n<p style=\"text-align: right;\"><small>&mdash;&nbsp;<a href=\"https:\/\/www.culture.gov.sk\/ministerstvo\/medialny-servis\/aktuality-ministerstva-kultury\/kniznice-sa-od-stredy-mozu-otvorit-aj-pre-verejnost\/\" target=\"_blank\" rel=\"noopener noreferrer\">Ministerstvo kult\u00fary SR<\/a> a&nbsp;<a href=\"https:\/\/www.uvzsr.sk\" target=\"_blank\" rel=\"noopener noreferrer\">\u00daVZ SR<\/a><\/small><\/p>\n<div class=\"gca-utility clearfix\"><\/div>\n<div class=\"gca-utility vertical-spacer\"><\/div>\n<p><center><span class=\"fullscreen\"><a href=\"\/\/www.martinus.sk\/?z=WLGC7F&#038;utm_source=z%3DWLGC7F&#038;utm_medium=banner1_468x60&#038;utm_campaign=partner\"><img decoding=\"async\" src=\"\/\/www.martinus.sk\/images\/banners\/468x60_red.jpg\" alt=\"www.martinus.sk\" \/><\/a><\/span><\/center><\/p>\n","protected":false},"excerpt":{"rendered":"<p>Po mesa\u010dnom lockdowne sa&nbsp;na&nbsp;Slovensku op\u00e4tovne otv\u00e1raj\u00fa kni\u017enice pre&nbsp;verejnos\u0165, od&nbsp;stredy 27.&nbsp;janu\u00e1ra to umo\u017e\u0148uje vyhl\u00e1\u0161ka \u00daradu verejn\u00e9ho zdravotn\u00edctva. Spr\u00edsnen\u00e9 hygienick\u00e9 opatrenia v\u0161ak zost\u00e1vaj\u00fa na\u010falej v&nbsp;platnosti. Na&nbsp;vstup do&nbsp;kni\u017enice bude potrebn\u00fd certifik\u00e1t o&nbsp;negat\u00edvnom v\u00fdsledku testu. <a href=\"https:\/\/literarnenoviny.sk\/servis\/po-mesacnom-lockdowne-sa-na-slovensku-znovu-otvaraju-niektore-verejne-kniznice\/\" class=\"more-link\">Cel\u00e1 spr\u00e1va <span class=\"meta-nav\">&rarr;<\/span><\/a><\/p>\n","protected":false},"author":2,"featured_media":0,"comment_status":"closed","ping_status":"closed","sticky":false,"template":"","format":"standard","meta":{"_links_to":"","_links_to_target":""},"categories":[1],"tags":[49,171],"_links":{"self":[{"href":"https:\/\/literarnenoviny.sk\/servis\/wp-json\/wp\/v2\/posts\/15412"}],"collection":[{"href":"https:\/\/literarnenoviny.sk\/servis\/wp-json\/wp\/v2\/posts"}],"about":[{"href":"https:\/\/literarnenoviny.sk\/servis\/wp-json\/wp\/v2\/types\/post"}],"author":[{"embeddable":true,"href":"https:\/\/literarnenoviny.sk\/servis\/wp-json\/wp\/v2\/users\/2"}],"replies":[{"embeddable":true,"href":"https:\/\/literarnenoviny.sk\/servis\/wp-json\/wp\/v2\/comments?post=15412"}],"version-history":[{"count":0,"href":"https:\/\/literarnenoviny.sk\/servis\/wp-json\/wp\/v2\/posts\/15412\/revisions"}],"wp:attachment":[{"href":"https:\/\/literarnenoviny.sk\/servis\/wp-json\/wp\/v2\/media?parent=15412"}],"wp:term":[{"taxonomy":"category","embeddable":true,"href":"https:\/\/literarnenoviny.sk\/servis\/wp-json\/wp\/v2\/categories?post=15412"},{"taxonomy":"post_tag","embeddable":true,"href":"https:\/\/literarnenoviny.sk\/servis\/wp-json\/wp\/v2\/tags?post=15412"}],"curies":[{"name":"wp","href":"https:\/\/api.w.org\/{rel}","templated":true}]}}