{"id":15393,"date":"2021-01-21T08:00:58","date_gmt":"2021-01-21T07:00:58","guid":{"rendered":"https:\/\/literarnenoviny.sk\/servis\/?p=15393"},"modified":"2021-01-27T15:16:34","modified_gmt":"2021-01-27T14:16:34","slug":"amerika-ma-od-inauguracie-prezidenta-bidena-novu-hviezdu-poetku-amandu-gormanovu","status":"publish","type":"post","link":"https:\/\/literarnenoviny.sk\/servis\/amerika-ma-od-inauguracie-prezidenta-bidena-novu-hviezdu-poetku-amandu-gormanovu\/","title":{"rendered":"Amerika m\u00e1 od&nbsp;inaugur\u00e1cie prezidenta nov\u00fa hviezdu, poetku Amandu Gormanov\u00fa"},"content":{"rendered":"<p><strong>Spojen\u00e9 \u0161t\u00e1ty maj\u00fa od&nbsp;stredaj\u0161ej inaugur\u00e1cie prezidenta <a href=\"https:\/\/sk.wikipedia.org\/wiki\/Joe_Biden\" rel=\"noopener noreferrer\" target=\"_blank\">Joea Bidena<\/a> nov\u00fa liter\u00e1rnu hviezdu, 22-ro\u010dn\u00fa poetku <a href=\"https:\/\/en.wikipedia.org\/wiki\/Amanda_Gorman\" rel=\"noopener noreferrer\" target=\"_blank\">Amandu Gormanov\u00fa<\/a><\/strong>. Losangelsk\u00e1 rod\u00e1\u010dka a&nbsp;bakal\u00e1rka sociol\u00f3gie z&nbsp;prest\u00ed\u017enej <a href=\"https:\/\/www.harvard.edu\" rel=\"noopener noreferrer\" target=\"_blank\"> Harvardovej univerzity<\/a> po\u010das ceremoni\u00e1lu predniesla svoju b\u00e1se\u0148 <em><strong>The Hill We Climb<\/strong> (Kopec, ktor\u00fd zdol\u00e1vame)<\/em>.<\/p>\n<p>Dr\u017eite\u013eka titulu <a href=\"https:\/\/en.wikipedia.org\/wiki\/National_Youth_Poet_Laureate\" rel=\"noopener noreferrer\" target=\"_blank\">National Youth Poet Laureate<\/a> americkej Kongresovej kni\u017enice z&nbsp;roku 2017 sa&nbsp;netaj\u00ed ani politick\u00fdmi amb\u00edciami a&nbsp;tie\u017e by sa&nbsp;chcela sta\u0165 americkou prezidentkou.<\/p>\n<p><center><div class=\"gca-utility vertical-spacer\"><\/div><iframe loading=\"lazy\" width=\"560\" height=\"315\" src=\"https:\/\/www.youtube.com\/embed\/Jp9pyMqnBzk?start=0\" frameborder=\"0\" allow=\"accelerometer; autoplay; clipboard-write; encrypted-media; gyroscope; picture-in-picture\" allowfullscreen><\/iframe><div class=\"gca-utility vertical-spacer\"><\/div><\/center><\/p>\n<p>Pre denn\u00edk New York Times Gormanov\u00e1 uviedla, \u017ee&nbsp;podobne ako nov\u00fd prezident Biden od&nbsp;detstva z\u00e1pasila s&nbsp;re\u010dovou chybou. Preto si pred vyst\u00fapen\u00edm b\u00e1se\u0148 \u010d\u00edtala st\u00e1le dookola, aby ju dobre predniesla.<\/p>\n<p><em>\u201eBy\u0165 Ameri\u010danom znamen\u00e1 viac ne\u017e len prevzia\u0165 hrd\u00e9 dedi\u010dstvo. Ide aj o&nbsp;minulos\u0165, do&nbsp;ktorej vstupujeme, a&nbsp;o&nbsp;to, ako ju naprav\u00edme,\u201c<\/em> hovor\u00ed sa&nbsp;v&nbsp;b\u00e1sni <em><strong>The Hill We Climb<\/strong><\/em>, ktor\u00e1 zo\u017eala \u00faspech na&nbsp;soci\u00e1lnych sie\u0165ach a&nbsp;v&nbsp;priebehu d\u0148a <a href=\"https:\/\/www.independent.co.uk\/arts-entertainment\/books\/amanda-gorman-books-poems-b1790426.html\" rel=\"noopener noreferrer\" target=\"_blank\">sa stala bestselleom<\/a> aj rovnomenn\u00e1 autorkina <a href=\"https:\/\/www.amazon.com\/gp\/product\/0593465067\" rel=\"noopener noreferrer\" target=\"_blank\">basnicka zbierka<\/a>, ktor\u00e1 sa&nbsp;tak vypredala e\u0161te pred svoj\u00edm vydan\u00edm.<\/p>\n<p>Takmer nedostupn\u00e1 je&nbsp;aj \u0161peci\u00e1lna ed\u00edcia <em><strong><a href=\"https:\/\/www.penguinrandomhouse.com\/books\/689867\/the-hill-we-climb-by-amanda-gorman\/9780593465271\/\" rel=\"noopener noreferrer\" target=\"_blank\">The Hill We Climb<\/a><\/strong><\/em>, ktor\u00e1 m\u00e1 vyjs\u0165 vo&nbsp;vydavate\u013estve Penguin Random House.<\/p>\n<p>Jej \u010fal\u0161ia pl\u00e1novan\u00e1 detsk\u00e1 ilustrovan\u00e1 kniha <em><strong><a href=\"https:\/\/www.amazon.com\/Change-Sings-Childrens-Amanda-Gorman-ebook\/dp\/B08SQTYTDY\/\" rel=\"noopener noreferrer\" target=\"_blank\">Change Sings<\/a><\/strong> (Zmeni\u0165 pies\u0148ou)<\/em> o&nbsp;diev\u010dati, ktor\u00e9 si uvedom\u00ed, \u017ee&nbsp;m\u00f4\u017ee hudbou zmeni\u0165 svet, si dr\u017e\u00ed poz\u00edciu medzi naj\u017eiadanej\u0161\u00edmi titulmi v&nbsp;internetovom kn\u00edhkupectve Amazon.com.<\/p>\n<p style=\"text-align: right;\"><small>&mdash;&nbsp;<a href=\"---\" target=\"_blank\" rel=\"noopener noreferrer\"> <\/a><\/small><\/p>\n<div class=\"gca-utility clearfix\"><\/div>\n<div class=\"gca-utility vertical-spacer\"><\/div>\n<p><center><span class=\"fullscreen\"><a href=\"\/\/www.martinus.sk\/?z=WLGC7F&#038;utm_source=z%3DWLGC7F&#038;utm_medium=banner1_468x60&#038;utm_campaign=partner\"><img decoding=\"async\" src=\"\/\/www.martinus.sk\/images\/banners\/468x60_red.jpg\" alt=\"www.martinus.sk\" \/><\/a><\/span><\/center><\/p>\n","protected":false},"excerpt":{"rendered":"<p>Spojen\u00e9 \u0161t\u00e1ty maj\u00fa od&nbsp;stredaj\u0161ej inaugur\u00e1cie prezidenta Joea Bidena nov\u00fa liter\u00e1rnu hviezdu, 22-ro\u010dn\u00fa poetku Amandu Gormanov\u00fa. Losangelsk\u00e1 rod\u00e1\u010dka a&nbsp;bakal\u00e1rka sociol\u00f3gie z&nbsp;prest\u00ed\u017enej Harvardovej univerzity po\u010das ceremoni\u00e1lu predniesla svoju b\u00e1se\u0148 The&nbsp;Hill We Climb. <a href=\"https:\/\/literarnenoviny.sk\/servis\/amerika-ma-od-inauguracie-prezidenta-bidena-novu-hviezdu-poetku-amandu-gormanovu\/\" class=\"more-link\">Cel\u00e1 spr\u00e1va <span class=\"meta-nav\">&rarr;<\/span><\/a><\/p>\n","protected":false},"author":2,"featured_media":0,"comment_status":"closed","ping_status":"closed","sticky":false,"template":"","format":"standard","meta":{"_links_to":"","_links_to_target":""},"categories":[1],"tags":[13,83,76,217,23],"_links":{"self":[{"href":"https:\/\/literarnenoviny.sk\/servis\/wp-json\/wp\/v2\/posts\/15393"}],"collection":[{"href":"https:\/\/literarnenoviny.sk\/servis\/wp-json\/wp\/v2\/posts"}],"about":[{"href":"https:\/\/literarnenoviny.sk\/servis\/wp-json\/wp\/v2\/types\/post"}],"author":[{"embeddable":true,"href":"https:\/\/literarnenoviny.sk\/servis\/wp-json\/wp\/v2\/users\/2"}],"replies":[{"embeddable":true,"href":"https:\/\/literarnenoviny.sk\/servis\/wp-json\/wp\/v2\/comments?post=15393"}],"version-history":[{"count":0,"href":"https:\/\/literarnenoviny.sk\/servis\/wp-json\/wp\/v2\/posts\/15393\/revisions"}],"wp:attachment":[{"href":"https:\/\/literarnenoviny.sk\/servis\/wp-json\/wp\/v2\/media?parent=15393"}],"wp:term":[{"taxonomy":"category","embeddable":true,"href":"https:\/\/literarnenoviny.sk\/servis\/wp-json\/wp\/v2\/categories?post=15393"},{"taxonomy":"post_tag","embeddable":true,"href":"https:\/\/literarnenoviny.sk\/servis\/wp-json\/wp\/v2\/tags?post=15393"}],"curies":[{"name":"wp","href":"https:\/\/api.w.org\/{rel}","templated":true}]}}