{"id":15375,"date":"2021-01-18T09:30:14","date_gmt":"2021-01-18T08:30:14","guid":{"rendered":"https:\/\/literarnenoviny.sk\/servis\/?p=15375"},"modified":"2021-01-23T00:55:10","modified_gmt":"2021-01-22T23:55:10","slug":"v-polsku-vyjde-komentovane-vydanie-kontroverznej-knihy-adolfa-hitlera-mein-kampf","status":"publish","type":"post","link":"https:\/\/literarnenoviny.sk\/servis\/v-polsku-vyjde-komentovane-vydanie-kontroverznej-knihy-adolfa-hitlera-mein-kampf\/","title":{"rendered":"V Po\u013esku vyjde komentovan\u00e9 vydanie knihy Adolfa Hitlera Mein Kampf"},"content":{"rendered":"<p><strong>V Po\u013esku vych\u00e1dza komentovan\u00e9 akademick\u00e9 <a href=\"https:\/\/www.rp.pl\/Historia\/301129898-Mein-Kampf-zostanie-wydany-po-polsku.html\" rel=\"noopener noreferrer\" target=\"_blank\">vydanie kontroverznej knihy<\/a> Adolfa Hitlera <em>Moja walka<\/strong> (<a href=\"https:\/\/sk.wikipedia.org\/wiki\/Mein_Kampf\" rel=\"noopener noreferrer\" target=\"_blank\">Mein Kampf<\/a>, 1925-1926)<\/em>, pod\u013ea historika Eugeniusza Kr\u00f3la je&nbsp;jej vydanie <em>\u201epoctou obetiam\u201c<\/em>. Hitlerov pl\u00e1n uchopenia moci vy\u0161iel s&nbsp;kritick\u00fdmi pozn\u00e1mkami po&nbsp;prv\u00fdkr\u00e1t v&nbsp;Nemecku v&nbsp;roku 2016. <\/p>\n<p>Pod\u013ea agent\u00fary AFP je&nbsp;tak po\u013esk\u00e9 komentovan\u00e9 vydanie <a href=\"https:\/\/www.france24.com\/en\/live-news\/20210118-mein-kampf-published-in-poland-as-homage-to-victims\" rel=\"noopener noreferrer\" target=\"_blank\">len druh\u00fdm na&nbsp;svete<\/a>. <\/p>\n<p><center><div class=\"gca-utility vertical-spacer\"><\/div>\n<blockquote class=\"twitter-tweet\">\n<p lang=\"pl\" dir=\"ltr\">? TYLKO U&nbsp;NAS. <a href=\"https:\/\/twitter.com\/hashtag\/MeinKampf?src=hash&amp;ref_src=twsrc%5Etfw\">#MeinKampf<\/a> zostanie wydany po&nbsp;polsku &#8211; pisze <a href=\"https:\/\/twitter.com\/marek_kozubal?ref_src=twsrc%5Etfw\">@marek_kozubal<\/a><a href=\"https:\/\/t.co\/caLdIfIMcQ\">https:\/\/t.co\/caLdIfIMcQ<\/a><\/p>\n<p>&mdash; Rzeczpospolita (@rzeczpospolita) <a href=\"https:\/\/twitter.com\/rzeczpospolita\/status\/1349225457695285249?ref_src=twsrc%5Etfw\">January 13, 2021<\/a><\/p><\/blockquote>\n<p> <script async src=\"https:\/\/platform.twitter.com\/widgets.js\" charset=\"utf-8\"><\/script><div class=\"gca-utility vertical-spacer\"><\/div><\/center><\/p>\n<p>V krajine sa&nbsp;doteraz \u0161\u00edrili len pir\u00e1tske k\u00f3pie alebo skr\u00e1ten\u00e9 verzie nacistick\u00e9ho manifestu. O&nbsp;zaistenie jednej z&nbsp;nich po\u017eiadala Po\u013esko v&nbsp;roku 2005 nemeck\u00e1 Bavorska vl\u00e1da, ktor\u00e1 vtedy bola vlastn\u00edkom autorsk\u00fdch pr\u00e1v Mein Kampfu. <\/p>\n<p>Eugeniusz Kr\u00f3l, ktor\u00fd sa&nbsp;na&nbsp;pr\u00edprave verzie z&nbsp;po\u013esk\u00e9ho vydavate\u013estva <a href=\"https:\/\/www.bellona.pl\/\" rel=\"noopener noreferrer\" target=\"_blank\">Bellona<\/a> podie\u013eal, uviedol, \u017ee&nbsp;titul <em>Moja walka<\/em> m\u00e1 1&nbsp;000 str\u00e1n, vyjde v&nbsp;n\u00e1klade 3-tis\u00edc v\u00fdtla\u010dkov a&nbsp;bude sl\u00fa\u017ei\u0165 ako <em>\u201ehistorick\u00fd prame\u0148\u201c<\/em>.<\/p>\n<p>Riadite\u013e <a href=\"http:\/\/www.auschwitz.org\/\" rel=\"noopener noreferrer\" target=\"_blank\">M\u00fazea Auschwitz-Birkenau<\/a> Piotr Cywinski v&nbsp;denn\u00edku <a href=\"https:\/\/www.rp.pl\/Historia\/301129898-Mein-Kampf-zostanie-wydany-po-polsku.html\" rel=\"noopener noreferrer\" target=\"_blank\">Rzeczpospolita<\/a> uviedol, \u017ee&nbsp;<em>\u201erozumie\u201c<\/em> vydaniu knihy ur\u010denej na&nbsp;akademick\u00e9 \u00fa\u010dely.<\/p>\n<p>Upozornil v\u0161ak, \u017ee&nbsp;ak\u00e1ko\u013evek jej propag\u00e1cia m\u00f4\u017ee by\u0165 v&nbsp;rozpore s&nbsp;po\u013esk\u00fdmi z\u00e1konmi a&nbsp;za&nbsp;propag\u00e1ciu totalitn\u00fdch ideol\u00f3gi\u00ed ako fa\u0161izmus, komunizmus \u010di&nbsp;etnick\u00fa alebo rasov\u00fa nen\u00e1vis\u0165 hrozia v&nbsp;krajine a\u017e dva roky za&nbsp;mre\u017eami.<\/p>\n<p>Kritick\u00e9 vydanie <em><strong>Moja walka<\/strong> (Mein Kampf)<\/em> sa&nbsp;v&nbsp;Po\u013esku pred\u00e1va za&nbsp;pomerne vysok\u00fa cenu 150 zlot\u00fdch <em>(33&nbsp;eur)<\/em> a&nbsp;nebude ma\u0165 \u017eiadnu reklamn\u00fa kampa\u0148. <em>\u201eNechceme, aby bola t\u00e1to publik\u00e1cia \u0161iroko dostupn\u00e1,\u201c<\/em> uviedol riadite\u013e Bellony Zbigniew Czerwinski. <\/p>\n<p>Po\u013esko po\u010das nacistickej okup\u00e1cie stratilo \u0161es\u0165 mili\u00f3nov svojich ob\u010danov, z&nbsp;toho tri mili\u00f3ny so&nbsp;\u017eidovsk\u00fdmi kore\u0148mi.<\/p>\n<p style=\"text-align: right;\"><small>&mdash;&nbsp;<a href=\"https:\/\/www.rp.pl\/Historia\/301129898-Mein-Kampf-zostanie-wydany-po-polsku.html\" target=\"_blank\" rel=\"noopener noreferrer\">Rzeczpospolita<\/a> a&nbsp;<a href=\"https:\/\/www.france24.com\/en\/live-news\/20210118-mein-kampf-published-in-poland-as-homage-to-victims\" target=\"_blank\" rel=\"noopener noreferrer\">France 24<\/a><\/small><\/p>\n<div class=\"gca-utility clearfix\"><\/div>\n<div class=\"gca-utility vertical-spacer\"><\/div>\n<p><center><span class=\"fullscreen\"><a href=\"\/\/www.martinus.sk\/?z=WLGC7F&#038;utm_source=z%3DWLGC7F&#038;utm_medium=banner1_468x60&#038;utm_campaign=partner\"><img decoding=\"async\" src=\"\/\/www.martinus.sk\/images\/banners\/468x60_red.jpg\" alt=\"www.martinus.sk\" \/><\/a><\/span><\/center><\/p>\n","protected":false},"excerpt":{"rendered":"<p>V Po\u013esku vych\u00e1dza komentovan\u00e9 akademick\u00e9 vydanie kontroverznej knihy Adolfa Hitlera Moja walka, pod\u013ea historika Eugeniusza Kr\u00f3la je&nbsp;jej vydanie \u201epoctou obetiam\u201c. Hitlerov pl\u00e1n uchopenia moci vy\u0161iel s&nbsp;kritick\u00fdmi pozn\u00e1mkami po&nbsp;prv\u00fdkr\u00e1t v&nbsp;Nemecku v&nbsp;roku 2016. <a href=\"https:\/\/literarnenoviny.sk\/servis\/v-polsku-vyjde-komentovane-vydanie-kontroverznej-knihy-adolfa-hitlera-mein-kampf\/\" class=\"more-link\">Cel\u00e1 spr\u00e1va <span class=\"meta-nav\">&rarr;<\/span><\/a><\/p>\n","protected":false},"author":2,"featured_media":0,"comment_status":"closed","ping_status":"closed","sticky":false,"template":"","format":"standard","meta":{"_links_to":"","_links_to_target":""},"categories":[1],"tags":[5,14,23,136],"_links":{"self":[{"href":"https:\/\/literarnenoviny.sk\/servis\/wp-json\/wp\/v2\/posts\/15375"}],"collection":[{"href":"https:\/\/literarnenoviny.sk\/servis\/wp-json\/wp\/v2\/posts"}],"about":[{"href":"https:\/\/literarnenoviny.sk\/servis\/wp-json\/wp\/v2\/types\/post"}],"author":[{"embeddable":true,"href":"https:\/\/literarnenoviny.sk\/servis\/wp-json\/wp\/v2\/users\/2"}],"replies":[{"embeddable":true,"href":"https:\/\/literarnenoviny.sk\/servis\/wp-json\/wp\/v2\/comments?post=15375"}],"version-history":[{"count":0,"href":"https:\/\/literarnenoviny.sk\/servis\/wp-json\/wp\/v2\/posts\/15375\/revisions"}],"wp:attachment":[{"href":"https:\/\/literarnenoviny.sk\/servis\/wp-json\/wp\/v2\/media?parent=15375"}],"wp:term":[{"taxonomy":"category","embeddable":true,"href":"https:\/\/literarnenoviny.sk\/servis\/wp-json\/wp\/v2\/categories?post=15375"},{"taxonomy":"post_tag","embeddable":true,"href":"https:\/\/literarnenoviny.sk\/servis\/wp-json\/wp\/v2\/tags?post=15375"}],"curies":[{"name":"wp","href":"https:\/\/api.w.org\/{rel}","templated":true}]}}