{"id":15344,"date":"2021-01-12T15:00:15","date_gmt":"2021-01-12T14:00:15","guid":{"rendered":"https:\/\/literarnenoviny.sk\/servis\/?p=15344"},"modified":"2021-01-13T23:37:20","modified_gmt":"2021-01-13T22:37:20","slug":"slovenska-narodna-kniznica-spristupnila-bibliotheku-uhro-slowensku-michala-ressetku","status":"publish","type":"post","link":"https:\/\/literarnenoviny.sk\/servis\/slovenska-narodna-kniznica-spristupnila-bibliotheku-uhro-slowensku-michala-ressetku\/","title":{"rendered":"Slovensk\u00e1 n\u00e1rodn\u00e1 kni\u017enica spr\u00edstupnila Bibliotheku Uhro-Slowensk\u00fa Michala Ressetku"},"content":{"rendered":"<p><strong>Slovensk\u00e1 n\u00e1rodn\u00e1 kni\u017enica <a href=\"https:\/\/onk.snk.sk\/search?collections=609567\" rel=\"noopener noreferrer\" target=\"_blank\">spr\u00edstupnila<\/a> Bibliotheku Uhro-Slowensk\u00fa Michala Ressetku<\/strong>. V&nbsp;kni\u017enici, ktor\u00e1 mala v&nbsp;\u010dase rozkvetu vy\u0161e 1&nbsp;600 kn\u00edh a&nbsp;nav\u0161tevovali ju \u010dasto aj \u0161t\u00farovci, n\u00e1jdeme najm\u00e4 slovacik\u00e1. Nach\u00e1dza sa&nbsp;v&nbsp;nej aj prv\u00fd slovensk\u00fd rom\u00e1n <em><strong>Ren\u00e9 ml\u00e1denca pr\u00edhody a&nbsp;sk\u00fasenosti<\/strong><\/em> \u010di&nbsp;preklady <em><strong><a href=\"https:\/\/sk.wikipedia.org\/wiki\/Dekameron\" rel=\"noopener noreferrer\" target=\"_blank\">Dekameronu<\/a><\/strong><\/em>.<\/p>\n<p>Katol\u00edckemu k\u0148azovi <a href=\"https:\/\/sk.wikipedia.org\/wiki\/Michal_Re\u0161etka\" rel=\"noopener noreferrer\" target=\"_blank\">Michalovi Re\u0161etkovi<\/a> sa&nbsp;v&nbsp;roku 1820 podarilo v&nbsp;skromn\u00fdch podmienkach zalo\u017ei\u0165 kni\u017enicu, ktor\u00e1 mala sl\u00fa\u017ei\u0165 verejnosti a&nbsp;zachr\u00e1ni\u0165 slovensk\u00e9 knihy pre&nbsp;bud\u00face gener\u00e1cie. <\/p>\n<p><center><div class=\"gca-utility vertical-spacer\"><\/div>\n<blockquote class=\"twitter-tweet\">\n<p lang=\"und\" dir=\"ltr\">Za\u010d\u00edtajte sa&nbsp;do&nbsp;\u010dl\u00e1nku Historick\u00e1 kni\u017enica Michala Re\u0161etku a&nbsp;dozviete sa&nbsp;\u010do&nbsp;sa&nbsp;v&nbsp;nej ukr\u00fdva <a href=\"https:\/\/t.co\/Q4ENyCGPAF\">https:\/\/t.co\/Q4ENyCGPAF<\/a> <a href=\"https:\/\/t.co\/v2fM6B4GH7\">pic.twitter.com\/v2fM6B4GH7<\/a><\/p>\n<p>&mdash; SNK (@SNK_Martin) <a href=\"https:\/\/twitter.com\/SNK_Martin\/status\/1348977024728227840?ref_src=twsrc%5Etfw\">January 12, 2021<\/a><\/p><\/blockquote>\n<p> <script async src=\"https:\/\/platform.twitter.com\/widgets.js\" charset=\"utf-8\"><\/script><div class=\"gca-utility vertical-spacer\"><\/div><\/center><\/p>\n<p>Kni\u017enica bola od&nbsp;po\u010diatku verejnou, pre&nbsp;bohat\u00fdch i&nbsp;chudobn\u00fdch a&nbsp;rolu nezohr\u00e1valo ani vierovyznanie. Hoci bol st\u00fapencom Antona Bernol\u00e1ka, Re\u0161etka ve\u013emi \u00fazko spolupracoval aj so&nbsp;\u0161t\u00farovcami. Na&nbsp;svoje si tak pri\u0161li katol\u00edci aj evanjelici, \u010do&nbsp;na&nbsp;za\u010diatku 19.&nbsp;storo\u010dia nebolo zvykom. <\/p>\n<p>Kni\u017enicu sa&nbsp;sna\u017eil budova\u0165 ako stredisko v\u0161estrannej v\u00fdchovy. Len v&nbsp;obdob\u00ed medzi rokmi 1820 \u2013 1841 po\u017ei\u010dal 2&nbsp;244 kn\u00edh \u010ditate\u013eom z&nbsp;cel\u00e9ho Pova\u017eia. <\/p>\n<p><em>\u201ePou\u017e\u00edva\u0165 kn\u00edh Re\u0161etka \u010dasto povol\u00e1val k&nbsp;sebe cel\u00e9 obce, tak\u017ee ani v&nbsp;Hornej S\u00fa\u010di, knihov\u0148a jeho nebola zakopan\u00e1 a&nbsp;m\u00e1vala zo&nbsp;v\u0161etk\u00fdch stavov vy\u0161e 200 \u010ditate\u013eov,\u201c<\/em> uv\u00e1dza sa&nbsp;v&nbsp;\u010casopise Slovenskej muze\u00e1lnej spolo\u010dnosti z&nbsp;roku  1910.<\/p>\n<p>Re\u0161etka sa&nbsp;orientoval aj na&nbsp;\u0161\u00edrenie osvety vo&nbsp;svojej farnosti, a&nbsp;to nielen kult\u00farnej. Bojoval proti alkoholizmu a&nbsp;pre&nbsp;t\u00fdch najchudobnej\u0161\u00edch zakladal \u0161koly a&nbsp;nede\u013en\u00e9 \u0161koly, kde ich u\u010dil aspo\u0148 \u010d\u00edta\u0165, p\u00edsa\u0165 a&nbsp;po\u010d\u00edta\u0165. Pod\u013ea dobov\u00fdch svedectiev mal celkom \u00faspech, preto\u017ee \u010dasto sa&nbsp;mu na&nbsp;vyu\u010dovan\u00ed zi\u0161lo i&nbsp;80 dospel\u00fdch. <\/p>\n<p>Dbal aj o&nbsp;skvalitnenie \u017eivota svojich farn\u00edkov, ke\u010f robil napr\u00edklad ve\u013ek\u00fa osvetu o\u010dkovaniu proti kiah\u0148am.<\/p>\n<p>Zdigitalizovan\u00fa Re\u0161etkovu kni\u017enicu tvor\u00ed 115 dokumentov, 114 tla\u010den\u00fdch a&nbsp;1 rukopis, ktor\u00e9 n\u00e1jdete v&nbsp;Digit\u00e1lnej kni\u017enici. Slovensk\u00e1 n\u00e1rodn\u00e1 kni\u017enica pl\u00e1nuje postupne spr\u00edstup\u0148ova\u0165 aj \u010fal\u0161ie vz\u00e1cne historick\u00e9 kni\u017enice.<\/p>\n<p style=\"text-align: right;\"><small>&mdash;&nbsp;<a href=\"https:\/\/www.snk.sk\/\" target=\"_blank\" rel=\"noopener noreferrer\">Slovensk\u00e1 n\u00e1rodn\u00e1 kni\u017enica<\/a> a&nbsp;<a href=\"http:\/\/dikda.eu\/historicka-kniznica-michala-resetku\/\" target=\"_blank\" rel=\"noopener noreferrer\">Dikda<\/a><\/small><\/p>\n<div class=\"gca-utility clearfix\"><\/div>\n<div class=\"gca-utility vertical-spacer\"><\/div>\n<p><center><span class=\"fullscreen\"><a href=\"\/\/www.martinus.sk\/?z=WLGC7F&#038;utm_source=z%3DWLGC7F&#038;utm_medium=banner1_468x60&#038;utm_campaign=partner\"><img decoding=\"async\" src=\"\/\/www.martinus.sk\/images\/banners\/468x60_red.jpg\" alt=\"www.martinus.sk\" \/><\/a><\/span><\/center><\/p>\n","protected":false},"excerpt":{"rendered":"<p>Slovensk\u00e1 n\u00e1rodn\u00e1 kni\u017enica spr\u00edstupnila Bibliotheku Uhro-Slowensk\u00fa Michala Ressetku. V&nbsp;kni\u017enici, ktor\u00e1 mala v&nbsp;\u010dase rozkvetu vy\u0161e 1&nbsp;600 kn\u00edh a&nbsp;nav\u0161tevovali ju \u010dasto aj \u0161t\u00farovci, n\u00e1jdeme najm\u00e4 slovacik\u00e1. Nach\u00e1dza sa&nbsp;v&nbsp;nej aj prv\u00fd slovensk\u00fd rom\u00e1n Ren\u00e9 ml\u00e1denca pr\u00edhody a&nbsp;sk\u00fasenosti \u010di&nbsp;preklady Dekameronu. <a href=\"https:\/\/literarnenoviny.sk\/servis\/slovenska-narodna-kniznica-spristupnila-bibliotheku-uhro-slowensku-michala-ressetku\/\" class=\"more-link\">Cel\u00e1 spr\u00e1va <span class=\"meta-nav\">&rarr;<\/span><\/a><\/p>\n","protected":false},"author":2,"featured_media":0,"comment_status":"closed","ping_status":"closed","sticky":false,"template":"","format":"standard","meta":{"_links_to":"","_links_to_target":""},"categories":[1],"tags":[5,14,49,4],"_links":{"self":[{"href":"https:\/\/literarnenoviny.sk\/servis\/wp-json\/wp\/v2\/posts\/15344"}],"collection":[{"href":"https:\/\/literarnenoviny.sk\/servis\/wp-json\/wp\/v2\/posts"}],"about":[{"href":"https:\/\/literarnenoviny.sk\/servis\/wp-json\/wp\/v2\/types\/post"}],"author":[{"embeddable":true,"href":"https:\/\/literarnenoviny.sk\/servis\/wp-json\/wp\/v2\/users\/2"}],"replies":[{"embeddable":true,"href":"https:\/\/literarnenoviny.sk\/servis\/wp-json\/wp\/v2\/comments?post=15344"}],"version-history":[{"count":0,"href":"https:\/\/literarnenoviny.sk\/servis\/wp-json\/wp\/v2\/posts\/15344\/revisions"}],"wp:attachment":[{"href":"https:\/\/literarnenoviny.sk\/servis\/wp-json\/wp\/v2\/media?parent=15344"}],"wp:term":[{"taxonomy":"category","embeddable":true,"href":"https:\/\/literarnenoviny.sk\/servis\/wp-json\/wp\/v2\/categories?post=15344"},{"taxonomy":"post_tag","embeddable":true,"href":"https:\/\/literarnenoviny.sk\/servis\/wp-json\/wp\/v2\/tags?post=15344"}],"curies":[{"name":"wp","href":"https:\/\/api.w.org\/{rel}","templated":true}]}}