{"id":15222,"date":"2020-12-22T10:00:58","date_gmt":"2020-12-22T09:00:58","guid":{"rendered":"https:\/\/literarnenoviny.sk\/servis\/?p=15222"},"modified":"2020-12-23T00:11:28","modified_gmt":"2020-12-22T23:11:28","slug":"vo-veku-90-rokov-zomrel-hudobny-skladatel-teoretik-a-publicista-roman-berger","status":"publish","type":"post","link":"https:\/\/literarnenoviny.sk\/servis\/vo-veku-90-rokov-zomrel-hudobny-skladatel-teoretik-a-publicista-roman-berger\/","title":{"rendered":"Vo veku 90 rokov zomrel hudobn\u00fd skladate\u013e, teoretik a&nbsp;publicista Roman Berger"},"content":{"rendered":"<p><strong>Vo veku 90 rokov zomrel hudobn\u00fd skladate\u013e, teoretik a&nbsp;publicista po\u013esk\u00e9ho p\u00f4vodu <a href=\"https:\/\/sk.wikipedia.org\/wiki\/Roman_Berger\" rel=\"noopener noreferrer\" target=\"_blank\">Roman Berger<\/a><\/strong>. Slovensko sa&nbsp;pre&nbsp;neho stalo domovom v&nbsp;roku 1952, ke\u010f nemohol do\u0161tudova\u0165 na&nbsp;Vysokej hudobnej \u0161kole v&nbsp;Katoviciach, a&nbsp;\u010deskoslovensk\u00fd komunistick\u00fd re\u017eim don\u00fatil ich rodinu pres\u0165ahova\u0165 sa&nbsp;z&nbsp;Te\u0161\u00edna do&nbsp;Bratislavy.<\/p>\n<p>Na bratislavskej <a href=\"https:\/\/www.vsmu.sk\/\" rel=\"noopener noreferrer\" target=\"_blank\">Vysokej \u0161kole m\u00fazick\u00fdch umen\u00ed<\/a> potom talentovan\u00fd hudobn\u00edk \u0161t\u00fadium hry na&nbsp;klav\u00edri aj dokon\u010dil.<\/p>\n<p><center><div class=\"gca-utility vertical-spacer\"><\/div><iframe loading=\"lazy\" src=\"https:\/\/www.facebook.com\/plugins\/post.php?href=https%3A%2F%2Fwww.facebook.com%2Fradiodevin.rtvs%2Fposts%2F3893807817309880&#038;width=500&#038;show_text=true&#038;appId=2424319851126972&#038;height=612\" width=\"500\" height=\"612\" style=\"border:none;overflow:hidden\" scrolling=\"no\" frameborder=\"0\" allowfullscreen=\"true\" allow=\"autoplay; clipboard-write; encrypted-media; picture-in-picture; web-share\"><\/iframe><div class=\"gca-utility vertical-spacer\"><\/div><\/center><\/p>\n<p>Narodil sa&nbsp;v&nbsp;roku 1930 v&nbsp;<a href=\"https:\/\/pl.wikipedia.org\/wiki\/Cieszyn\" rel=\"noopener noreferrer\" target=\"_blank\">Cieszyne<\/a> v&nbsp;rodine u\u010dite\u013eky a&nbsp;evanjelick\u00e9ho k\u0148aza. Jeho otec a&nbsp;cel\u00e1 rodina tvrdo poc\u00edtila nacistick\u00fa aj komunistickou perzek\u00faciu. Po&nbsp;vojne maturoval na&nbsp;Po\u013eskom gymn\u00e1ziu v&nbsp;<a href=\"https:\/\/sk.wikipedia.org\/wiki\/\u010cesk\u00fd_T\u011b\u0161\u00edn\" rel=\"noopener noreferrer\" target=\"_blank\">\u010ceskom Te\u0161\u00edne<\/a> a&nbsp;potom za\u010dal \u0161tudova\u0165 klav\u00edr v&nbsp;po\u013esk\u00fdch Katoviciach.<\/p>\n<p>Na Vysokej \u0161kole m\u00fazick\u00fdch umen\u00ed potom Roman Berger absolvoval u&nbsp;Dezidera Kardo\u0161a aj \u0161t\u00fadium kompoz\u00edcie. Jeho absolventsk\u00e1 skladba <em><strong>Transform\u00e1cie<\/strong><\/em> reprezentovala vtedaj\u0161iu avantgardu.<\/p>\n<p>Vyu\u010doval na&nbsp;konzervat\u00f3riu,  ako skladate\u013e p\u00f4sobil v&nbsp;\u0160t\u00fadiu spravodajsk\u00fdch a&nbsp;dokument\u00e1rnych filmov, pracoval vo&nbsp;vtedaj\u0161ej \u010ceskoslovenskej telev\u00edzii a&nbsp;v&nbsp;experiment\u00e1lnom \u0161t\u00fadiu rozhlasu. <\/p>\n<p>V obdob\u00ed 1967\u20131969 bol Berger tajomn\u00edkom skladate\u013eskej sekcie Zv\u00e4zu slovensk\u00fdch skladate\u013eov a&nbsp;extern\u00fdm pedag\u00f3gom na&nbsp;Katedre te\u00f3rie Hudobnej fakulty. Po\u010das normaliz\u00e1cie sa&nbsp;hudbe nemohol profesion\u00e1lne venova\u0165. V&nbsp;rokoch 1972\u20131977 mal zak\u00e1zan\u00fa umeleck\u00fa \u010dinnos\u0165 a&nbsp;len zriedkavo tvoril hudbu pre&nbsp;dokument\u00e1rne filmy.<\/p>\n<p>Nesk\u00f4r spolupracoval so&nbsp;Slovenskou akad\u00e9miou vied a&nbsp;externe vyu\u010doval elektroakustick\u00fa kompoz\u00edciu. Od&nbsp;roku 1984 organizoval spolo\u010dne s&nbsp;matematikom Belom Rie\u010danom semin\u00e1re Hudba a&nbsp;matematika.<\/p>\n<p>Po p\u00e1de totalitn\u00e9ho re\u017eimu bol pri o\u017eiven\u00ed \u010deskoslovenskej sekcie <a href=\"https:\/\/iscm.org\/\">Medzin\u00e1rodnej spolo\u010dnosti pre&nbsp;s\u00fa\u010dasn\u00fa hudbu<\/a> a&nbsp;podie\u013eal sa&nbsp;aj na&nbsp;organiz\u00e1cii festivalu s\u00fa\u010dasnej hudby <a href=\"https:\/\/hc.sk\/melos-etos\" rel=\"noopener noreferrer\" target=\"_blank\">Melos-\u00c9tos<\/a>. V&nbsp;prest\u00ed\u017enych umenovedn\u00fdch zborn\u00edkoch a&nbsp;periodik\u00e1ch publikoval \u010dl\u00e1nky, \u0161t\u00fadie, eseje a&nbsp;\u00favahy.<\/p>\n<p><a href=\"https:\/\/www.univie.ac.at\/\" rel=\"noopener noreferrer\" target=\"_blank\">Viedensk\u00e1 univerzita<\/a> udelila Romanovi Bergerovi <a href=\"https:\/\/de.wikipedia.org\/wiki\/Herder-Preis\" rel=\"noopener noreferrer\" target=\"_blank\">Cenu Gottfrieda von Herdera<\/a>. Je&nbsp;dr\u017eite\u013eom Ceny Zv\u00e4zu po\u013esk\u00fdch skladate\u013eov a&nbsp;slovensk\u00fd <a href=\"https:\/\/www.hf.sk\/\" rel=\"noopener noreferrer\" target=\"_blank\">Hudobn\u00fd fond<\/a> mu prepo\u017ei\u010dal Cenu J\u00e1na Levoslava Bellu. Viacer\u00e9 slovensk\u00e9 ocenenia v\u0161ak pre&nbsp;svoj nes\u00fahlas s&nbsp;kult\u00farnou politikou odmietol.<\/p>\n<p style=\"text-align: right;\"><small>&mdash;&nbsp;<a href=\"https:\/\/devin.rtvs.sk\/clanky\/kulturny-dennik\/243400\/opustil-nas-roman-berger-vypocujte-si-jeho-posledny-rozhovor-pre-radio-devin\" target=\"_blank\" rel=\"noopener noreferrer\">R\u00e1dio Dev\u00edn<\/a><\/small><\/p>\n<div class=\"gca-utility clearfix\"><\/div>\n<div class=\"gca-utility vertical-spacer\"><\/div>\n<p><center><span class=\"fullscreen\"><a href=\"\/\/www.martinus.sk\/?z=WLGC7F&#038;utm_source=z%3DWLGC7F&#038;utm_medium=banner1_468x60&#038;utm_campaign=partner\"><img decoding=\"async\" src=\"\/\/www.martinus.sk\/images\/banners\/468x60.jpg\" alt=\"www.martinus.sk\" \/><\/a><\/span><\/center><\/p>\n","protected":false},"excerpt":{"rendered":"<p>Vo veku 90 rokov zomrel hudobn\u00fd skladate\u013e, teoretik a&nbsp;publicista po\u013esk\u00e9ho p\u00f4vodu Roman Berger. Slovensko sa&nbsp;pre&nbsp;neho stalo domovom v&nbsp;roku 1952, ke\u010f nemohol do\u0161tudova\u0165 na&nbsp;Vysokej hudobnej \u0161kole v&nbsp;Katoviciach, a&nbsp;\u010deskoslovensk\u00fd komunistick\u00fd re\u017eim don\u00fatil ich rodinu pres\u0165ahova\u0165 sa&nbsp;z&nbsp;Te\u0161\u00edna do&nbsp;Bratislavy. <a href=\"https:\/\/literarnenoviny.sk\/servis\/vo-veku-90-rokov-zomrel-hudobny-skladatel-teoretik-a-publicista-roman-berger\/\" class=\"more-link\">Cel\u00e1 spr\u00e1va <span class=\"meta-nav\">&rarr;<\/span><\/a><\/p>\n","protected":false},"author":2,"featured_media":0,"comment_status":"closed","ping_status":"closed","sticky":false,"template":"","format":"standard","meta":{"_links_to":"","_links_to_target":""},"categories":[1],"tags":[60,3,21,136],"_links":{"self":[{"href":"https:\/\/literarnenoviny.sk\/servis\/wp-json\/wp\/v2\/posts\/15222"}],"collection":[{"href":"https:\/\/literarnenoviny.sk\/servis\/wp-json\/wp\/v2\/posts"}],"about":[{"href":"https:\/\/literarnenoviny.sk\/servis\/wp-json\/wp\/v2\/types\/post"}],"author":[{"embeddable":true,"href":"https:\/\/literarnenoviny.sk\/servis\/wp-json\/wp\/v2\/users\/2"}],"replies":[{"embeddable":true,"href":"https:\/\/literarnenoviny.sk\/servis\/wp-json\/wp\/v2\/comments?post=15222"}],"version-history":[{"count":0,"href":"https:\/\/literarnenoviny.sk\/servis\/wp-json\/wp\/v2\/posts\/15222\/revisions"}],"wp:attachment":[{"href":"https:\/\/literarnenoviny.sk\/servis\/wp-json\/wp\/v2\/media?parent=15222"}],"wp:term":[{"taxonomy":"category","embeddable":true,"href":"https:\/\/literarnenoviny.sk\/servis\/wp-json\/wp\/v2\/categories?post=15222"},{"taxonomy":"post_tag","embeddable":true,"href":"https:\/\/literarnenoviny.sk\/servis\/wp-json\/wp\/v2\/tags?post=15222"}],"curies":[{"name":"wp","href":"https:\/\/api.w.org\/{rel}","templated":true}]}}