{"id":1495,"date":"2017-11-30T18:25:49","date_gmt":"2017-11-30T17:25:49","guid":{"rendered":"https:\/\/literarnenoviny.sk\/servis\/?p=1495"},"modified":"2017-11-30T23:09:32","modified_gmt":"2017-11-30T22:09:32","slug":"peter-mertus-konci-vo-vedeni-vydavatelstva-news-and-media-holding","status":"publish","type":"post","link":"https:\/\/literarnenoviny.sk\/servis\/peter-mertus-konci-vo-vedeni-vydavatelstva-news-and-media-holding\/","title":{"rendered":"Peter Mertus kon\u010d\u00ed vo&nbsp;veden\u00ed vydavate\u013estva News and Media Holding"},"content":{"rendered":"<p><strong>Vo veden\u00ed vydavate\u013estva Penty kon\u010d\u00ed Peter Mertus. Na&nbsp;\u010dele <a href=\"https:\/\/www.newsandmedia.sk\/\" rel=\"noopener\" target=\"_blank\">News and Media Holding<\/a> bol tri roky<\/strong>, predt\u00fdm p\u00f4sobil 14 rokov ako gener\u00e1lny riadite\u013e <a href=\"http:\/\/www.ringieraxelspringer.sk\/\" rel=\"noopener\" target=\"_blank\">Ringier Axel Springer<\/a>. <\/p>\n<p style=\"text-align: right;\"><small><a href=\"https:\/\/www.omediach.com\/tlac\/item\/12130-penta-meni-generalneho-riaditela-svojho-vydavatelstva\" rel=\"noopener\" target=\"_blank\">O m\u00e9di\u00e1ch<\/a><\/small><\/p>\n","protected":false},"excerpt":{"rendered":"<p>Vo veden\u00ed vydavate\u013estva Penty kon\u010d\u00ed Peter Mertus. Na&nbsp;\u010dele News and Media Holding bol tri roky, predt\u00fdm p\u00f4sobil 14 rokov ako gener\u00e1lny riadite\u013e Ringier Axel Springer.  <a href=\"https:\/\/literarnenoviny.sk\/servis\/peter-mertus-konci-vo-vedeni-vydavatelstva-news-and-media-holding\/\" class=\"more-link\">Cel\u00e1 spr\u00e1va <span class=\"meta-nav\">&rarr;<\/span><\/a><\/p>\n","protected":false},"author":2,"featured_media":0,"comment_status":"closed","ping_status":"closed","sticky":false,"template":"","format":"standard","meta":{"_links_to":"","_links_to_target":""},"categories":[1],"tags":[3,33,27],"_links":{"self":[{"href":"https:\/\/literarnenoviny.sk\/servis\/wp-json\/wp\/v2\/posts\/1495"}],"collection":[{"href":"https:\/\/literarnenoviny.sk\/servis\/wp-json\/wp\/v2\/posts"}],"about":[{"href":"https:\/\/literarnenoviny.sk\/servis\/wp-json\/wp\/v2\/types\/post"}],"author":[{"embeddable":true,"href":"https:\/\/literarnenoviny.sk\/servis\/wp-json\/wp\/v2\/users\/2"}],"replies":[{"embeddable":true,"href":"https:\/\/literarnenoviny.sk\/servis\/wp-json\/wp\/v2\/comments?post=1495"}],"version-history":[{"count":0,"href":"https:\/\/literarnenoviny.sk\/servis\/wp-json\/wp\/v2\/posts\/1495\/revisions"}],"wp:attachment":[{"href":"https:\/\/literarnenoviny.sk\/servis\/wp-json\/wp\/v2\/media?parent=1495"}],"wp:term":[{"taxonomy":"category","embeddable":true,"href":"https:\/\/literarnenoviny.sk\/servis\/wp-json\/wp\/v2\/categories?post=1495"},{"taxonomy":"post_tag","embeddable":true,"href":"https:\/\/literarnenoviny.sk\/servis\/wp-json\/wp\/v2\/tags?post=1495"}],"curies":[{"name":"wp","href":"https:\/\/api.w.org\/{rel}","templated":true}]}}