{"id":14946,"date":"2020-11-27T11:46:00","date_gmt":"2020-11-27T10:46:00","guid":{"rendered":"https:\/\/literarnenoviny.sk\/servis\/?p=14946"},"modified":"2020-11-28T00:08:57","modified_gmt":"2020-11-27T23:08:57","slug":"areal-a-budovu-byvaleho-prveho-slovenskeho-literarneho-gymnazia-caka-revitalizacia","status":"publish","type":"post","link":"https:\/\/literarnenoviny.sk\/servis\/areal-a-budovu-byvaleho-prveho-slovenskeho-literarneho-gymnazia-caka-revitalizacia\/","title":{"rendered":"Are\u00e1l a&nbsp;budovu b\u00fdval\u00e9ho Prv\u00e9ho slovensk\u00e9ho liter\u00e1rneho gymn\u00e1zia \u010dak\u00e1 revitaliz\u00e1cia"},"content":{"rendered":"<p><strong>Are\u00e1l a&nbsp;historick\u00fa budovu b\u00fdval\u00e9ho <a href=\"https:\/\/literarnenoviny.sk\/servis\/prve-slovenske-literarne-gymnazium-v-revucej-po-23-rokoch-svojej-existencie-konci\/\" rel=\"noopener noreferrer\" target=\"_blank\">Prv\u00e9ho slovensk\u00e9ho liter\u00e1rneho gymn\u00e1zia v&nbsp;Rev\u00facej<\/a> \u010dak\u00e1 revitaliz\u00e1cia, zmen\u00ed sa&nbsp;na&nbsp;interakt\u00edvnu expoz\u00edciu s&nbsp;n\u00e1zvom <a href=\"https:\/\/photos.google.com\/share\/AF1QipPKurcjwqE8YdoP8wYVX-Ipw82r8kEV-gAjPwbcokiPN9sAuak3Qb0KDOoO24iSug?key=NWY0b3dsMXdGdlZPVC1Rb2VPNEhMR0VDWUQwOXl3\" rel=\"noopener noreferrer\" target=\"_blank\">Litterra<\/a><\/strong>, ktor\u00e1 prepoj\u00ed svet liter\u00e1tov so&nbsp;s\u00fa\u010dasn\u00fdmi \u010ditate\u013emi. Imformovala o&nbsp;tom Lenka \u0160tep\u00e1nekov\u00e1 z&nbsp;oddelenia komunik\u00e1cie <a href=\"https:\/\/www.bbsk.sk\" rel=\"noopener noreferrer\" target=\"_blank\">Banskobystrickej \u017eupy<\/a>.<\/p>\n<p>Interakt\u00edvna expoz\u00edcia pod\u013ea n\u00e1vrhu \u0161t\u00fadia <a href=\"https:\/\/photos.google.com\/share\/AF1QipPKurcjwqE8YdoP8wYVX-Ipw82r8kEV-gAjPwbcokiPN9sAuak3Qb0KDOoO24iSug?key=NWY0b3dsMXdGdlZPVC1Rb2VPNEhMR0VDWUQwOXl3\" rel=\"noopener noreferrer\" target=\"_blank\">Young.s architekti<\/a> pon\u00faka priestorov\u00fd scen\u00e1r, ktor\u00fd je&nbsp;n\u00e1u\u010dn\u00fd aj z\u00e1bavn\u00fd.<\/p>\n<p><center><div class=\"gca-utility vertical-spacer\"><\/div><iframe loading=\"lazy\" width=\"560\" height=\"315\" src=\"https:\/\/www.youtube.com\/embed\/x-vCny2SXbA?start=0\" frameborder=\"0\" allow=\"accelerometer; autoplay; clipboard-write; encrypted-media; gyroscope; picture-in-picture\" allowfullscreen><\/iframe><div class=\"gca-utility vertical-spacer\"><\/div><\/center><\/p>\n<p>\u017dupa tak z\u00edska interakt\u00edvne m\u00fazeum a&nbsp;priestor na&nbsp;prezent\u00e1cia slova, vzdel\u00e1vanie \u0161irokej verejnosti v&nbsp;oblasti literat\u00fary, divadeln\u00edctva, kozmonautiky a&nbsp;mineral\u00f3gie a&nbsp;na&nbsp;vytv\u00e1ranie z\u00e1zemia pre&nbsp;\u013eud\u00ed z&nbsp;kreat\u00edvneho priemyslu.<\/p>\n<p><em>\u201eSom ve\u013emi r\u00e1d, \u017ee&nbsp;sa&nbsp;n\u00e1m tento projekt podarilo rozbehn\u00fa\u0165 a&nbsp;prostredn\u00edctvom architektonicko-dizajn\u00e9rskej s\u00fa\u0165a\u017ee mu da\u0165 nesmierne atrakt\u00edvnu podobu. Litterra m\u00e1 potenci\u00e1l by\u0165 l\u00e1kadlom pre&nbsp;turistov z&nbsp;cel\u00e9ho Slovenska, ktor\u00ed tak m\u00f4\u017eu objavova\u0165 aj \u010fal\u0161ie kr\u00e1sy Gemera,\u201c<\/em> povedal podpredseda banskobystrick\u00e9ho kraja Ondrej Lunter.<\/p>\n<p>Vyu\u017eit\u00fd m\u00e1 by\u0165 aj hlavn\u00fd dvor so&nbsp;spevnenou a&nbsp;nespevnenou \u010das\u0165ou, ktor\u00fd bude ur\u010den\u00fd napr\u00edklad na&nbsp;exteri\u00e9rov\u00e9 v\u00fdstavy a&nbsp;\u010d\u00edta\u010dky, divadeln\u00e9 predstavenia, kino, cvi\u010denie jogy \u010di&nbsp;v&nbsp;zimnom obdob\u00ed osadenie klziska s&nbsp;viano\u010dn\u00fdm strom\u010dekom.<\/p>\n<p><em>\u201eToto je&nbsp;pr\u00edklad toho, ako sa&nbsp;m\u00e1 robi\u0165 region\u00e1lna politika. Z&nbsp;p\u00f4vodnej idey m\u00fazea rozpr\u00e1vok, ktor\u00e1 s\u00favisela s&nbsp;Pavlom Dob\u0161insk\u00fdm, sme sa&nbsp;spolo\u010dn\u00fdmi stretnutiami a&nbsp;debatami dostali a\u017e k&nbsp;tak\u00e9muto projektu eur\u00f3pskeho v\u00fdznamu, ktor\u00fd do&nbsp;n\u00e1\u0161ho regi\u00f3nu prinesie rozvoj cestovn\u00e9ho ruchu,\u201c<\/em> uviedol rev\u00facky prim\u00e1tor J\u00falius Buchta.<\/p>\n<p>Celkov\u00e9 n\u00e1klady na&nbsp;revitaliz\u00e1ciu s\u00fa predbe\u017ene vy\u010d\u00edslen\u00e9 na&nbsp;2,3 mili\u00f3na eur a&nbsp;obnoven\u00fd are\u00e1l by chcela \u017eupa verejnosti spr\u00edstupni\u0165 u\u017e&nbsp;v&nbsp;roku 2022.<\/p>\n<p style=\"text-align: right;\"><small>&mdash;&nbsp;<a href=\"https:\/\/www.bbsk.sk\" target=\"_blank\" rel=\"noopener noreferrer\">BBSK<\/a> a&nbsp;<a href=\"https:\/\/www.facebook.com\/young.sarchitekti\/\" target=\"_blank\" rel=\"noopener noreferrer\">Young.s architekti<\/a><\/small><\/p>\n<div class=\"gca-utility clearfix\"><\/div>\n<div class=\"gca-utility vertical-spacer\"><\/div>\n<p><center><span class=\"fullscreen\"><a href=\"\/\/www.martinus.sk\/?z=WLGC7F&#038;utm_source=z%3DWLGC7F&#038;utm_medium=banner1_468x60&#038;utm_campaign=partner\"><img decoding=\"async\" src=\"\/\/www.martinus.sk\/images\/banners\/468x60_red.jpg\" alt=\"www.martinus.sk\" \/><\/a><\/span><\/center><\/p>\n","protected":false},"excerpt":{"rendered":"<p>Are\u00e1l a&nbsp;historick\u00fa budovu b\u00fdval\u00e9ho Prv\u00e9ho slovensk\u00e9ho liter\u00e1rneho gymn\u00e1zia v&nbsp;Rev\u00facej \u010dak\u00e1 revitaliz\u00e1cia, zmen\u00ed sa&nbsp;na&nbsp;interakt\u00edvnu expoz\u00edciu s&nbsp;n\u00e1zvom Litterra, ktor\u00e1 prepoj\u00ed svet liter\u00e1tov so&nbsp;s\u00fa\u010dasn\u00fdmi \u010ditate\u013emi. Imformovala o&nbsp;tom Lenka \u0160tep\u00e1nekov\u00e1 z&nbsp;oddelenia komunik\u00e1cie Banskobystrickej \u017eupy. <a href=\"https:\/\/literarnenoviny.sk\/servis\/areal-a-budovu-byvaleho-prveho-slovenskeho-literarneho-gymnazia-caka-revitalizacia\/\" class=\"more-link\">Cel\u00e1 spr\u00e1va <span class=\"meta-nav\">&rarr;<\/span><\/a><\/p>\n","protected":false},"author":2,"featured_media":0,"comment_status":"closed","ping_status":"closed","sticky":false,"template":"","format":"standard","meta":{"_links_to":"","_links_to_target":""},"categories":[1],"tags":[5,49,4],"_links":{"self":[{"href":"https:\/\/literarnenoviny.sk\/servis\/wp-json\/wp\/v2\/posts\/14946"}],"collection":[{"href":"https:\/\/literarnenoviny.sk\/servis\/wp-json\/wp\/v2\/posts"}],"about":[{"href":"https:\/\/literarnenoviny.sk\/servis\/wp-json\/wp\/v2\/types\/post"}],"author":[{"embeddable":true,"href":"https:\/\/literarnenoviny.sk\/servis\/wp-json\/wp\/v2\/users\/2"}],"replies":[{"embeddable":true,"href":"https:\/\/literarnenoviny.sk\/servis\/wp-json\/wp\/v2\/comments?post=14946"}],"version-history":[{"count":0,"href":"https:\/\/literarnenoviny.sk\/servis\/wp-json\/wp\/v2\/posts\/14946\/revisions"}],"wp:attachment":[{"href":"https:\/\/literarnenoviny.sk\/servis\/wp-json\/wp\/v2\/media?parent=14946"}],"wp:term":[{"taxonomy":"category","embeddable":true,"href":"https:\/\/literarnenoviny.sk\/servis\/wp-json\/wp\/v2\/categories?post=14946"},{"taxonomy":"post_tag","embeddable":true,"href":"https:\/\/literarnenoviny.sk\/servis\/wp-json\/wp\/v2\/tags?post=14946"}],"curies":[{"name":"wp","href":"https:\/\/api.w.org\/{rel}","templated":true}]}}