{"id":14924,"date":"2020-11-26T16:39:19","date_gmt":"2020-11-26T15:39:19","guid":{"rendered":"https:\/\/literarnenoviny.sk\/servis\/?p=14924"},"modified":"2020-11-28T00:10:34","modified_gmt":"2020-11-27T23:10:34","slug":"zacina-sa-tohtorocny-trnavsky-festival-spisovatelov-ypsalon-tentokrat-bude-online","status":"publish","type":"post","link":"https:\/\/literarnenoviny.sk\/servis\/zacina-sa-tohtorocny-trnavsky-festival-spisovatelov-ypsalon-tentokrat-bude-online\/","title":{"rendered":"Za\u010d\u00edna sa&nbsp;tohtoro\u010dn\u00fd trnavsk\u00fd festival spisovate\u013eov Ypsalon, tentokr\u00e1t bude online"},"content":{"rendered":"<p><strong>\u0160iesty ro\u010dn\u00edk trnavsk\u00e9ho festivalu spisovate\u013eov <a href=\"https:\/\/www.malyberlin.sk\/eventy\/ypsalon-2020-festival-spisovatelov\/\" rel=\"noopener noreferrer\" target=\"_blank\">Ypsalon<\/a> sa&nbsp;tento rok <a href=\"https:\/\/literarnenoviny.sk\/servis\/podujatia\/festival-spisovatelov-ypsalon-2020\/\" rel=\"noopener noreferrer\" target=\"_blank\">uskuto\u010dn\u00ed online<\/a><\/strong>. Festival svojim n\u00e1v\u0161tevn\u00edkom s\u00edce nepon\u00fakne mo\u017enos\u0165 necha\u0165 si podp\u00edsa\u0165 knihy osobne, ale bude dostupn\u00fd v\u0161etk\u00fdm z&nbsp;pohodlia domova od&nbsp;\u0161tvrtka 26.&nbsp;do&nbsp;nedele 29.&nbsp;novembra. <\/p>\n<p>Hlavn\u00fd program festivalu rozpl\u00e1novali organiz\u00e1tori do&nbsp;\u0161tyroch dn\u00ed a&nbsp;pred\u013a\u017een\u00fd v\u00edkend sa&nbsp;tak ponesie v&nbsp;znamen\u00ed toho najlep\u0161ieho a&nbsp;najzauj\u00edmavej\u0161ieho, \u010do&nbsp;literat\u00fara v&nbsp;poslednom roku priniesla.<\/p>\n<p><center><div class=\"gca-utility vertical-spacer\"><\/div><iframe loading=\"lazy\" src=\"https:\/\/www.facebook.com\/plugins\/post.php?href=https%3A%2F%2Fwww.facebook.com%2FMalyBerlin%2Fphotos%2Fa.342109729226022%2F2867904639979839%2F&#038;show_text=true&#038;width=510&#038;appId=2424319851126972&#038;height=550\" width=\"510\" height=\"550\" style=\"border:none;overflow:hidden\" scrolling=\"no\" frameborder=\"0\" allowfullscreen=\"true\" allow=\"autoplay; clipboard-write; encrypted-media; picture-in-picture; web-share\"><\/iframe><div class=\"gca-utility vertical-spacer\"><\/div><\/center><\/p>\n<p>Tradi\u010dn\u00e9 liter\u00e1rne podujatie otvor\u00ed beseda s&nbsp;jedn\u00fdm z&nbsp;naj\u010d\u00edtanej\u0161\u00edch dom\u00e1cich spisovate\u013eov, <a href=\"https:\/\/www.facebook.com\/events\/839209486913532\" rel=\"noopener noreferrer\" target=\"_blank\">Jurajom \u010cerven\u00e1kom<\/a>, ktor\u00fd sa&nbsp;k&nbsp;div\u00e1kom prihovor\u00ed z&nbsp;jeho domovskej Banskej \u0160tiavnice. <\/p>\n<p>Hos\u0165om Ypsalonu 2020 bude aj \u010desk\u00fd spisovate\u013e <a href=\"https:\/\/cs.wikipedia.org\/wiki\/Jan_Nov\u00e1k_(spisovatel)\" rel=\"noopener noreferrer\" target=\"_blank\">Jan Nov\u00e1k<\/a>. Jeho \u017eivotopisn\u00fd titul <em><strong><a href=\"https:\/\/literarnenoviny.sk\/servis\/ceske-vydavatelstva-argo-a-paseka-spolocne-vydaju-novu-knihu-o-milanovi-kunderovi\/\" rel=\"noopener noreferrer\" target=\"_blank\">Kundera: \u010cesk\u00fd \u017eivot a&nbsp;doba<\/a><\/strong> (2020)<\/em> vyvolal za&nbsp;riekou Moravou nemal\u00fd rozruch a&nbsp;kontroverzie. Kv\u00f4li <a href=\"https:\/\/cs.wikipedia.org\/wiki\/\/Skupina_brat\u0159\u00ed_Ma\u0161\u00edn\u016f\" rel=\"noopener noreferrer\" target=\"_blank\">bratom Ma\u0161\u00ednovcom<\/a>, o&nbsp;ktor\u00fdch tie\u017e p\u00edsal, by sa&nbsp;na&nbsp;pod\u013ea vlastn\u00fdch slov dok\u00e1zal aj pobi\u0165. <\/p>\n<p>Besedy s&nbsp;tohtoro\u010dn\u00fdmi <a href=\"https:\/\/literarnenoviny.sk\/servis\/finalovu-patku-ceny-anasoft-litera-ovladli-zeny-postupili-do-nej-styri-autorky\/\" rel=\"noopener noreferrer\" target=\"_blank\">finalistami Anasoft litera<\/a> dopln\u00ed <a href=\"https:\/\/www.facebook.com\/events\/492031195036269\" rel=\"noopener noreferrer\" target=\"_blank\">diskusia o&nbsp;dystopii v&nbsp;dom\u00e1cej literat\u00fare<\/a>. T\u00fa vystrieda sc\u00e9nick\u00e9 \u010d\u00edtanie v&nbsp;podan\u00ed here\u010dky divadeln\u00e9ho zoskupenia <a href=\"http:\/\/www.demoscena.sk\/\" rel=\"noopener noreferrer\" target=\"_blank\">DEMOsc\u00e9na &#8211; Marcely Stankovej<\/a>. <\/p>\n<p>Pozvanie moder\u00e1tora Daniela Domor\u00e1ka prijali liter\u00e1rny vedec Pavel Matejovi\u010d, liter\u00e1rny historik Viliam N\u00e1daskay, estetik a&nbsp;odborn\u00edk na&nbsp;popkult\u00faru Juraj B\u00fary. Na&nbsp;6.&nbsp;ro\u010dn\u00edk trnavsk\u00e9ho liter\u00e1rneho festivalu zav\u00edtaj\u00fa aj <a href=\"https:\/\/literarnenoviny.sk\/clanky\/septuchy-si-zasluzia-tajomstvo\/\" rel=\"noopener noreferrer\" target=\"_blank\">Alena Sabuchov\u00e1<\/a>, Zuzana Moj\u017ei\u0161ov\u00e1, Katar\u00edna Kucbelov\u00e1, M\u00e1ria Modrovich, M\u00e1rius Kopcsay \u010di&nbsp;Balla. <\/p>\n<p>T\u00fdm najmen\u0161\u00edm mo\u017eno ulahod\u00ed rod\u00e1\u010dka z&nbsp;Trnavy, Simona \u010cechov\u00e1, autorka poriadne farebnej kni\u017eky Franti\u0161ek z&nbsp;kompostu. <\/p>\n<p>Organiz\u00e1tori  okrem sledovania z&nbsp;pohodlia domova tento rok s\u013eubuj\u00fa aj \u010fal\u0161iu novinku, n\u00e1v\u0161tevn\u00edci si tentokr\u00e1t nemusia kupova\u0165 vstupenky. U\u0161etren\u00e9 peniaze tak m\u00f4\u017eu vyu\u017ei\u0165 napr\u00edklad na&nbsp;n\u00e1kup dobrej kni\u017eky. <\/p>\n<p><small><em>Liter\u00e1rne noviny s\u00fa medi\u00e1lnym partnerom podujatia Ypsalon 2020 &#8211; Festival spisovate\u013eov<\/em><\/small><\/p>\n<p style=\"text-align: right;\"><small>&mdash;&nbsp;<a href=\"https:\/\/www.malyberlin.sk\/eventy\/ypsalon-2020-festival-spisovatelov\/\" target=\"_blank\" rel=\"noopener noreferrer\">Mal\u00fd Berl\u00edn<\/a><\/small><\/p>\n<div class=\"gca-utility clearfix\"><\/div>\n<div class=\"gca-utility vertical-spacer\"><\/div>\n<p><center><span class=\"fullscreen\"><div class=\"gca-utility clearfix\"><\/div>\n<a href=\"https:\/\/www.malyberlin.sk\/eventy\/ypsalon-2020-festival-spisovatelov\/\" target=\"_blank\" rel=\"noopener noreferrer\"><img decoding=\"async\" src=\"https:\/\/servis.literarnenoviny.sk\/advert\/maly-berlin\/ypsalon-2020_468x60.png\" alt=\"Ypsalon 2020\" \/><\/a><\/span><\/center><\/p>\n","protected":false},"excerpt":{"rendered":"<p>\u0160iesty ro\u010dn\u00edk trnavsk\u00e9ho festivalu spisovate\u013eov Ypsalon sa&nbsp;tento rok uskuto\u010dn\u00ed online. Festival svojim n\u00e1v\u0161tevn\u00edkom s\u00edce  nepon\u00fakne mo\u017enos\u0165 necha\u0165 si podp\u00edsa\u0165 knihy osobne, ale bude dostupn\u00fd v\u0161etk\u00fdm z&nbsp;pohodlia domova od&nbsp;\u0161tvrtka 26.&nbsp;do&nbsp;nedele 29.&nbsp;novembra. <a href=\"https:\/\/literarnenoviny.sk\/servis\/zacina-sa-tohtorocny-trnavsky-festival-spisovatelov-ypsalon-tentokrat-bude-online\/\" class=\"more-link\">Cel\u00e1 spr\u00e1va <span class=\"meta-nav\">&rarr;<\/span><\/a><\/p>\n","protected":false},"author":2,"featured_media":0,"comment_status":"closed","ping_status":"closed","sticky":false,"template":"","format":"standard","meta":{"_links_to":"","_links_to_target":""},"categories":[1],"tags":[15,3,43,171],"_links":{"self":[{"href":"https:\/\/literarnenoviny.sk\/servis\/wp-json\/wp\/v2\/posts\/14924"}],"collection":[{"href":"https:\/\/literarnenoviny.sk\/servis\/wp-json\/wp\/v2\/posts"}],"about":[{"href":"https:\/\/literarnenoviny.sk\/servis\/wp-json\/wp\/v2\/types\/post"}],"author":[{"embeddable":true,"href":"https:\/\/literarnenoviny.sk\/servis\/wp-json\/wp\/v2\/users\/2"}],"replies":[{"embeddable":true,"href":"https:\/\/literarnenoviny.sk\/servis\/wp-json\/wp\/v2\/comments?post=14924"}],"version-history":[{"count":0,"href":"https:\/\/literarnenoviny.sk\/servis\/wp-json\/wp\/v2\/posts\/14924\/revisions"}],"wp:attachment":[{"href":"https:\/\/literarnenoviny.sk\/servis\/wp-json\/wp\/v2\/media?parent=14924"}],"wp:term":[{"taxonomy":"category","embeddable":true,"href":"https:\/\/literarnenoviny.sk\/servis\/wp-json\/wp\/v2\/categories?post=14924"},{"taxonomy":"post_tag","embeddable":true,"href":"https:\/\/literarnenoviny.sk\/servis\/wp-json\/wp\/v2\/tags?post=14924"}],"curies":[{"name":"wp","href":"https:\/\/api.w.org\/{rel}","templated":true}]}}