{"id":1478,"date":"2017-11-24T13:27:00","date_gmt":"2017-11-24T12:27:00","guid":{"rendered":"https:\/\/literarnenoviny.sk\/servis\/?p=1478"},"modified":"2017-11-25T19:23:19","modified_gmt":"2017-11-25T18:23:19","slug":"syn-zosnuleho-zakladatela-dennika-sme-sa-stal-jeho-novym-spolumajitelom","status":"publish","type":"post","link":"https:\/\/literarnenoviny.sk\/servis\/syn-zosnuleho-zakladatela-dennika-sme-sa-stal-jeho-novym-spolumajitelom\/","title":{"rendered":"Syn zosnul\u00e9ho zakladate\u013ea denn\u00edka SME sa&nbsp;stal jeho nov\u00fdm spolumajite\u013eom"},"content":{"rendered":"<p>Nov\u00fdm spolumajite\u013eom denn\u00edka SME sa&nbsp;stal syn jeho zakladate\u013ea Martin Vajda<\/p>\n","protected":false},"excerpt":{"rendered":"<p>Nov\u00fdm spolumajite\u013eom denn\u00edka SME sa&nbsp;stal syn jeho zakladate\u013ea Martin Vajda<\/p>\n","protected":false},"author":2,"featured_media":0,"comment_status":"closed","ping_status":"closed","sticky":false,"template":"","format":"standard","meta":{"_links_to":"","_links_to_target":""},"categories":[1],"tags":[],"_links":{"self":[{"href":"https:\/\/literarnenoviny.sk\/servis\/wp-json\/wp\/v2\/posts\/1478"}],"collection":[{"href":"https:\/\/literarnenoviny.sk\/servis\/wp-json\/wp\/v2\/posts"}],"about":[{"href":"https:\/\/literarnenoviny.sk\/servis\/wp-json\/wp\/v2\/types\/post"}],"author":[{"embeddable":true,"href":"https:\/\/literarnenoviny.sk\/servis\/wp-json\/wp\/v2\/users\/2"}],"replies":[{"embeddable":true,"href":"https:\/\/literarnenoviny.sk\/servis\/wp-json\/wp\/v2\/comments?post=1478"}],"version-history":[{"count":0,"href":"https:\/\/literarnenoviny.sk\/servis\/wp-json\/wp\/v2\/posts\/1478\/revisions"}],"wp:attachment":[{"href":"https:\/\/literarnenoviny.sk\/servis\/wp-json\/wp\/v2\/media?parent=1478"}],"wp:term":[{"taxonomy":"category","embeddable":true,"href":"https:\/\/literarnenoviny.sk\/servis\/wp-json\/wp\/v2\/categories?post=1478"},{"taxonomy":"post_tag","embeddable":true,"href":"https:\/\/literarnenoviny.sk\/servis\/wp-json\/wp\/v2\/tags?post=1478"}],"curies":[{"name":"wp","href":"https:\/\/api.w.org\/{rel}","templated":true}]}}