{"id":14676,"date":"2020-11-02T11:20:53","date_gmt":"2020-11-02T10:20:53","guid":{"rendered":"https:\/\/literarnenoviny.sk\/servis\/?p=14676"},"modified":"2020-11-04T19:35:59","modified_gmt":"2020-11-04T18:35:59","slug":"vo-veku-76-rokov-zomrel-slovensky-filmovy-dokumentarista-a-scenarista-emil-fornay","status":"publish","type":"post","link":"https:\/\/literarnenoviny.sk\/servis\/vo-veku-76-rokov-zomrel-slovensky-filmovy-dokumentarista-a-scenarista-emil-fornay\/","title":{"rendered":"Vo veku 76 rokov zomrel slovensk\u00fd filmov\u00fd dokumentarista a&nbsp;scen\u00e1rista Emil Fornay"},"content":{"rendered":"<p><strong>Vo veku 76 rokov zomrel slovensk\u00fd filmov\u00fd dokumentarista, scen\u00e1rista a&nbsp;autor viac ako 330 filmov <a href=\"https:\/\/sk.wikipedia.org\/wiki\/Emil_Fornay\" rel=\"noopener noreferrer\" target=\"_blank\">Emil Fornay<\/a><\/strong>. Medzi jeho nazn\u00e1mej\u0161ie filmy patri napr\u00edklad aj cestopisn\u00fd film <em><strong><a href=\"http:\/\/www.skcinema.sk\/arl-sfu\/sk\/detail-sfu_un_cat.0-000076-Jagava-put-Lhoce-sar-dokumentarny-film\/\" rel=\"noopener noreferrer\" target=\"_blank\">Jagav\u00e1 p\u00fa\u0165 Lhoce \u0160ar<\/a><\/strong> (1984)<\/em>. M\u00e9di\u00e1 o&nbsp;smrti zn\u00e1meho film\u00e1ra a&nbsp;spravodajcu informovala jeho dc\u00e9ra, re\u017eis\u00e9rka Mira Fornayov\u00e1. <\/p>\n<p>V decembri 1989 sa&nbsp;Emil Fornay stal prv\u00fdm, a&nbsp;aj posledn\u00fdm demokraticky zvolen\u00fdm \u0161\u00e9fredaktorom Spravodajsk\u00e9ho filmu SFT <em>(Slovenskej filmovej tvorby)<\/em> Koliba.<\/p>\n<p><center><div class=\"gca-utility vertical-spacer\"><\/div><iframe loading=\"lazy\" src=\"https:\/\/www.facebook.com\/plugins\/post.php?href=https%3A%2F%2Fwww.facebook.com%2Fliterarnenoviny%2Fposts%2F2681486042103688&#038;show_text=true&#038;width=460&#038;appId=2424319851126972&#038;height=540\" width=\"460\" height=\"540\" style=\"border:none;overflow:hidden\" scrolling=\"no\" frameborder=\"0\" allowTransparency=\"true\" allow=\"encrypted-media\"><\/iframe><div class=\"gca-utility vertical-spacer\"><\/div><\/center><\/p>\n<p>Rod\u00e1k zo&nbsp;Spi\u0161skej Novej Vsi maturoval v&nbsp;roku 1960 na&nbsp;jeden\u00e1s\u0165ro\u010dnej \u0161kole v&nbsp;Bratislave. Ako 16-ro\u010dn\u00e9ho ho potom prijali na&nbsp;odbor kamera na&nbsp;pra\u017eskej FAMU.<\/p>\n<p>Ako asistent kamery Emil Fornay po\u010das \u0161t\u00fadia spolupracoval na&nbsp;telev\u00edznych filmoch <em><strong>Ml\u010danie mora<\/strong><\/em>, <em><strong>Polnoc bude o&nbsp;5 min\u00fat<\/strong><\/em>, ako aj na&nbsp;kultovom celove\u010dernom hranom filme \u0160tefana Uhera <em><strong>Slnko v&nbsp;sieti<\/strong> (1962)<\/em> z&nbsp;produkcie filmov\u00e9ho \u0161t\u00fadia Koliba.<\/p>\n<p>Po absolut\u00f3riu v&nbsp;roku 1966 potom za\u010dal v&nbsp;zn\u00e1mych <a href=\"http:\/\/www.skcinema.sk\/arl-sfu\/sk\/detail-sfu_un_auth-0003670-Fornay-Emil-1943\/\" rel=\"noopener noreferrer\" target=\"_blank\">bratislavsk\u00fdch filmov\u00fdch ateli\u00e9roch<\/a> aj pracova\u0165. V&nbsp;Spravodajskom filme p\u00f4sobil od&nbsp;roku 1977 do&nbsp;1990. <\/p>\n<p>Emil Fornay je&nbsp;tie\u017e autorom kni\u017en\u00fdch titulov <em><strong><a href=\"https:\/\/www.goodreads.com\/book\/show\/42077979-emil-fornay\" rel=\"noopener noreferrer\" target=\"_blank\">Na v\u0161etk\u00fdch kontinentoch<\/a><\/strong> (1999)<\/em>, <em><strong>Pr\u00edbeh film\u00e1ra<\/strong> (2005)<\/em> a&nbsp;<em><strong>Jubilejn\u00fd rok film\u00e1ra<\/strong> (2008)<\/em>.<\/p>\n<p style=\"text-align: right;\"><small>&mdash;&nbsp;<a href=\"https\/\/addmedia.news\" target=\"_blank\" rel=\"noopener noreferrer\">Addmedia News<\/a> a&nbsp;<a href=\"https\/\/literarnenoviny.sk\" target=\"_blank\" rel=\"noopener noreferrer\">Liter\u00e1rne noviny<\/a><\/small><\/p>\n<div class=\"gca-utility clearfix\"><\/div>\n<div class=\"gca-utility vertical-spacer\"><\/div>\n<p><center><span class=\"fullscreen\"><a href=\"\/\/www.martinus.sk\/?z=WLGC7F&#038;utm_source=z%3DWLGC7F&#038;utm_medium=banner1_468x60&#038;utm_campaign=partner\"><img decoding=\"async\" src=\"\/\/www.martinus.sk\/images\/banners\/468x60_red.jpg\" alt=\"www.martinus.sk\" \/><\/a><\/span><\/center><\/p>\n","protected":false},"excerpt":{"rendered":"<p>Vo veku 76 rokov zomrel slovensk\u00fd filmov\u00fd dokumentarista, scen\u00e1rista a&nbsp;autor viac ako 330 filmov Emil Fornay. Medzi jeho nazn\u00e1mej\u0161ie filmy patri napr\u00edklad aj cestopisn\u00fd film Jagav\u00e1 p\u00fa\u0165 Lhoce \u0160ar (1984). M\u00e9di\u00e1 o&nbsp;smrti zn\u00e1meho film\u00e1ra a&nbsp;spravodajcu informovala jeho dc\u00e9ra, re\u017eis\u00e9rka Mira Fornayov\u00e1. <a href=\"https:\/\/literarnenoviny.sk\/servis\/vo-veku-76-rokov-zomrel-slovensky-filmovy-dokumentarista-a-scenarista-emil-fornay\/\" class=\"more-link\">Cel\u00e1 spr\u00e1va <span class=\"meta-nav\">&rarr;<\/span><\/a><\/p>\n","protected":false},"author":2,"featured_media":0,"comment_status":"closed","ping_status":"closed","sticky":false,"template":"","format":"standard","meta":{"_links_to":"","_links_to_target":""},"categories":[1],"tags":[16,3,27],"_links":{"self":[{"href":"https:\/\/literarnenoviny.sk\/servis\/wp-json\/wp\/v2\/posts\/14676"}],"collection":[{"href":"https:\/\/literarnenoviny.sk\/servis\/wp-json\/wp\/v2\/posts"}],"about":[{"href":"https:\/\/literarnenoviny.sk\/servis\/wp-json\/wp\/v2\/types\/post"}],"author":[{"embeddable":true,"href":"https:\/\/literarnenoviny.sk\/servis\/wp-json\/wp\/v2\/users\/2"}],"replies":[{"embeddable":true,"href":"https:\/\/literarnenoviny.sk\/servis\/wp-json\/wp\/v2\/comments?post=14676"}],"version-history":[{"count":0,"href":"https:\/\/literarnenoviny.sk\/servis\/wp-json\/wp\/v2\/posts\/14676\/revisions"}],"wp:attachment":[{"href":"https:\/\/literarnenoviny.sk\/servis\/wp-json\/wp\/v2\/media?parent=14676"}],"wp:term":[{"taxonomy":"category","embeddable":true,"href":"https:\/\/literarnenoviny.sk\/servis\/wp-json\/wp\/v2\/categories?post=14676"},{"taxonomy":"post_tag","embeddable":true,"href":"https:\/\/literarnenoviny.sk\/servis\/wp-json\/wp\/v2\/tags?post=14676"}],"curies":[{"name":"wp","href":"https:\/\/api.w.org\/{rel}","templated":true}]}}