{"id":1460,"date":"2017-11-20T11:15:25","date_gmt":"2017-11-20T10:15:25","guid":{"rendered":"https:\/\/literarnenoviny.sk\/servis\/?p=1460"},"modified":"2020-10-15T22:06:41","modified_gmt":"2020-10-15T20:06:41","slug":"vo-veku-88-rokov-zomrel-slovensky-literarny-vedec-historik-a-kritik-vladimir-petrik","status":"publish","type":"post","link":"https:\/\/literarnenoviny.sk\/servis\/vo-veku-88-rokov-zomrel-slovensky-literarny-vedec-historik-a-kritik-vladimir-petrik\/","title":{"rendered":"Vo veku 88 rokov zomrel slovensk\u00fd liter\u00e1rny vedec, historik a&nbsp;kritik Vladim\u00edr Petr\u00edk"},"content":{"rendered":"<p><strong>Vo veku 88 rokov zomrel v\u00fdznamn\u00fd slovensk\u00fd liter\u00e1rny vedec, historik a&nbsp;kritik  <a href=\"https:\/\/sk.wikipedia.org\/wiki\/Vladim\u00edr_Petr\u00edk\" rel=\"noopener noreferrer\" target=\"_blank\">Vladim\u00edr Petr\u00edk<\/a><\/strong>. Dlhoro\u010dn\u00fd pracovn\u00edk \u00dastavu slovenskej literat\u00fary SAV bol do&nbsp;posledn\u00fdch chv\u00ed\u013e \u017eivota zap\u00e1len\u00fdm propag\u00e1torom slovenskej literat\u00fary.<\/p>\n<p>Ako historik sa&nbsp;venoval najm\u00e4 medzivojnovej slovenskej literat\u00fare, jeho dom\u00e9nou bola tvorba Ladislava N\u00e1da\u0161i-J\u00e9g\u00e9ho. V&nbsp;strede jeho z\u00e1ujmu bola aj gener\u00e1cia autorov reprezentovan\u00e1 Rudolfom Slobodom, Vincentom \u0160ikulom, J\u00e1nom Johanidesom, Pavlom Vilikovsk\u00fdm, Stanislavom Rak\u00fasom \u010di&nbsp;Du\u0161anom Mitanom.<\/p>\n<p>Vladim\u00edra Petr\u00edka a&nbsp;jeho pr\u00e1cu si min\u00fatou ticha pripomenuli aj \u00fa\u010dastn\u00edci <a href=\"http:\/\/www.uslit.sav.sk\/Medzinarodne_sympozium_literarnovednej_slovakistiky.html\">1.&nbsp;Medzin\u00e1rodn\u00e9ho symp\u00f3zia liter\u00e1rnovednej slovakistiky<\/a>, ktor\u00e9 sa&nbsp;za\u010dalo v&nbsp;Bratislave. <\/p>\n<p style=\"text-align: right;\"><small><a href=https:\/\/www.facebook.com\/permalink.php?story_fbid=1575059132547381&#038;id=435672399819399\" target=\"_blank\" rel=\"noopener\">\u00dastav slovenskej literat\u00fary SAV<\/a> <\/small><\/p>\n","protected":false},"excerpt":{"rendered":"<p>Vo veku 88 rokov zomrel v\u00fdznamn\u00fd slovensk\u00fd liter\u00e1rny vedec, historik a&nbsp;kritik Vladim\u00edr Petr\u00edk. Dlhoro\u010dn\u00fd pracovn\u00edk \u00dastavu slovenskej literat\u00fary SAV do&nbsp;posledn\u00fdch chv\u00ed\u013e \u017eivota bol zap\u00e1len\u00fdm propag\u00e1torom slovenskej literat\u00fary. <a href=\"https:\/\/literarnenoviny.sk\/servis\/vo-veku-88-rokov-zomrel-slovensky-literarny-vedec-historik-a-kritik-vladimir-petrik\/\" class=\"more-link\">Cel\u00e1 spr\u00e1va <span class=\"meta-nav\">&rarr;<\/span><\/a><\/p>\n","protected":false},"author":2,"featured_media":0,"comment_status":"closed","ping_status":"closed","sticky":false,"template":"","format":"standard","meta":{"_links_to":"","_links_to_target":""},"categories":[1],"tags":[5,3,209,78],"_links":{"self":[{"href":"https:\/\/literarnenoviny.sk\/servis\/wp-json\/wp\/v2\/posts\/1460"}],"collection":[{"href":"https:\/\/literarnenoviny.sk\/servis\/wp-json\/wp\/v2\/posts"}],"about":[{"href":"https:\/\/literarnenoviny.sk\/servis\/wp-json\/wp\/v2\/types\/post"}],"author":[{"embeddable":true,"href":"https:\/\/literarnenoviny.sk\/servis\/wp-json\/wp\/v2\/users\/2"}],"replies":[{"embeddable":true,"href":"https:\/\/literarnenoviny.sk\/servis\/wp-json\/wp\/v2\/comments?post=1460"}],"version-history":[{"count":0,"href":"https:\/\/literarnenoviny.sk\/servis\/wp-json\/wp\/v2\/posts\/1460\/revisions"}],"wp:attachment":[{"href":"https:\/\/literarnenoviny.sk\/servis\/wp-json\/wp\/v2\/media?parent=1460"}],"wp:term":[{"taxonomy":"category","embeddable":true,"href":"https:\/\/literarnenoviny.sk\/servis\/wp-json\/wp\/v2\/categories?post=1460"},{"taxonomy":"post_tag","embeddable":true,"href":"https:\/\/literarnenoviny.sk\/servis\/wp-json\/wp\/v2\/tags?post=1460"}],"curies":[{"name":"wp","href":"https:\/\/api.w.org\/{rel}","templated":true}]}}