{"id":1455,"date":"2017-11-17T23:49:24","date_gmt":"2017-11-17T22:49:24","guid":{"rendered":"https:\/\/literarnenoviny.sk\/servis\/?p=1455"},"modified":"2020-10-15T22:06:41","modified_gmt":"2020-10-15T20:06:41","slug":"vo-veku-58-rokov-zomrel-slovensky-karikaturista-a-ilustrator-jan-valter","status":"publish","type":"post","link":"https:\/\/literarnenoviny.sk\/servis\/vo-veku-58-rokov-zomrel-slovensky-karikaturista-a-ilustrator-jan-valter\/","title":{"rendered":"Vo veku 58 rokov zomrel slovensk\u00fd karikaturista a&nbsp;ilustr\u00e1tor J\u00e1n Valter"},"content":{"rendered":"<p>Vo veku 58 rokov zomrel J\u00e1n Valter, slovensk\u00fd v\u00fdtvarn\u00edk, karikaturista a&nbsp;ilustr\u00e1tor. <\/p>\n<p>Cartoongallery.eu<\/p>\n","protected":false},"excerpt":{"rendered":"<p>Vo veku 58 rokov zomrel J\u00e1n Valter, slovensk\u00fd v\u00fdtvarn\u00edk, karikaturista a&nbsp;ilustr\u00e1tor. Cartoongallery.eu<\/p>\n","protected":false},"author":2,"featured_media":0,"comment_status":"closed","ping_status":"closed","sticky":false,"template":"","format":"standard","meta":{"_links_to":"","_links_to_target":""},"categories":[1],"tags":[209],"_links":{"self":[{"href":"https:\/\/literarnenoviny.sk\/servis\/wp-json\/wp\/v2\/posts\/1455"}],"collection":[{"href":"https:\/\/literarnenoviny.sk\/servis\/wp-json\/wp\/v2\/posts"}],"about":[{"href":"https:\/\/literarnenoviny.sk\/servis\/wp-json\/wp\/v2\/types\/post"}],"author":[{"embeddable":true,"href":"https:\/\/literarnenoviny.sk\/servis\/wp-json\/wp\/v2\/users\/2"}],"replies":[{"embeddable":true,"href":"https:\/\/literarnenoviny.sk\/servis\/wp-json\/wp\/v2\/comments?post=1455"}],"version-history":[{"count":0,"href":"https:\/\/literarnenoviny.sk\/servis\/wp-json\/wp\/v2\/posts\/1455\/revisions"}],"wp:attachment":[{"href":"https:\/\/literarnenoviny.sk\/servis\/wp-json\/wp\/v2\/media?parent=1455"}],"wp:term":[{"taxonomy":"category","embeddable":true,"href":"https:\/\/literarnenoviny.sk\/servis\/wp-json\/wp\/v2\/categories?post=1455"},{"taxonomy":"post_tag","embeddable":true,"href":"https:\/\/literarnenoviny.sk\/servis\/wp-json\/wp\/v2\/tags?post=1455"}],"curies":[{"name":"wp","href":"https:\/\/api.w.org\/{rel}","templated":true}]}}