{"id":1449,"date":"2017-11-17T18:20:08","date_gmt":"2017-11-17T17:20:08","guid":{"rendered":"https:\/\/literarnenoviny.sk\/servis\/?p=1449"},"modified":"2017-11-17T22:44:09","modified_gmt":"2017-11-17T21:44:09","slug":"ocenenie-biela-vrana-za-odvazny-obciansky-cin-ziskali-zuzana-hlavkova-pavol-szalai","status":"publish","type":"post","link":"https:\/\/literarnenoviny.sk\/servis\/ocenenie-biela-vrana-za-odvazny-obciansky-cin-ziskali-zuzana-hlavkova-pavol-szalai\/","title":{"rendered":"Ocenenie Biela vrana, za&nbsp;odv\u00e1\u017eny ob\u010diansky \u010din, z\u00edskali Zuzana Hl\u00e1vkov\u00e1 a&nbsp;Pavol Szalai"},"content":{"rendered":"<p><strong>Ocenenie Biela vrana z\u00edskali b\u00fdval\u00ed zamestnanci ministerstva zahrani\u010dn\u00fdch vec\u00ed Zuzana Hl\u00e1vkov\u00e1 a&nbsp;Pavol Szalai<\/strong>. Obaja pred rokom informovali verejnos\u0165 o&nbsp;podozriv\u00fdch z\u00e1kazk\u00e1ch po\u010das slovensk\u00e9ho predsedn\u00edctva v&nbsp;Rade Eur\u00f3pskej \u00fanie.<\/p>\n<p>Rada ich ocenila za&nbsp;d\u00f4sledn\u00fa a&nbsp;poctiv\u00fa obhajobu verejn\u00fdch financi\u00ed a&nbsp;opakovan\u00fa snahu o&nbsp;n\u00e1pravu vn\u00fatri in\u0161tit\u00facie. <em>\u201eAle aj n\u00e1sledn\u00fa odvahu pomenova\u0165 probl\u00e9my a&nbsp;pok\u00fasi\u0165 sa&nbsp;o&nbsp;n\u00e1pravu verejne napriek mocenskej prevahe, ktor\u00e1 st\u00e1la proti nim po\u010das tejto najprest\u00ed\u017enej\u0161ej udalosti posledn\u00fdch rokov na&nbsp;Slovensku,\u201c<\/em> od\u00f4vodnili organiz\u00e1tori.<\/p>\n<p><strong>\u010eal\u0161\u00edm laure\u00e1tom je&nbsp;psychol\u00f3g \u0160tefan Straka<\/strong>, ktor\u00fd u\u017e&nbsp;desa\u0165 rokov u\u010d\u00ed R\u00f3mov ekologick\u00e9mu farm\u00e1r\u010deniu. <strong>Ocenenie dostal aj ochran\u00e1r Erik Bal\u00e1\u017e<\/strong> za&nbsp;vytrvalos\u0165 pri z\u00edskavan\u00ed \u013eud\u00ed pre&nbsp;ochranu pr\u00edrody. Bal\u00e1\u017e st\u00e1l na&nbsp;\u010dele z\u00e1chrany Tichej a&nbsp;K\u00f4provej doliny pred vyr\u00faban\u00edm po&nbsp;kalamite v&nbsp;Tatr\u00e1ch.<\/p>\n<p>Biela vrana je&nbsp;ocenen\u00edm spolo\u010densky pr\u00ednosn\u00e9ho a&nbsp;odv\u00e1\u017eneho ob\u010dianskeho \u010dinu. Ude\u013euje sa&nbsp;\u013eu\u010fom, ktor\u00ed preuk\u00e1zali ob\u010diansku odvahu, potla\u010dili osobn\u00e9 z\u00e1ujmy v&nbsp;mene verejn\u00e9ho pr\u00ednosu a&nbsp;mohli pri tom podst\u00fapi\u0165 r\u00f4zne pr\u00edkoria, \u010di&nbsp;za\u017ei\u0165 ods\u00fadenie. <\/p>\n","protected":false},"excerpt":{"rendered":"<p>Ocenenie Biela vrana z\u00edskali b\u00fdval\u00ed zamestnanci ministerstva zahrani\u010dn\u00fdch vec\u00ed Zuzana Hl\u00e1vkov\u00e1 a&nbsp;Pavol Szalai. Obaja pred rokom informovali verejnos\u0165 o&nbsp;podozriv\u00fdch z\u00e1kazk\u00e1ch po\u010das slovensk\u00e9ho predsedn\u00edctva v&nbsp;Rade Eur\u00f3pskej \u00fanie. <a href=\"https:\/\/literarnenoviny.sk\/servis\/ocenenie-biela-vrana-za-odvazny-obciansky-cin-ziskali-zuzana-hlavkova-pavol-szalai\/\" class=\"more-link\">Cel\u00e1 spr\u00e1va <span class=\"meta-nav\">&rarr;<\/span><\/a><\/p>\n","protected":false},"author":2,"featured_media":0,"comment_status":"closed","ping_status":"closed","sticky":false,"template":"","format":"standard","meta":{"_links_to":"","_links_to_target":""},"categories":[1],"tags":[21,23],"_links":{"self":[{"href":"https:\/\/literarnenoviny.sk\/servis\/wp-json\/wp\/v2\/posts\/1449"}],"collection":[{"href":"https:\/\/literarnenoviny.sk\/servis\/wp-json\/wp\/v2\/posts"}],"about":[{"href":"https:\/\/literarnenoviny.sk\/servis\/wp-json\/wp\/v2\/types\/post"}],"author":[{"embeddable":true,"href":"https:\/\/literarnenoviny.sk\/servis\/wp-json\/wp\/v2\/users\/2"}],"replies":[{"embeddable":true,"href":"https:\/\/literarnenoviny.sk\/servis\/wp-json\/wp\/v2\/comments?post=1449"}],"version-history":[{"count":0,"href":"https:\/\/literarnenoviny.sk\/servis\/wp-json\/wp\/v2\/posts\/1449\/revisions"}],"wp:attachment":[{"href":"https:\/\/literarnenoviny.sk\/servis\/wp-json\/wp\/v2\/media?parent=1449"}],"wp:term":[{"taxonomy":"category","embeddable":true,"href":"https:\/\/literarnenoviny.sk\/servis\/wp-json\/wp\/v2\/categories?post=1449"},{"taxonomy":"post_tag","embeddable":true,"href":"https:\/\/literarnenoviny.sk\/servis\/wp-json\/wp\/v2\/tags?post=1449"}],"curies":[{"name":"wp","href":"https:\/\/api.w.org\/{rel}","templated":true}]}}