{"id":14298,"date":"2020-10-07T10:10:53","date_gmt":"2020-10-07T08:10:53","guid":{"rendered":"https:\/\/literarnenoviny.sk\/servis\/?p=14298"},"modified":"2020-10-07T23:20:31","modified_gmt":"2020-10-07T21:20:31","slug":"v-ceskej-republike-sa-uskutocni-tradicna-seria-verejnych-citani-noc-literatury","status":"publish","type":"post","link":"https:\/\/literarnenoviny.sk\/servis\/v-ceskej-republike-sa-uskutocni-tradicna-seria-verejnych-citani-noc-literatury\/","title":{"rendered":"V \u010ceskej republike sa&nbsp;uskuto\u010dn\u00ed tradi\u010dn\u00e1 s\u00e9ria verejn\u00fdch \u010d\u00edtan\u00ed Noc literat\u00fary"},"content":{"rendered":"<p><strong>V \u010ceskej republike sa&nbsp;ve\u010der uskuto\u010dn\u00ed s\u00e9ria verejn\u00fdch \u010d\u00edtan\u00ed <a href=\"https:\/\/www.nocliteratury.cz\/\" rel=\"noopener noreferrer\" target=\"_blank\">Noc literat\u00fary<\/a><\/strong>, ktor\u00fa organizuj\u00fa <strong><a href=\"http:\/\/www.czechcentres.cz\/\" rel=\"noopener noreferrer\" target=\"_blank\">\u010cesk\u00e9 centr\u00e1<\/a><\/strong> v&nbsp;spolupr\u00e1ci s&nbsp;pra\u017eskou pobo\u010dkou <strong><a href=\"https:\/\/www.eunicglobal.eu\/\" rel=\"noopener noreferrer\" target=\"_blank\">EUNIC<\/a><\/strong>, zahrani\u010dn\u00fdmi ambas\u00e1dami a&nbsp;vydavate\u013estvom <strong><a href=\"https:\/\/www.labyrint.net\/\" rel=\"noopener noreferrer\" target=\"_blank\">Labyrint<\/a><\/strong>.<\/p>\n<p>Na Slovensku sa&nbsp;toto p\u00f4vodne \u010desk\u00e9, no dnes u\u017e&nbsp;medzin\u00e1rodn\u00e9 podujatie konalo v&nbsp;p\u00f4vodnom m\u00e1jovom term\u00edne.<\/p>\n<p><center><div class=\"gca-utility vertical-spacer\"><\/div><iframe loading=\"lazy\" src=\"https:\/\/www.facebook.com\/plugins\/video.php?height=314&#038;href=https%3A%2F%2Fwww.facebook.com%2FNoci.Literatury%2Fvideos%2F347672086575631%2F&#038;show_text=true&#038;width=460\" width=\"460\" height=\"520\" style=\"border:none;overflow:hidden\" scrolling=\"no\" frameborder=\"0\" allowTransparency=\"true\" allow=\"encrypted-media\" allowFullScreen=\"true\"><\/iframe><div class=\"gca-utility vertical-spacer\"><\/div><\/center><\/p>\n<p>Noc literat\u00fary sa&nbsp;zvykla tradi\u010dne kona\u0165 v&nbsp;predve\u010der najv\u00e4\u010d\u0161ieho \u010desk\u00e9ho kni\u017en\u00e9ho ve\u013etrhu <strong><a href=\"https:\/\/www.svetknihy.cz\/\" rel=\"noopener noreferrer\" target=\"_blank\">Svet knihy Praha<\/a><\/strong>. Tohtoro\u010dn\u00fd ve\u013etrh sa&nbsp;v\u0161ak pre&nbsp;protipandemick\u00e9 vl\u00e1dne opatrenie <a href=\"https:\/\/literarnenoviny.sk\/servis\/prazsky-festival-svet-knihy-rusi-svoj-povodny-majovy-termin-bude-sa-konat-v-oktobri\/\">zru\u0161il<\/a> a&nbsp;\u010desk\u00e1 Noc literat\u00fary sa&nbsp;odlo\u017eila na&nbsp;7.&nbsp;okt\u00f3bra 2020. <\/p>\n<p>Tento rok sa&nbsp;bude v&nbsp;\u010deskej metropole \u010d\u00edta\u0165 v&nbsp;mestskej \u010dasti Praha 10 vo&nbsp;Vr\u0161oviciach aj Kr\u00e1\u013eovsk\u00fdch Vinohradoch, ale tie\u017e v&nbsp;\u010fal\u0161\u00edch 60 mest\u00e1ch po&nbsp;celej \u010ceskej republike. K&nbsp;projektu sa&nbsp;ka\u017edoro\u010dne prip\u00e1jaj\u00fa aj region\u00e1lne kni\u017enice.<\/p>\n<p>\u010c\u00edta sa&nbsp;v\u017edy s\u00fa\u010dasne na&nbsp;v\u0161etk\u00fdch miestach, a&nbsp;to v&nbsp;15 min\u00fatov\u00fdch intervaloch. V&nbsp;danej lokalite zaznie ka\u017ed\u00fa hodinu rovnak\u00e1 uk\u00e1\u017eka dvakr\u00e1t a&nbsp;na&nbsp;\u010d\u00edtan\u00ed sa&nbsp;vystriedaj\u00fa dve skupiny div\u00e1kov.<\/p>\n<p>Cie\u013eom Noci literat\u00fary je&nbsp;podpori\u0165 z\u00e1ujem verejnosti o&nbsp;s\u00fa\u010dasn\u00fa eur\u00f3psku literat\u00faru a&nbsp;jej my\u0161lienkov\u00e9 a&nbsp;tvoriv\u00e9 pr\u00fady. Taktie\u017e m\u00e1 pouk\u00e1za\u0165 na&nbsp;v\u00fdznam multilingvizmu a&nbsp;prekladov nielen zo&nbsp;svetov\u00fdch jazykov.<\/p>\n<p style=\"text-align: right;\"><small>&mdash;&nbsp;<a href=\"http:\/\/www.czechcentres.cz\/novinky\/noc-literatury-ctrnacta-7-10-2020-18002300\/\" target=\"_blank\" rel=\"noopener noreferrer\">\u010cesk\u00e1 centra<\/a> a&nbsp;<a href=\"https:\/\/www.nocliteratury.cz\/\" target=\"_blank\" rel=\"noopener noreferrer\">Noc literatury<\/a><\/small><\/p>\n<div class=\"gca-utility clearfix\"><\/div>\n<div class=\"gca-utility vertical-spacer\"><\/div>\n<p><center><span class=\"fullscreen\"><a href=\"\/\/www.martinus.sk\/?z=WLGC7F&#038;utm_source=z%3DWLGC7F&#038;utm_medium=banner1_468x60&#038;utm_campaign=partner\"><img decoding=\"async\" src=\"\/\/www.martinus.sk\/images\/banners\/468x60_red.jpg\" alt=\"www.martinus.sk\" \/><\/a><\/span><\/center><\/p>\n","protected":false},"excerpt":{"rendered":"<p>V \u010ceskej republike sa&nbsp;ve\u010der uskuto\u010dn\u00ed s\u00e9ria verejn\u00fdch \u010d\u00edtan\u00ed Noc literat\u00fary, ktor\u00fa organizuj\u00fa \u010cesk\u00e9 centr\u00e1 v&nbsp;spolupr\u00e1ci s&nbsp;pra\u017eskou pobo\u010dkou EUNIC, zahrani\u010dn\u00fdmi ambas\u00e1dami a&nbsp;vydavate\u013estvom Labyrint. Na&nbsp;Slovensku sa&nbsp;toto p\u00f4vodne \u010desk\u00e9, no dnes  medzin\u00e1rodn\u00e9 podujatie konalo v&nbsp;p\u00f4vodnom m\u00e1jovom term\u00edne. <a href=\"https:\/\/literarnenoviny.sk\/servis\/v-ceskej-republike-sa-uskutocni-tradicna-seria-verejnych-citani-noc-literatury\/\" class=\"more-link\">Cel\u00e1 spr\u00e1va <span class=\"meta-nav\">&rarr;<\/span><\/a><\/p>\n","protected":false},"author":2,"featured_media":0,"comment_status":"closed","ping_status":"closed","sticky":false,"template":"","format":"standard","meta":{"_links_to":"","_links_to_target":""},"categories":[1],"tags":[15,14,4,23],"_links":{"self":[{"href":"https:\/\/literarnenoviny.sk\/servis\/wp-json\/wp\/v2\/posts\/14298"}],"collection":[{"href":"https:\/\/literarnenoviny.sk\/servis\/wp-json\/wp\/v2\/posts"}],"about":[{"href":"https:\/\/literarnenoviny.sk\/servis\/wp-json\/wp\/v2\/types\/post"}],"author":[{"embeddable":true,"href":"https:\/\/literarnenoviny.sk\/servis\/wp-json\/wp\/v2\/users\/2"}],"replies":[{"embeddable":true,"href":"https:\/\/literarnenoviny.sk\/servis\/wp-json\/wp\/v2\/comments?post=14298"}],"version-history":[{"count":0,"href":"https:\/\/literarnenoviny.sk\/servis\/wp-json\/wp\/v2\/posts\/14298\/revisions"}],"wp:attachment":[{"href":"https:\/\/literarnenoviny.sk\/servis\/wp-json\/wp\/v2\/media?parent=14298"}],"wp:term":[{"taxonomy":"category","embeddable":true,"href":"https:\/\/literarnenoviny.sk\/servis\/wp-json\/wp\/v2\/categories?post=14298"},{"taxonomy":"post_tag","embeddable":true,"href":"https:\/\/literarnenoviny.sk\/servis\/wp-json\/wp\/v2\/tags?post=14298"}],"curies":[{"name":"wp","href":"https:\/\/api.w.org\/{rel}","templated":true}]}}