{"id":14202,"date":"2020-09-23T19:40:44","date_gmt":"2020-09-23T17:40:44","guid":{"rendered":"https:\/\/literarnenoviny.sk\/servis\/?p=14202"},"modified":"2020-10-15T22:06:33","modified_gmt":"2020-10-15T20:06:33","slug":"vo-veku-93-rokov-zomrela-sansonierka-a-muza-parizskej-bohemy-juliette-greco","status":"publish","type":"post","link":"https:\/\/literarnenoviny.sk\/servis\/vo-veku-93-rokov-zomrela-sansonierka-a-muza-parizskej-bohemy-juliette-greco\/","title":{"rendered":"Vo veku 93 rokov zomrela \u0161ans\u00f3nierka a&nbsp;m\u00faza par\u00ed\u017eskej boh\u00e9my Juliette Gr\u00e9co"},"content":{"rendered":"<p><strong>Vo veku 93 rokov zomrela ikona franc\u00fazskeho \u0161ans\u00f3nu, spev\u00e1\u010dka <a href=\"https:\/\/cs.wikipedia.org\/wiki\/Juliette_ Gr\u00e9co\" rel=\"noopener noreferrer\" target=\"_blank\">Juliette Gr\u00e9co<\/a><\/strong>, ktor\u00e1 sa&nbsp;presl\u00e1vila zhudobnen\u00fdmi b\u00e1s\u0148ami Jacquesa Pr\u00e9verta, Charlesa Aznavoura, Jacquesa Brela, Georgesa Brassensa \u010di&nbsp;Serga Gainsbourga. Agent\u00fare AFP to potvrdila spev\u00e1\u010dkina rodina.<\/p>\n<p>Juliette Gr\u00e9co zomrela v&nbsp;kruhu bl\u00edzkych vo&nbsp;svojom dome v&nbsp;Ramatuelle na&nbsp;juhov\u00fdchode Franc\u00fazska.<\/p>\n<p><center><div class=\"gca-utility vertical-spacer\"><\/div>\n<blockquote class=\"twitter-tweet\">\n<p lang=\"fr\" dir=\"ltr\">Une ic\u00f4ne fran\u00e7aise&#8230; Ce soir, France 3 rend hommage \u00e0 Juliette Greco :<\/p>\n<p>? \u00ab Juliette Greco, une femme libre \u00bb , un documentaire pr\u00e9sent\u00e9 par <a href=\"https:\/\/twitter.com\/bernstephane?ref_src=twsrc%5Etfw\">@bernstephane<\/a> \u00e0 21.05 <br \/>? \u00ab Bonjour Tristesse \u00bb, un film d\u2019Otto Preminger \u00e0 22.40 <a href=\"https:\/\/t.co\/KltGg4RzaP\">pic.twitter.com\/KltGg4RzaP<\/a><\/p>\n<p>&mdash; France 3 (@France3tv) <a href=\"https:\/\/twitter.com\/France3tv\/status\/1309417363314409472?ref_src=twsrc%5Etfw\">September 25, 2020<\/a><\/p><\/blockquote>\n<p> <script async src=\"https:\/\/platform.twitter.com\/widgets.js\" charset=\"utf-8\"><\/script><div class=\"gca-utility vertical-spacer\"><\/div><\/center><\/p>\n<p>Jean-Paul Sartre o&nbsp;nej nap\u00edsal, \u017ee&nbsp;m\u00e1 v&nbsp;hlase mili\u00f3ny b\u00e1sn\u00ed. Juliette Gr\u00e9co bola m\u00fazou povojnovej par\u00ed\u017eskej boh\u00e9my. Odet\u00e1 v&nbsp;\u010diernom, mlad\u00e1, zmyseln\u00e1 a&nbsp;provokuj\u00faca. <em>\u201eKr\u00e1\u013eovn\u00e1 existencionalistov\u201c <\/em>vtedy ovl\u00e1dla Franc\u00fazsko a&nbsp;\u0161ans\u00f3n s&nbsp;\u00faspechom exportovala aj do&nbsp;sveta.<\/p>\n<p>Prv\u00e9 verejn\u00e9 vyst\u00fapenie mala a\u017e roku 1949 v&nbsp;klube Le&nbsp;Boeuf sur le&nbsp;Toit. <em>\u201ePredo mnou v&nbsp;s\u00e1le sedeli v\u0161etci, ktor\u00ed v&nbsp;tom \u010dase v&nbsp;Par\u00ed\u017ei nie\u010do znamenali. Jean Cocteau, Darius Milhaud, Sartre, Simone de&nbsp;Beauvoirov\u00e1, Francis Poulenc\u2026  mala som stra\u0161n\u00fa tr\u00e9mu,\u201c<\/em> priznala spev\u00e1\u010dka.<\/p>\n<p>Jej debutov\u00fd singel <em><strong>Je suis comme je&nbsp;suis<\/strong> (1951)<\/em> s&nbsp;Pr\u00e9vertov\u00fdm textom zo\u017eal ohromn\u00fd ohlas. A&nbsp;roku 1954 prv\u00fdkr\u00e1t triumfovala v&nbsp;legend\u00e1rnej Olympii.<\/p>\n<p>Ikona franc\u00fazskeho \u0161ans\u00f3nu za\u017eila aj hereck\u00fd \u00faspech v&nbsp;sn\u00edmke <em><strong>Orfeus<\/strong><\/em> Jeana Cocteaua z&nbsp;roku 1949. V&nbsp;50.&nbsp;a&nbsp;za\u010diatkom 60.&nbsp;rokov p\u00f4sobila aj Hollywoode, kde ok\u00fazlila okrem in\u00e9ho mocn\u00e9ho \u0161\u00e9fa \u0161t\u00fadia 20th Century-Fox Darryla Zanucka.<\/p>\n<p>Po\u010das svojho posledn\u00e9ho turn\u00e9 v&nbsp;roku 2015 osl\u00e1vila na&nbsp;sc\u00e9ne 89.&nbsp;narodeniny. V\u00e1\u0161e\u0148, boj, l\u00e1ska a&nbsp;intenz\u00edvny smiech boli slov\u00e1, ktor\u00fdmi Juliette Gr\u00e9co opisovala svoj \u017eivot.<\/p>\n<p style=\"text-align: right;\"><small>&mdash;&nbsp;<a href=\"https:\/\/www.lemonde.fr\/disparitions\/article\/2020\/09\/23\/la-chanteuse-juliette-greco-est-morte_6053355_3382.html\" target=\"_blank\" rel=\"noopener noreferrer\">Le Monde<\/a><\/small><\/p>\n<div class=\"gca-utility clearfix\"><\/div>\n<div class=\"gca-utility vertical-spacer\"><\/div>\n<p><center><span class=\"fullscreen\"><a href=\"\/\/www.martinus.sk\/?z=WLGC7F&#038;utm_source=z%3DWLGC7F&#038;utm_medium=banner1_468x60&#038;utm_campaign=partner\"><img decoding=\"async\" src=\"\/\/www.martinus.sk\/images\/banners\/468x60_red.jpg\" alt=\"www.martinus.sk\" \/><\/a><\/span><\/center><\/p>\n","protected":false},"excerpt":{"rendered":"<p>Vo veku 93 rokov zomrela ikona franc\u00fazskeho \u0161ans\u00f3nu, spev\u00e1\u010dka Juliette Gr\u00e9co, ktor\u00e1 sa&nbsp;presl\u00e1vila zhudobnen\u00fdmi b\u00e1s\u0148ami Jacquesa Pr\u00e9verta, Charlesa Aznavoura, Jacquesa Brela, Georgesa Brassensa \u010di&nbsp;Serga Gainsbourga. Spev\u00e1\u010dka zomrela v&nbsp;kruhu bl\u00edzkych vo&nbsp;svojom dome v&nbsp;Ramatuelle na&nbsp;juhov\u00fdchode Franc\u00fazska. <a href=\"https:\/\/literarnenoviny.sk\/servis\/vo-veku-93-rokov-zomrela-sansonierka-a-muza-parizskej-bohemy-juliette-greco\/\" class=\"more-link\">Cel\u00e1 spr\u00e1va <span class=\"meta-nav\">&rarr;<\/span><\/a><\/p>\n","protected":false},"author":2,"featured_media":0,"comment_status":"closed","ping_status":"closed","sticky":false,"template":"","format":"standard","meta":{"_links_to":"","_links_to_target":""},"categories":[1],"tags":[16,60,3,83,207,209],"_links":{"self":[{"href":"https:\/\/literarnenoviny.sk\/servis\/wp-json\/wp\/v2\/posts\/14202"}],"collection":[{"href":"https:\/\/literarnenoviny.sk\/servis\/wp-json\/wp\/v2\/posts"}],"about":[{"href":"https:\/\/literarnenoviny.sk\/servis\/wp-json\/wp\/v2\/types\/post"}],"author":[{"embeddable":true,"href":"https:\/\/literarnenoviny.sk\/servis\/wp-json\/wp\/v2\/users\/2"}],"replies":[{"embeddable":true,"href":"https:\/\/literarnenoviny.sk\/servis\/wp-json\/wp\/v2\/comments?post=14202"}],"version-history":[{"count":0,"href":"https:\/\/literarnenoviny.sk\/servis\/wp-json\/wp\/v2\/posts\/14202\/revisions"}],"wp:attachment":[{"href":"https:\/\/literarnenoviny.sk\/servis\/wp-json\/wp\/v2\/media?parent=14202"}],"wp:term":[{"taxonomy":"category","embeddable":true,"href":"https:\/\/literarnenoviny.sk\/servis\/wp-json\/wp\/v2\/categories?post=14202"},{"taxonomy":"post_tag","embeddable":true,"href":"https:\/\/literarnenoviny.sk\/servis\/wp-json\/wp\/v2\/tags?post=14202"}],"curies":[{"name":"wp","href":"https:\/\/api.w.org\/{rel}","templated":true}]}}