{"id":14187,"date":"2020-10-03T00:15:51","date_gmt":"2020-10-02T22:15:51","guid":{"rendered":"https:\/\/literarnenoviny.sk\/servis\/?p=14187"},"modified":"2020-10-03T23:49:49","modified_gmt":"2020-10-03T21:49:49","slug":"film-podla-romanu-alfreda-wetzlera-co-dante-nevidel-bude-mat-premieru-28-januara","status":"publish","type":"post","link":"https:\/\/literarnenoviny.sk\/servis\/film-podla-romanu-alfreda-wetzlera-co-dante-nevidel-bude-mat-premieru-28-januara\/","title":{"rendered":"Film pod\u013ea rom\u00e1nu Alfr\u00e9da Wetzlera \u010co Dante nevidel bude ma\u0165 premi\u00e9ru v&nbsp;janu\u00e1ri"},"content":{"rendered":"<p><strong>Film nakr\u00faten\u00fd pod\u013ea autobiografick\u00e9ho rom\u00e1nu Alfr\u00e9da Wetzlera <em><a href=\"https:\/\/www.martinus.sk\/?uItem=72719&#038;z=WLGC7F&#038;utm_source=z%3DWLGC7F&#038;utm_medium=url&#038;utm_campaign=partner\" rel=\"noopener noreferrer\" target=\"_blank\">\u010co Dante nevidel<\/a><\/strong> (1964)<\/em> <strong>, o&nbsp;\u00fateku z&nbsp;koncentra\u010dn\u00e9ho t\u00e1bora, uved\u00fa v&nbsp;premi\u00e9re bud\u00faci rok 28.&nbsp;janu\u00e1ra<\/strong>, pri pr\u00edle\u017eitosti <a href=\"https:\/\/sk.wikipedia.org\/wiki\/Medzin\u00e1rodn\u00fd_de\u0148_pamiatky_obet\u00ed_holokaustu\">Medzin\u00e1rodn\u00e9ho d\u0148a pamiatky obet\u00ed holokaustu<\/a>.<\/p>\n<p><em><strong><a href=\"https:\/\/www.sprava.sk\/\" rel=\"noopener noreferrer\" target=\"_blank\">Spr\u00e1va<\/a><\/strong><\/em> slovensk\u00e9ho re\u017eis\u00e9ra Petra Bebjaka zachyt\u00e1va <a href=\"https:\/\/literarnenoviny.sk\/servis\/kniha-slovenskeho-autora-alfreda-wetzlera-co-dante-nevidel-bude-mat-filmovu-podobu\/\" rel=\"noopener noreferrer\" target=\"_blank\">obdivuhodn\u00fd \u010din<\/a> dvoch mlad\u00fdch slovensk\u00fdch \u017didov, ktor\u00fdm sa&nbsp;podarilo unikn\u00fa\u0165 z&nbsp;koncentra\u010dn\u00e9ho t\u00e1bora <a href=\"https:\/\/sk.wikipedia.org\/wiki\/Koncentra\u010dn\u00fd_t\u00e1bor_Auschwitz-Birkenau\" rel=\"noopener noreferrer\" target=\"_blank\">Osvien\u010dim<\/a> a&nbsp;pred svetom odhali\u0165 hr\u00f4zy odohr\u00e1vaj\u00face sa&nbsp;v&nbsp;tomto t\u00e1bore.<\/p>\n<p><center><div class=\"gca-utility vertical-spacer\"><\/div><iframe loading=\"lazy\" width=\"560\" height=\"315\" src=\"https:\/\/www.youtube.com\/embed\/D4RHGPF2VMg?start=0\" frameborder=\"0\" allow=\"accelerometer; autoplay; clipboard-write; encrypted-media; gyroscope; picture-in-picture\" allowfullscreen><\/iframe><div class=\"gca-utility vertical-spacer\"><\/div><\/center><\/p>\n<p>Tvorcovia filmu nakr\u00faten\u00e9ho v&nbsp;slovensko-nemecko-\u010deskej koprodukcii v&nbsp;\u0148om chceli vyzdvihn\u00fa\u0165 hrdinstvo vtedy 26-ro\u010dn\u00e9ho <a href=\"https:\/\/sk.wikipedia.org\/wiki\/Alfr\u00e9d_Wetzler\" rel=\"noopener noreferrer\" target=\"_blank\">Alfr\u00e9da Wetzlera<\/a> a&nbsp;20-ro\u010dn\u00e9ho <a href=\"https:\/\/sk.wikipedia.org\/wiki\/Rudolf_Vrba\" rel=\"noopener noreferrer\" target=\"_blank\">Rudolfa Vrbu<\/a> a&nbsp;pripomen\u00fa\u0165, kam a\u017e m\u00f4\u017eu vies\u0165 ak\u00e9ko\u013evek prejavy netolerancie v&nbsp;spolo\u010dnosti, uviedla za&nbsp;produkciu Martina Rekov\u00e1.<\/p>\n<p>De\u0148 pamiatky obet\u00ed holokaustu vyhl\u00e1sila OSN na&nbsp;27.&nbsp;janu\u00e1ra, ke\u010f bol v&nbsp;roku 1945  najv\u00e4\u010d\u0161\u00ed nemeck\u00fd nacistick\u00fd koncentra\u010dn\u00fd t\u00e1bor osloboden\u00fd. Hoci sa&nbsp;uvo\u013enenie spr\u00e1vy pozdr\u017ealo a&nbsp;<a href=\"https:\/\/sk.wikipedia.org\/wiki\/Vrbova_a_Wetzlerova_spr\u00e1va\" rel=\"noopener noreferrer\" target=\"_blank\">tridsa\u0165dvastr\u00e1nkov\u00fd dokument<\/a> zverejnili a\u017e po&nbsp;nieko\u013ek\u00fdch t\u00fd\u017ed\u0148och, odhaduje sa, \u017ee&nbsp;t\u00fdmto \u010dinom sa&nbsp;podarilo zachr\u00e1ni\u0165 asi 200-tis\u00edc \u017didov.<\/p>\n<p>Inform\u00e1cie zo&nbsp;spr\u00e1vy vtedy publikovali BBC \u010di&nbsp;The&nbsp;New York Times. P\u00e1pe\u017e <a href=\"https:\/\/sk.wikipedia.org\/wiki\/Pius_XII.\" rel=\"noopener noreferrer\" target=\"_blank\">Pius XII<\/a>. aj americk\u00fd prezident <a href=\"https:\/\/sk.wikipedia.org\/wiki\/Franklin_Delano_Roosevelt\" rel=\"noopener noreferrer\" target=\"_blank\">Franklin Delano Roosevelt<\/a> n\u00e1sledne po\u017eiadali Ma\u010farsko o&nbsp;zastavenie deport\u00e1ci\u00ed. To sa&nbsp;stalo 9.&nbsp;j\u00fala 1944, teda zhruba tri mesiace po&nbsp;\u00fateku mlad\u00fdch v\u00e4z\u0148ov.<\/p>\n<p><em>\u201eKe\u010f sa&nbsp;v\u00e1m do&nbsp;ruk dostane tak\u00fd skvel\u00fd scen\u00e1r, uvedom\u00edte si, \u010do&nbsp;m\u00e1me spolo\u010dn\u00e9 s&nbsp;t\u00fdmi, ktor\u00ed tu boli pred nami. Ich sila a&nbsp;odvaha je&nbsp;pre&nbsp;n\u00e1s ve\u013ekou in\u0161pir\u00e1ciou. O&nbsp;to viac, \u017ee&nbsp;v&nbsp;Eur\u00f3pe, ktor\u00e1 za\u017e\u00edva najdlh\u0161ie obdobie mieru a&nbsp;spolupr\u00e1ce v&nbsp;dejin\u00e1ch, sa&nbsp;op\u00e4\u0165 dv\u00edha vlna nen\u00e1visti, rozde\u013eovania a&nbsp;strachu,\u201c<\/em> uviedol zn\u00e1my britsk\u00fd herec <a href=\"https:\/\/cs.wikipedia.org\/wiki\/John_Hannah\" rel=\"noopener noreferrer\" target=\"_blank\">John Hannah<\/a>.<\/p>\n<p>Hanah vo&nbsp;filme stv\u00e1rnil postavu Warrena, spojku \u010cerven\u00e9ho kr\u00ed\u017ea, ktor\u00fd bol ako jeden z&nbsp;prv\u00fdch konfrontovan\u00fd s&nbsp;t\u00fdm, \u010do&nbsp;sa&nbsp;skuto\u010dne v&nbsp;Osvien\u010dime dialo, a&nbsp;je&nbsp;na&nbsp;\u0148om, aby t\u00fato spr\u00e1vu odovzdal ofici\u00e1lnym miestam.<\/p>\n<p>V hlavn\u00fdch \u00faloh\u00e1ch koproduk\u010dn\u00e9ho filmu div\u00e1ci uvidia slovensk\u00fdch hercov Noela Czuczora a&nbsp;Petra Ondreji\u010dka.<\/p>\n<p style=\"text-align: right;\"><small>&mdash;&nbsp;<a href=\"https:\/\/dnaproduction.sk\/\" target=\"_blank\" rel=\"noopener noreferrer\">D.N.A. Production<\/a> a&nbsp;<a href=\"https:\/\/Addmedia.news\" target=\"_blank\" rel=\"noopener noreferrer\">Addmedia.news<\/a><\/small><\/p>\n<div class=\"gca-utility clearfix\"><\/div>\n<div class=\"gca-utility vertical-spacer\"><\/div>\n<p><center><span class=\"fullscreen\"><script type=\"text\/javascript\" src=\"\/\/partner.mrtns.eu\/banners\/banner.js?type=banner&#038;brand_id=1&#038;uItem=72719&#038;size=full&#038;show_price=0&#038;color=blue&#038;z=WLGC7F\"><\/script><\/center><\/p>\n","protected":false},"excerpt":{"rendered":"<p>Film nakr\u00faten\u00fd pod\u013ea autobiografick\u00e9ho rom\u00e1nu Alfr\u00e9da Wetzlera \u010co Dante nevidel (1964), o&nbsp;\u00fateku z&nbsp;koncentra\u010dn\u00e9ho t\u00e1bora, uved\u00fa v&nbsp;premi\u00e9re bud\u00faci rok 28.&nbsp;janu\u00e1ra, pri pr\u00edle\u017eitosti Medzin\u00e1rodn\u00e9ho d\u0148a pamiatky obet\u00ed holokaustu. Sn\u00edmku Spr\u00e1va nakr\u00fatil slovensk\u00fd re\u017eis\u00e9r Peter Bebjak. <a href=\"https:\/\/literarnenoviny.sk\/servis\/film-podla-romanu-alfreda-wetzlera-co-dante-nevidel-bude-mat-premieru-28-januara\/\" class=\"more-link\">Cel\u00e1 spr\u00e1va <span class=\"meta-nav\">&rarr;<\/span><\/a><\/p>\n","protected":false},"author":2,"featured_media":0,"comment_status":"closed","ping_status":"closed","sticky":false,"template":"","format":"standard","meta":{"_links_to":"","_links_to_target":""},"categories":[1],"tags":[16,175,14,3],"_links":{"self":[{"href":"https:\/\/literarnenoviny.sk\/servis\/wp-json\/wp\/v2\/posts\/14187"}],"collection":[{"href":"https:\/\/literarnenoviny.sk\/servis\/wp-json\/wp\/v2\/posts"}],"about":[{"href":"https:\/\/literarnenoviny.sk\/servis\/wp-json\/wp\/v2\/types\/post"}],"author":[{"embeddable":true,"href":"https:\/\/literarnenoviny.sk\/servis\/wp-json\/wp\/v2\/users\/2"}],"replies":[{"embeddable":true,"href":"https:\/\/literarnenoviny.sk\/servis\/wp-json\/wp\/v2\/comments?post=14187"}],"version-history":[{"count":0,"href":"https:\/\/literarnenoviny.sk\/servis\/wp-json\/wp\/v2\/posts\/14187\/revisions"}],"wp:attachment":[{"href":"https:\/\/literarnenoviny.sk\/servis\/wp-json\/wp\/v2\/media?parent=14187"}],"wp:term":[{"taxonomy":"category","embeddable":true,"href":"https:\/\/literarnenoviny.sk\/servis\/wp-json\/wp\/v2\/categories?post=14187"},{"taxonomy":"post_tag","embeddable":true,"href":"https:\/\/literarnenoviny.sk\/servis\/wp-json\/wp\/v2\/tags?post=14187"}],"curies":[{"name":"wp","href":"https:\/\/api.w.org\/{rel}","templated":true}]}}