{"id":14010,"date":"2020-09-24T14:45:31","date_gmt":"2020-09-24T12:45:31","guid":{"rendered":"https:\/\/literarnenoviny.sk\/servis\/?p=14010"},"modified":"2020-09-24T20:24:35","modified_gmt":"2020-09-24T18:24:35","slug":"vitazom-sutaze-poviedka-2020-sa-stal-peter-hoferica-so-svojim-textom-o-nich","status":"publish","type":"post","link":"https:\/\/literarnenoviny.sk\/servis\/vitazom-sutaze-poviedka-2020-sa-stal-peter-hoferica-so-svojim-textom-o-nich\/","title":{"rendered":"V\u00ed\u0165azom s\u00fa\u0165a\u017ee Poviedka 2020 sa&nbsp;stal Peter Hoferica so&nbsp;svoj\u00edm textom O&nbsp;nich"},"content":{"rendered":"<p><strong>V\u00ed\u0165azom liter\u00e1rnej s\u00fa\u0165a\u017ee <a href=\"http:\/\/poviedka.kkbagala.sk\/\" rel=\"noopener noreferrer\" target=\"_blank\">Poviedka 2020<\/a> sa&nbsp;stal Peter Hoferica so&nbsp;svoj\u00edm textom <em><strong>O nich<\/strong><\/em><\/strong>. Do&nbsp;24.&nbsp;ro\u010dn\u00edka sa&nbsp;prihl\u00e1silo 302 pr\u00edspevkov, do&nbsp;druh\u00e9ho kola post\u00fapilo 35 poviedok a&nbsp;porota okrem v\u00ed\u0165aznej poviedky ocenila e\u0161te \u010fal\u0161\u00edch dev\u00e4\u0165 fin\u00e1lov\u00fdch pr\u00e1c.<\/p>\n<p>V\u0161etky ocenen\u00e9 diela Poviedky 2020 sa&nbsp;na\u010d\u00edtaj\u00fa ako audiopoviedky a&nbsp;bud\u00fa tie\u017e publikovan\u00e9 v&nbsp;zborn\u00edku.<\/p>\n<p><center><div class=\"gca-utility vertical-spacer\"><\/div><iframe loading=\"lazy\" src=\"https:\/\/www.facebook.com\/plugins\/post.php?href=https%3A%2F%2Fwww.facebook.com%2Fradiodevin.rtvs%2Fposts%2F3641682292522435&#038;show_text=true&#038;width=420&#038;appId=2424319851126972&#038;height=560\" width=\"420\" height=\"560\" style=\"border:none;overflow:hidden\" scrolling=\"no\" frameborder=\"0\" allowTransparency=\"true\" allow=\"encrypted-media\"><\/iframe><div class=\"gca-utility vertical-spacer\"><\/div><\/center><\/p>\n<p>Vyhl\u00e1senie v\u00fdsledkov Poviedky 2020 sa&nbsp;uskuto\u010dnilo vo&nbsp;vysielan\u00ed rozhlasovej rel\u00e1cie <a href=\"https:\/\/devin.rtvs.sk\/clanky\/temy\/233664\/ladenie-vyhlasenie-vitazov-literarnej-sutaze-poviedka-2020\" rel=\"noopener noreferrer\" target=\"_blank\">Ladenie<\/a> na&nbsp;<a href=\"https:\/\/devin.rtvs.sk\" rel=\"noopener noreferrer\" target=\"_blank\">R\u00e1diu Dev\u00edn<\/a> vo&nbsp;\u0161tvrtok 24.&nbsp;septembra kr\u00e1tko po&nbsp;14-tej hodine.<\/p>\n<p>O v\u00ed\u0165azn\u00fdch textoch tohtoro\u010dnej liter\u00e1rnej s\u00fa\u0165a\u017ee rozhodovala odborn\u00e1 porota v&nbsp;zlo\u017een\u00ed M\u00e1ria Modrovich, Peter \u0160ulej, Dominika Morav\u010d\u00edkov\u00e1, Pavol Rankov, Ivana Gibov\u00e1 a&nbsp;Radovan Poto\u010d\u00e1r.<\/p>\n<p>Predsedn\u00ed\u010dka poroty spisovate\u013eka M\u00e1ria Modrovich vyzdvihla pri poviedke Petra Hofericu jej svie\u017ei jazyk a&nbsp;predov\u0161etk\u00fdm to, \u017ee&nbsp;na&nbsp;v\u00ed\u0165aznom texte sa&nbsp;dok\u00e1zala zhodn\u00fa\u0165 cel\u00e1 porota.<\/p>\n<p>Vyhlasovate\u013eom s\u00fa\u0165a\u017ee Poviedka je&nbsp;u\u017e&nbsp;od&nbsp;roku 1996 vydavate\u013estvo <a href=\"http:\/\/www.kkbagala.sk\/\" rel=\"noopener noreferrer\" target=\"_blank\">KK Bagala<\/a>.<\/p>\n<p style=\"text-align: right;\"><small>&mdash;&nbsp;<a href=\"http:\/\/poviedka.kkbagala.sk\/\" target=\"_blank\" rel=\"noopener noreferrer\">KK Bagala<\/a> a&nbsp;<a href=\"https:\/\/devin.rtvs.sk\/clanky\/temy\/233664\/ladenie-vyhlasenie-vitazov-literarnej-sutaze-poviedka-2020\" target=\"_blank\" rel=\"noopener noreferrer\">R\u00e1dio Dev\u00edn<\/a><\/small><\/p>\n<div class=\"gca-utility clearfix\"><\/div>\n<div class=\"gca-utility vertical-spacer\"><\/div>\n<p><center><span class=\"fullscreen\"><a href=\"\/\/www.martinus.sk\/?z=WLGC7F&#038;utm_source=z%3DWLGC7F&#038;utm_medium=banner1_468x60&#038;utm_campaign=partner\"><img decoding=\"async\" src=\"\/\/www.martinus.sk\/images\/banners\/468x60_red.jpg\" alt=\"www.martinus.sk\" \/><\/a><\/span><\/center><\/p>\n","protected":false},"excerpt":{"rendered":"<p>V\u00ed\u0165azom liter\u00e1rnej s\u00fa\u0165a\u017ee Poviedka 2020 sa&nbsp;stal Peter Hoferica so&nbsp;svoj\u00edm textom O&nbsp;nich. Do&nbsp;24.&nbsp;ro\u010dn\u00edka sa&nbsp;prihl\u00e1silo 302 pr\u00edspevkov, do&nbsp;druh\u00e9ho kola post\u00fapilo 35  a&nbsp;porota okrem v\u00ed\u0165aznej poviedky ocenila e\u0161te \u010fal\u0161\u00edch dev\u00e4\u0165 pr\u00e1c. Ocenen\u00e9 poviedky z\u00edskaj\u00fa podobu audiopoviedok a&nbsp;bud\u00fa tie\u017e publikovan\u00e9 v&nbsp;zborn\u00edku. <a href=\"https:\/\/literarnenoviny.sk\/servis\/vitazom-sutaze-poviedka-2020-sa-stal-peter-hoferica-so-svojim-textom-o-nich\/\" class=\"more-link\">Cel\u00e1 spr\u00e1va <span class=\"meta-nav\">&rarr;<\/span><\/a><\/p>\n","protected":false},"author":2,"featured_media":0,"comment_status":"closed","ping_status":"closed","sticky":false,"template":"","format":"standard","meta":{"_links_to":"","_links_to_target":""},"categories":[1],"tags":[21,51,52],"_links":{"self":[{"href":"https:\/\/literarnenoviny.sk\/servis\/wp-json\/wp\/v2\/posts\/14010"}],"collection":[{"href":"https:\/\/literarnenoviny.sk\/servis\/wp-json\/wp\/v2\/posts"}],"about":[{"href":"https:\/\/literarnenoviny.sk\/servis\/wp-json\/wp\/v2\/types\/post"}],"author":[{"embeddable":true,"href":"https:\/\/literarnenoviny.sk\/servis\/wp-json\/wp\/v2\/users\/2"}],"replies":[{"embeddable":true,"href":"https:\/\/literarnenoviny.sk\/servis\/wp-json\/wp\/v2\/comments?post=14010"}],"version-history":[{"count":0,"href":"https:\/\/literarnenoviny.sk\/servis\/wp-json\/wp\/v2\/posts\/14010\/revisions"}],"wp:attachment":[{"href":"https:\/\/literarnenoviny.sk\/servis\/wp-json\/wp\/v2\/media?parent=14010"}],"wp:term":[{"taxonomy":"category","embeddable":true,"href":"https:\/\/literarnenoviny.sk\/servis\/wp-json\/wp\/v2\/categories?post=14010"},{"taxonomy":"post_tag","embeddable":true,"href":"https:\/\/literarnenoviny.sk\/servis\/wp-json\/wp\/v2\/tags?post=14010"}],"curies":[{"name":"wp","href":"https:\/\/api.w.org\/{rel}","templated":true}]}}