{"id":13891,"date":"2020-09-09T12:00:08","date_gmt":"2020-09-09T10:00:08","guid":{"rendered":"https:\/\/literarnenoviny.sk\/servis\/?p=13891"},"modified":"2020-09-09T20:21:04","modified_gmt":"2020-09-09T18:21:04","slug":"slovenska-prezidentka-zuzana-caputova-polozila-kamienok-na-hrob-alfreda-wetzlera","status":"publish","type":"post","link":"https:\/\/literarnenoviny.sk\/servis\/slovenska-prezidentka-zuzana-caputova-polozila-kamienok-na-hrob-alfreda-wetzlera\/","title":{"rendered":"Slovensk\u00e1 prezidentka Zuzana \u010caputov\u00e1 polo\u017eila kamienok na&nbsp;hrob Alfr\u00e9da Wetzlera"},"content":{"rendered":"<p><strong>Prezidentka Slovenskej republiky <a href=\"https:\/\/sk.wikipedia.org\/wiki\/Zuzana_\u010caputov\u00e1\" rel=\"noopener noreferrer\" target=\"_blank\">Zuzana \u010caputov\u00e1<\/a> polo\u017eila kamienok na&nbsp;hrob <a href=\"https:\/\/sk.wikipedia.org\/wiki\/Alfr\u00e9d_Wetzler\" rel=\"noopener noreferrer\" target=\"_blank\">Alfr\u00e9da Wetzlera<\/a><\/strong>, ktor\u00e9mu sa&nbsp;spolu s&nbsp;<a href=\"https:\/\/sk.wikipedia.org\/wiki\/Rudolf_Vrba\" rel=\"noopener noreferrer\" target=\"_blank\">Rudolfom Vrbom<\/a> podarilo v&nbsp;roku 1944 ujs\u0165 z&nbsp;koncentra\u010dn\u00e9ho t\u00e1bora <a href=\"http:\/\/auschwitz.org\/\" rel=\"noopener noreferrer\" target=\"_blank\">Auschwitz-Birkenau<\/a>. Stalo sa&nbsp;tak pri pr\u00edle\u017eitosti D\u0148a obet\u00ed holokaustu a&nbsp;rasov\u00e9ho n\u00e1silia. <\/p>\n<p>Pam\u00e4tn\u00fd de\u0148 si prezidentka <a href=\"https:\/\/www.prezident.sk\/article\/prezidentka-si-uctila-pamiatku-obeti-holokaustu\/\" rel=\"noopener noreferrer\" target=\"_blank\">pripomenula pietnou spomienkou<\/a> na&nbsp;\u017eidovskom ortodoxnom cintor\u00edne na&nbsp;\u017di\u017ekovej ulici v&nbsp;Bratislave.<\/p>\n<p><center><div class=\"gca-utility vertical-spacer\"><\/div><iframe loading=\"lazy\" src=\"https:\/\/www.facebook.com\/plugins\/post.php?href=https%3A%2F%2Fwww.facebook.com%2Fzcaputova%2Fposts%2F1521424808065498&#038;show_text=true&#038;width=460&#038;appId=2424319851126972&#038;height=780\" width=\"460\" height=\"780\" style=\"border:none;overflow:hidden\" scrolling=\"no\" frameborder=\"0\" allowTransparency=\"true\" allow=\"encrypted-media\"><\/iframe><div class=\"gca-utility vertical-spacer\"><\/div><\/center><\/p>\n<p>Alfr\u00e9d Wetzler a&nbsp;Rudolf Vrba ako prv\u00ed <a href=\"https:\/\/www.upn.gov.sk\/sk\/sprava-alfreda-wetzlera-a-rudolfa-vrbu-1944\/\" rel=\"noopener noreferrer\" target=\"_blank\">podali svedectvo<\/a> o&nbsp;tom, \u010do&nbsp;sa&nbsp;v&nbsp;nacistickom t\u00e1bore smrti deje. Wetzler v&nbsp;roku 1945 vydal bro\u017e\u00faru <em><strong>Oswien\u010dim, hrobka \u0161tyroch mili\u00f3nov \u013eud\u00ed<\/strong><\/em>. Bola ohromuj\u00facim svedectvom \u010dloveka, ktor\u00fd hr\u00f4zy t\u00e1bora pre\u017e\u00edval dva roky. Nap\u00edsal ju dokument\u00e1rne a&nbsp;faktograficky, \u010do&nbsp;len zv\u00fd\u0161ilo jej presved\u010divos\u0165. <\/p>\n<p>Nechcen\u00fd hrdina Wetzler, ako ho nazval v&nbsp;jednom svojom \u010dl\u00e1nku historik Ivan Kamenec, sa&nbsp;k&nbsp;t\u00e9me sa&nbsp;vr\u00e1til e\u0161te raz v&nbsp;beletristickej forme, ke\u010f vydal pod pseudonymom Jozef L\u00e1nik rom\u00e1n <em><strong><a href=\"https:\/\/www.martinus.sk\/?uItem=72719&#038;z=WLGC7F&#038;utm_source=z%3DWLGC7F&#038;utm_medium=url&#038;utm_campaign=partner\" rel=\"noopener noreferrer\" target=\"_blank\">\u010co Dante nevidel<\/a><\/strong> (1964)<\/em>. <\/p>\n<p>Liter\u00e1rny kritik Alexander Matu\u0161ka o&nbsp;tejto knihe nap\u00edsal, \u017ee&nbsp;je&nbsp;to n\u00e1\u0161 najlep\u0161\u00ed rom\u00e1n vo&nbsp;svojom \u017e\u00e1nri. A\u017e piate vydanie Wetzlerovho rom\u00e1nu z&nbsp;roku 2009 vy\u0161lo pod jeho skuto\u010dn\u00fdm menom a&nbsp;bolo doplnen\u00e9 <em><strong><a href=\"https:\/\/www.upn.gov.sk\/sk\/sprava-alfreda-wetzlera-a-rudolfa-vrbu-1944\/\" rel=\"noopener noreferrer\" target=\"_blank\">Spr\u00e1vou Wetzlera a&nbsp;Vrbu<\/a><\/strong><\/em>.<\/p>\n<p>Jej <a href=\"https:\/\/literarnenoviny.sk\/servis\/kniha-slovenskeho-autora-alfreda-wetzlera-co-dante-nevidel-bude-mat-filmovu-podobu\/\" rel=\"noopener noreferrer\" target=\"_blank\">filmov\u00fa adapt\u00e1ciu<\/a> s&nbsp;n\u00e1zvom <em><strong><a href=\"https:\/\/www.sprava.sk\/\" rel=\"noopener noreferrer\" target=\"_blank\">Spr\u00e1va<\/a><\/strong><\/em> nakr\u00faca slovensk\u00fd re\u017eis\u00e9r Peter Bebjak.<\/p>\n<p>Rudolf Vrba, ktor\u00fd z&nbsp;totalitn\u00e9ho \u010ceskoslovenska emigroval, pr\u00edbeh op\u00edsal v&nbsp;knihe <em><strong><a href=\"https:\/\/www.martinus.sk\/?uItem=210205&#038;z=WLGC7F&#038;utm_source=z%3DWLGC7F&#038;utm_medium=url&#038;utm_campaign=partner\" rel=\"noopener noreferrer\" target=\"_blank\">Utiekol som z&nbsp;Osvien\u010dimu<\/a><\/strong> (I&nbsp;Cannot forgive, 1963)<\/em>. P\u00f4vodne vy\u0161la v&nbsp;Lond\u00fdne.<\/p>\n<p>Holokaust nie je&nbsp;pod\u013ea slovenskej prezidentky len trag\u00e9diou Z\u030cidov. <\/p>\n<p><em>\u201eJe to tragick\u00e1\u0301 kapitola aj nas\u030cich deji\u0301n. Z\u030cidovsky\u0301 ko\u0301dex, ktory\u0301 9.&nbsp;septembra 1941 prijala vla\u0301da vojnove\u0301ho Slovenske\u0301ho s\u030cta\u0301tu, vyhla\u0301sil svojich vlastny\u0301ch obc\u030canov a&nbsp;obc\u030cianky za&nbsp;menejcenny\u0301ch a&nbsp;vystavili ich nel\u030cudske\u0301mu zaobcha\u0301dzaniu a&nbsp;istej smrti,&#8220;<\/em> uviedla Zuzana \u010caputov\u00e1.<\/p>\n<p style=\"text-align: right;\"><small>&mdash;&nbsp;<a href=\"https:\/\/www.prezident.sk\/article\/prezidentka-si-uctila-pamiatku-obeti-holokaustu\/\" target=\"_blank\" rel=\"noopener noreferrer\">Kancel\u00e1ria prezidenta SR<\/a> a&nbsp;<a href=\"https:\/\/addmedia.news\" target=\"_blank\" rel=\"noopener noreferrer\">Addmedia News<\/a><\/small><\/p>\n<div class=\"gca-utility clearfix\"><\/div>\n<div class=\"gca-utility vertical-spacer\"><\/div>\n<p><center><span class=\"fullscreen\"><a href=\"\/\/www.martinus.sk\/?z=WLGC7F&#038;utm_source=z%3DWLGC7F&#038;utm_medium=banner1_468x60&#038;utm_campaign=partner\"><img decoding=\"async\" src=\"\/\/www.martinus.sk\/images\/banners\/468x60.jpg\" alt=\"www.martinus.sk\" \/><\/a><\/span><\/center><\/p>\n","protected":false},"excerpt":{"rendered":"<p>Prezidentka Slovenskej republiky Zuzana \u010caputov\u00e1 polo\u017eila kamienok na&nbsp;hrob Alfr\u00e9da Wetzlera, ktor\u00e9mu sa&nbsp;spolu s&nbsp;Rudolfom Vrbom podarilo v&nbsp;roku 1944 ujs\u0165 z&nbsp;koncentra\u010dn\u00e9ho t\u00e1bora Auschwitz-Birkenau. Stalo sa&nbsp;tak pri pr\u00edle\u017eitosti D\u0148a obet\u00ed holokaustu a&nbsp;rasov\u00e9ho n\u00e1silia. <a href=\"https:\/\/literarnenoviny.sk\/servis\/slovenska-prezidentka-zuzana-caputova-polozila-kamienok-na-hrob-alfreda-wetzlera\/\" class=\"more-link\">Cel\u00e1 spr\u00e1va <span class=\"meta-nav\">&rarr;<\/span><\/a><\/p>\n","protected":false},"author":2,"featured_media":0,"comment_status":"closed","ping_status":"closed","sticky":false,"template":"","format":"standard","meta":{"_links_to":"","_links_to_target":""},"categories":[1],"tags":[5,14,23,136],"_links":{"self":[{"href":"https:\/\/literarnenoviny.sk\/servis\/wp-json\/wp\/v2\/posts\/13891"}],"collection":[{"href":"https:\/\/literarnenoviny.sk\/servis\/wp-json\/wp\/v2\/posts"}],"about":[{"href":"https:\/\/literarnenoviny.sk\/servis\/wp-json\/wp\/v2\/types\/post"}],"author":[{"embeddable":true,"href":"https:\/\/literarnenoviny.sk\/servis\/wp-json\/wp\/v2\/users\/2"}],"replies":[{"embeddable":true,"href":"https:\/\/literarnenoviny.sk\/servis\/wp-json\/wp\/v2\/comments?post=13891"}],"version-history":[{"count":0,"href":"https:\/\/literarnenoviny.sk\/servis\/wp-json\/wp\/v2\/posts\/13891\/revisions"}],"wp:attachment":[{"href":"https:\/\/literarnenoviny.sk\/servis\/wp-json\/wp\/v2\/media?parent=13891"}],"wp:term":[{"taxonomy":"category","embeddable":true,"href":"https:\/\/literarnenoviny.sk\/servis\/wp-json\/wp\/v2\/categories?post=13891"},{"taxonomy":"post_tag","embeddable":true,"href":"https:\/\/literarnenoviny.sk\/servis\/wp-json\/wp\/v2\/tags?post=13891"}],"curies":[{"name":"wp","href":"https:\/\/api.w.org\/{rel}","templated":true}]}}