{"id":13880,"date":"2020-09-08T23:00:08","date_gmt":"2020-09-08T21:00:08","guid":{"rendered":"https:\/\/literarnenoviny.sk\/servis\/?p=13880"},"modified":"2020-09-09T17:23:06","modified_gmt":"2020-09-09T15:23:06","slug":"frankfurtsky-knizny-veltrh-bude-tento-rok-kvoli-koronavirusu-prevazne-virtualny","status":"publish","type":"post","link":"https:\/\/literarnenoviny.sk\/servis\/frankfurtsky-knizny-veltrh-bude-tento-rok-kvoli-koronavirusu-prevazne-virtualny\/","title":{"rendered":"Frankfurtsk\u00fd kni\u017en\u00fd ve\u013etrh bude tento rok kv\u00f4li koronav\u00edrusu preva\u017ene virtu\u00e1lny"},"content":{"rendered":"<p><strong>Tohtoro\u010dn\u00fd <a href=\"https:\/\/www.buchmesse.de\/\" rel=\"noopener noreferrer\" target=\"_blank\">Frankfurtsk\u00fd kni\u017en\u00fd ve\u013etrh<\/a> bude kv\u00f4li pand\u00e9mii preva\u017ene virtu\u00e1lny<\/strong>, usporiadatelia zru\u0161ili jeho hlavn\u00fa \u010das\u0165, teda prezent\u00e1ciu vystavovate\u013eov vo&nbsp;ve\u013etr\u017en\u00fdch hal\u00e1ch.<\/p>\n<p>Informovali o&nbsp;tom organiz\u00e1tori prest\u00ed\u017eneho podujatia, ktor\u00e9 sa&nbsp;m\u00e1 uskuto\u010dni\u0165 v&nbsp;d\u0148och 14.&nbsp;a\u017e 18.&nbsp;okt\u00f3bra.<\/p>\n<p><center><div class=\"gca-utility vertical-spacer\"><\/div>\n<blockquote class=\"twitter-tweet\">\n<p lang=\"de\" dir=\"ltr\">Heute um 16 Uhr ist Juergen Boos, Direktor der Frankfurter Buchmesse, im Gespr\u00e4ch mit dem Branchenmagazin B\u00f6rsenblatt <a href=\"https:\/\/twitter.com\/bbl_news?ref_src=twsrc%5Etfw\">@bbl_news<\/a> . Das Gespr\u00e4ch wird per Livestream \u00fcbertragen: <a href=\"https:\/\/t.co\/sxEa0Iqquq\">https:\/\/t.co\/sxEa0Iqquq<\/a> <a href=\"https:\/\/twitter.com\/hashtag\/fbm20?src=hash&amp;ref_src=twsrc%5Etfw\">#fbm20<\/a><\/p>\n<p>&mdash; FrankfurterBuchmesse (@Book_Fair) <a href=\"https:\/\/twitter.com\/Book_Fair\/status\/1303316057701183488?ref_src=twsrc%5Etfw\">September 8, 2020<\/a><\/p><\/blockquote>\n<p> <script async src=\"https:\/\/platform.twitter.com\/widgets.js\" charset=\"utf-8\"><\/script><div class=\"gca-utility vertical-spacer\"><\/div><\/center><\/p>\n<p><em>\u201eKv\u00f4li aktu\u00e1lne platn\u00fdm cestovn\u00fdm obmedzeniam nem\u00f4\u017eu by\u0165 mnoh\u00e9 st\u00e1nky kraj\u00edn realizovan\u00e9 tak, ako bolo pl\u00e1novan\u00e9,&#8220;<\/em> uviedli usporiadatelia <a href=\"https:\/\/www.buchmesse.de\/en\/press\/press-releases\/2020-09-08-frankfurter-buchmesse-2020-special-edition-online-and-city\" rel=\"noopener noreferrer\" target=\"_blank\">Frankfurter Buchmesse 2020<\/a> vo&nbsp;svojom zd\u00f4vodnen\u00ed. <\/p>\n<p>Okrem toho karant\u00e9nne opatrenia, s&nbsp;ktor\u00fdmi sa&nbsp;od&nbsp;okt\u00f3bra po\u010d\u00edta, pod\u013ea nich prakticky znemo\u017enia \u00fa\u010das\u0165 eur\u00f3pskym vystavovate\u013eom aj n\u00e1v\u0161tevn\u00edkom z&nbsp;radov odbornej verejnosti.<\/p>\n<p style=\"text-align: right;\"><small>&mdash;&nbsp;<a href=\"https:\/\/www.buchmesse.de\/en\/press\/press-releases\/2020-09-08-frankfurter-buchmesse-2020-special-edition-online-and-city\" target=\"_blank\" rel=\"noopener noreferrer\">Frankfurter Buchmesse<\/a><\/small><\/p>\n<div class=\"gca-utility clearfix\"><\/div>\n<div class=\"gca-utility vertical-spacer\"><\/div>\n<p><center><span class=\"fullscreen\">[wp_bannerize group=&#8220;468&#215;60 UNI&#8220; random=&#8220;1&#8243; limit=&#8220;1&#8243;]<\/span><\/center><\/p>\n","protected":false},"excerpt":{"rendered":"<p>Tohtoro\u010dn\u00fd Frankfurtsk\u00fd kni\u017en\u00fd ve\u013etrh bude kv\u00f4li pand\u00e9mii preva\u017ene virtu\u00e1lny, usporiadatelia zru\u0161ili jeho hlavn\u00fa \u010das\u0165, teda prezent\u00e1ciu vystavovate\u013eov vo&nbsp;ve\u013etr\u017en\u00fdch hal\u00e1ch. Informovali o&nbsp;tom organiz\u00e1tori prest\u00ed\u017eneho podujatia, ktor\u00e9 sa&nbsp;m\u00e1 uskuto\u010dni\u0165 v&nbsp;d\u0148och 14.&nbsp;a\u017e 18.&nbsp;okt\u00f3bra. <a href=\"https:\/\/literarnenoviny.sk\/servis\/frankfurtsky-knizny-veltrh-bude-tento-rok-kvoli-koronavirusu-prevazne-virtualny\/\" class=\"more-link\">Cel\u00e1 spr\u00e1va <span class=\"meta-nav\">&rarr;<\/span><\/a><\/p>\n","protected":false},"author":2,"featured_media":0,"comment_status":"closed","ping_status":"closed","sticky":false,"template":"","format":"standard","meta":{"_links_to":"","_links_to_target":""},"categories":[1],"tags":[15,14,171,8,100],"_links":{"self":[{"href":"https:\/\/literarnenoviny.sk\/servis\/wp-json\/wp\/v2\/posts\/13880"}],"collection":[{"href":"https:\/\/literarnenoviny.sk\/servis\/wp-json\/wp\/v2\/posts"}],"about":[{"href":"https:\/\/literarnenoviny.sk\/servis\/wp-json\/wp\/v2\/types\/post"}],"author":[{"embeddable":true,"href":"https:\/\/literarnenoviny.sk\/servis\/wp-json\/wp\/v2\/users\/2"}],"replies":[{"embeddable":true,"href":"https:\/\/literarnenoviny.sk\/servis\/wp-json\/wp\/v2\/comments?post=13880"}],"version-history":[{"count":0,"href":"https:\/\/literarnenoviny.sk\/servis\/wp-json\/wp\/v2\/posts\/13880\/revisions"}],"wp:attachment":[{"href":"https:\/\/literarnenoviny.sk\/servis\/wp-json\/wp\/v2\/media?parent=13880"}],"wp:term":[{"taxonomy":"category","embeddable":true,"href":"https:\/\/literarnenoviny.sk\/servis\/wp-json\/wp\/v2\/categories?post=13880"},{"taxonomy":"post_tag","embeddable":true,"href":"https:\/\/literarnenoviny.sk\/servis\/wp-json\/wp\/v2\/tags?post=13880"}],"curies":[{"name":"wp","href":"https:\/\/api.w.org\/{rel}","templated":true}]}}