{"id":13857,"date":"2020-09-06T23:25:21","date_gmt":"2020-09-06T21:25:21","guid":{"rendered":"https:\/\/literarnenoviny.sk\/servis\/?p=13857"},"modified":"2020-10-15T22:06:33","modified_gmt":"2020-10-15T20:06:33","slug":"vo-veku-82-rokov-zomrel-cesky-filmovy-reziser-scenarista-a-herec-jiri-menzel","status":"publish","type":"post","link":"https:\/\/literarnenoviny.sk\/servis\/vo-veku-82-rokov-zomrel-cesky-filmovy-reziser-scenarista-a-herec-jiri-menzel\/","title":{"rendered":"Vo veku 82 rokov zomrel \u010desk\u00fd filmov\u00fd re\u017eis\u00e9r, scen\u00e1rista a&nbsp;herec Ji\u0159\u00ed Menzel"},"content":{"rendered":"<p><strong>Vo veku 82 rokov zomrel \u010desk\u00fd filmov\u00fd re\u017eis\u00e9r, scen\u00e1rista a&nbsp;herec <a href=\"https:\/\/cs.wikipedia.org\/wiki\/Ji%C5%99%C3%AD_Menzel\" rel=\"noopener noreferrer\" target=\"_blank\">Ji\u0159\u00ed Menzel<\/a><\/strong>. Na&nbsp;soci\u00e1lnej sieti to ozn\u00e1mila jeho <a href=\"https:\/\/www.facebook.com\/profile.php?id=100011483103716\">man\u017eelka Olga<\/a>.<\/p>\n<p><em>\u201eV\u010dera ve\u010der doma v&nbsp;na\u0161ich n\u00e1ru\u010d\u00edch tvoje t\u011blo opustilo n\u00e1\u0161 pozemsk\u00fd sv\u011bt. Bylo n\u00e1m velkou ct\u00ed, \u017ee&nbsp;jsme t\u011b mohly doprovodit na&nbsp;tvoj\u00ed posledn\u00ed cest\u011b,\u201d <\/em>nap\u00edsala Olga Menzelov\u00e1 na&nbsp;Facebooku.<\/p>\n<p><center><div class=\"gca-utility vertical-spacer\"><\/div><iframe loading=\"lazy\" width=\"560\" height=\"315\" src=\"https:\/\/www.youtube.com\/embed\/_Em-lJlFO3w?start=0\" frameborder=\"0\" allow=\"accelerometer; autoplay; encrypted-media; gyroscope; picture-in-picture\" allowfullscreen><\/iframe>><div class=\"gca-utility vertical-spacer\"><\/div><\/center><\/p>\n<p>Ji\u0159\u00ed Menzel, syn prvorepublikov\u00e9ho spisovate\u013ea a&nbsp;scen\u00e1ristu Josefa Menzela, patril k&nbsp;hlavn\u00fdm postav\u00e1m \u010deskoslovenskej filmovej novej vlny. Za&nbsp;sn\u00edmku <em><strong>Ost\u0159e sledovan\u00e9 vlaky<\/strong> (1966)<\/em>, nakr\u00faten\u00fa pod\u013ea <a href=\"https:\/\/www.martinus.sk\/?uItem=75854&#038;z=WLGC7F&#038;utm_source=z%3DWLGC7F&#038;utm_medium=url&#038;utm_campaign=partner\" rel=\"noopener noreferrer\" target=\"_blank\">rovnomennej predlohy<\/a> \u010desk\u00e9ho spisovate\u013ea <a href=\"https:\/\/cs.wikipedia.org\/wiki\/Bohumil_Hrabal\" rel=\"noopener noreferrer\" target=\"_blank\">Bohumila Hrabala<\/a>, z\u00edskal Oscara.<\/p>\n<p>Div\u00e1kov aj kritiku zaujal Menzel u\u017e&nbsp;svoj\u00edm debutom, adapt\u00e1ciou Hrabalovej poviedky <em><strong>Smrt pana Baltazara<\/strong><\/em> vo&nbsp;filmu <em><strong>Perli\u010dky na&nbsp;dn\u011b<\/strong> (1965)<\/em>.<\/p>\n<p>Pod\u013ea Hrabalov\u00fdch kn\u00edh nakr\u00fatil aj d\u010fl\u0161ie filmy, ako <em><strong>Sk\u0159iv\u00e1nci na&nbsp;niti<\/strong> (1969)<\/em>, <em><strong>Post\u0159i\u017einy<\/strong> (1980)<\/em>, <em><strong>Slavnosti sn\u011b\u017eenek<\/strong> (1983)<\/em> alebo <em><strong>Obsluhoval jsem anglick\u00e9ho kr\u00e1le<\/strong> (2006)<\/em>.<\/p>\n<p>N\u00e1 pl\u00e1tna k\u00edn preniesol v&nbsp;roku 1967 aj novelu <em><strong><a href=\"https:\/\/www.martinus.sk\/?uItem=241893&#038;z=WLGC7F&#038;utm_source=z%3DWLGC7F&#038;utm_medium=url&#038;utm_campaign=partner\">Rozmarn\u00e9 l\u00e9to<\/a><\/strong> (1926)<\/em> od&nbsp;<a href=\"https:\/\/cs.wikipedia.org\/wiki\/Vladislav_Van\u010dura\" rel=\"noopener noreferrer\" target=\"_blank\">Vladislava Van\u010duru<\/a>, ktor\u00e1 sa&nbsp;pre&nbsp;jej archaick\u00fd kvetnat\u00fd jazyk, pova\u017eovala za&nbsp;nesfilmovate\u013en\u00fa.<\/p>\n<p style=\"text-align: right;\"><small>&mdash;&nbsp;<a href=\"https:\/\/magazin.aktualne.cz\/kultura\/zemrel-jiri-menzel-legenda-ceskeho-filmu\/r~0cae64c6f08311eaa6f6ac1f6b220ee8\/\" target=\"_blank\" rel=\"noopener noreferrer\">Aktu\u00e1ln\u011b.cz<\/a><\/small><\/p>\n<div class=\"gca-utility clearfix\"><\/div>\n<div class=\"gca-utility vertical-spacer\"><\/div>\n<p><center><span class=\"fullscreen\"><a href=\"\/\/www.martinus.sk\/?z=WLGC7F&#038;utm_source=z%3DWLGC7F&#038;utm_medium=banner1_468x60&#038;utm_campaign=partner\"><img decoding=\"async\" src=\"\/\/www.martinus.sk\/images\/banners\/468x60.jpg\" alt=\"www.martinus.sk\" \/><\/a><\/span><\/center><\/p>\n","protected":false},"excerpt":{"rendered":"<p>Vo veku 82 rokov zomrel \u010desk\u00fd filmov\u00fd re\u017eis\u00e9r, scen\u00e1rista a&nbsp;herec Ji\u0159\u00ed Menzel. Na&nbsp;soci\u00e1lnej sieti to ozn\u00e1mila jeho man\u017eelka Olga. Syn prvorepublikov\u00e9ho spisovate\u013ea a&nbsp;scen\u00e1ristu Josefa Menzela patril k&nbsp;hlavn\u00fdm postav\u00e1m \u010deskoslovenskej filmovej novej vlny.  <a href=\"https:\/\/literarnenoviny.sk\/servis\/vo-veku-82-rokov-zomrel-cesky-filmovy-reziser-scenarista-a-herec-jiri-menzel\/\" class=\"more-link\">Cel\u00e1 spr\u00e1va <span class=\"meta-nav\">&rarr;<\/span><\/a><\/p>\n","protected":false},"author":2,"featured_media":0,"comment_status":"closed","ping_status":"closed","sticky":false,"template":"","format":"standard","meta":{"_links_to":"","_links_to_target":""},"categories":[1],"tags":[2,16,4,3,21,209],"_links":{"self":[{"href":"https:\/\/literarnenoviny.sk\/servis\/wp-json\/wp\/v2\/posts\/13857"}],"collection":[{"href":"https:\/\/literarnenoviny.sk\/servis\/wp-json\/wp\/v2\/posts"}],"about":[{"href":"https:\/\/literarnenoviny.sk\/servis\/wp-json\/wp\/v2\/types\/post"}],"author":[{"embeddable":true,"href":"https:\/\/literarnenoviny.sk\/servis\/wp-json\/wp\/v2\/users\/2"}],"replies":[{"embeddable":true,"href":"https:\/\/literarnenoviny.sk\/servis\/wp-json\/wp\/v2\/comments?post=13857"}],"version-history":[{"count":0,"href":"https:\/\/literarnenoviny.sk\/servis\/wp-json\/wp\/v2\/posts\/13857\/revisions"}],"wp:attachment":[{"href":"https:\/\/literarnenoviny.sk\/servis\/wp-json\/wp\/v2\/media?parent=13857"}],"wp:term":[{"taxonomy":"category","embeddable":true,"href":"https:\/\/literarnenoviny.sk\/servis\/wp-json\/wp\/v2\/categories?post=13857"},{"taxonomy":"post_tag","embeddable":true,"href":"https:\/\/literarnenoviny.sk\/servis\/wp-json\/wp\/v2\/tags?post=13857"}],"curies":[{"name":"wp","href":"https:\/\/api.w.org\/{rel}","templated":true}]}}