{"id":13801,"date":"2020-08-31T23:00:46","date_gmt":"2020-08-31T21:00:46","guid":{"rendered":"https:\/\/literarnenoviny.sk\/servis\/?p=13801"},"modified":"2020-09-02T23:03:03","modified_gmt":"2020-09-02T21:03:03","slug":"ceskou-knihou-roka-sa-stala-biografia-jana-zizku-od-historika-petra-corneja","status":"publish","type":"post","link":"https:\/\/literarnenoviny.sk\/servis\/ceskou-knihou-roka-sa-stala-biografia-jana-zizku-od-historika-petra-corneja\/","title":{"rendered":"\u010ceskou knihou roka sa&nbsp;stala biografia Jana \u017di\u017eku od&nbsp;historika Petra \u010corneja"},"content":{"rendered":"<p><strong>\u010ceskou knihou roka sa&nbsp;stala biografia Jana \u017di\u017eku od&nbsp;historika Petra \u010corneja<\/strong>. Titul <em><strong>Jan <a href=\"https:\/\/www.martinus.sk\/?uItem=669933&#038;z=WLGC7F&#038;utm_source=z%3DWLGC7F&#038;utm_medium=url&#038;utm_campaign=partner\">\u017di\u017eka: \u017divot a&nbsp;doba husitsk\u00e9ho v\u00e1le\u010dn\u00edka<\/a><\/strong><\/em> zv\u00ed\u0165azil aj v&nbsp;kateg\u00f3rii n\u00e1u\u010dnej literat\u00fary ceny <strong><a href=\"https:\/\/www.magnesia-litera.cz\/\" rel=\"noopener noreferrer\" target=\"_blank\">Magnesia Litera<\/a><\/strong>. V&nbsp;najsledovanej\u0161ej kateg\u00f3rii Litera za&nbsp;pr\u00f3zu uspel Ji\u0159\u00ed Kratochvil s&nbsp;rom\u00e1nom <em><strong>Li\u0161ka v&nbsp;d\u00e1mu<\/strong><\/em>.<\/p>\n<p>Hlavn\u00fa cenu Kniha roka vyber\u00e1 zo&nbsp;v\u0161etk\u00fdch kateg\u00f3ri\u00ed tristo osloven\u00fdch z\u00e1stupcov z&nbsp;liter\u00e1rnej oblasti. Historick\u00e1 publik\u00e1cia toto ocenenie z\u00edskala aj v&nbsp;roku 2014. Vtedy uspel Ji\u0159\u00ed Padev\u011bt so&nbsp;svoj\u00edm <em><strong>Pr\u016fvodcem protektor\u00e1tn\u00ed Prahou<\/strong><\/em>.  <\/p>\n<p><center><div class=\"gca-utility vertical-spacer\"><\/div>\n<blockquote class=\"twitter-tweet\">\n<p lang=\"cs\" dir=\"ltr\">? \u010ceskou liter\u00e1rn\u00ed cenu Magnesia Litera p\u0159evzali v&nbsp;pond\u011bl\u00ed ve\u010der spisovatel\u00e9 a&nbsp;spisovatelky. Sv\u00e9 nominace prom\u011bnili historik Petr \u010cornej i&nbsp;bloger Ji\u0159\u00ed \u0160vih\u00e1lek, kte\u0159\u00ed byli ned\u00e1vno hosty na&nbsp;Radio\u017eurn\u00e1lu.<a href=\"https:\/\/t.co\/hFpJlqbc1Z\">https:\/\/t.co\/hFpJlqbc1Z<\/a><\/p>\n<p>&mdash; Radio\u017eurn\u00e1l (@Radiozurnal1) <a href=\"https:\/\/twitter.com\/Radiozurnal1\/status\/1300814419488894978?ref_src=twsrc%5Etfw\">September 1, 2020<\/a><\/p><\/blockquote>\n<p> <script async src=\"https:\/\/platform.twitter.com\/widgets.js\" charset=\"utf-8\"><\/script><div class=\"gca-utility vertical-spacer\"><\/div><\/center><\/p>\n<p>Petr \u010cornej sa&nbsp;na&nbsp;850 stran\u00e1ch sna\u017e\u00ed op\u00edsa\u0165 \u017eivot \u010desk\u00e9ho vojvodcu Jana \u017di\u017eku bez historick\u00e9ho a&nbsp;n\u00e1rodn\u00e9ho sentimentu. <em>\u201e\u010cernob\u00edl\u00fd pohled b\u00fdv\u00e1 ideologick\u00fd. D\u011bjiny jsou barevn\u00e9 a&nbsp;dramatick\u00e9, jenom v&nbsp;takov\u00e9m p\u0159\u00edpad\u011b jsou kr\u00e1sn\u00e9,\u201c<\/em> uviedol autor.<\/p>\n<p>Spisovate\u013e Ji\u0159\u00ed Kratochvil, ktor\u00fd bol na&nbsp;cenu Magnesia Litera nominovan\u00fd u\u017e&nbsp;tret\u00edkr\u00e1t, tento rok ocenenie z\u00edskal za&nbsp;pr\u00f3zu. So&nbsp;svojou \u00fatlou knihou Li\u0161ka v&nbsp;d\u00e1mu sa&nbsp;vracia do&nbsp;p\u00e4\u0165desiatych rokov. <em>\u201eJe poctou imaginaci, literatu\u0159e jako h\u0159e slov a&nbsp;obraz\u016f, ale z\u00e1rove\u0148 nab\u00edz\u00ed i&nbsp;siln\u00fd p\u0159\u00edb\u011bh o&nbsp;propojov\u00e1n\u00ed a&nbsp;z\u00e1rove\u0148 neslu\u010ditelnosti r\u016fzn\u00fdch sv\u011bt\u016f a&nbsp;tak\u00e9 oslavu lidsk\u00e9 a&nbsp;li\u0161\u010d\u00ed svobody,\u201c<\/em> zd\u00f4vodnila svoju vo\u013ebu porota Magnesie Litery.<\/p>\n<p>V kateg\u00f3rii publicistika porotcov presved\u010dil Ale\u0161 Pal\u00e1n s&nbsp;titulom <em><strong>Jako v&nbsp;nebi, jen\u017ee jinak<\/strong><\/em>, s&nbsp;ktor\u00fdm nadviazal na&nbsp;oce\u0148ovan\u00fd rozhovor so&nbsp;\u0161umavsk\u00fdmi samot\u00e1rmi <em><strong>Rad\u011bji ze\u0161\u00edlet v&nbsp;divo\u010din\u011b<\/strong><\/em>. <\/p>\n<p>Z kn\u00edh pre&nbsp;deti a&nbsp;ml\u00e1de\u017e by pod\u013ea Magnesie Litery mali \u010ditatelia siahnu\u0165 po&nbsp;encyklopedickej novinke konceptu\u00e1lneho v\u00fdtvarn\u00edka Davida B\u00f6hma <em><strong>A jako Antarktida<\/strong><\/em>. <\/p>\n<p>Objavom roka sa&nbsp;v\u010faka debutov\u00e9mu s\u00faboru poviedok <em><strong>Hranice lesa<\/strong><\/em> stal Vratislav Kadlec. Ladislavovi Nagyovi patr\u00ed cena za&nbsp;preklad troch zv\u00e4zkov z&nbsp;pental\u00f3gie <em><strong>Patrick Melrose<\/strong><\/em> od&nbsp;britsk\u00e9ho autora Edwarda St Aubyna.<\/p>\n<p>Literu za&nbsp;nakladate\u013esk\u00fd po\u010din z\u00edskalo vydavate\u013estvo Prah za&nbsp;<em><strong>Labyrint sv\u011bta a&nbsp;r\u00e1j srdce<\/strong><\/em> Jana Amosa Komensk\u00e9ho, ktor\u00fd ved\u013ea seba pon\u00faka p\u00f4vodn\u00fd text z&nbsp;roku 1623 a&nbsp;jeho verziu <em>\u201eprelo\u017een\u00fa\u201c<\/em> do&nbsp;\u010de\u0161tiny dvadsiateho prv\u00e9ho storo\u010dia. Cena \u010ditate\u013eov patr\u00ed pr\u00edbehu <em><strong>Gump \u2013 pes, kter\u00fd nau\u010dil lidi \u017e\u00edt<\/strong><\/em> od&nbsp;Filipa Ro\u017eeka.<\/p>\n<p>Cie\u013eom ocenen\u00ed, ktor\u00e9 ude\u013euje spolok Litera, je&nbsp;popularizova\u0165 kvalitn\u00fa literat\u00faru a&nbsp;pom\u00e1ha\u0165 jej nach\u00e1dza\u0165 cestu k&nbsp;\u010ditate\u013eom. \u010co sa&nbsp;aj dar\u00ed, preto\u017ee u\u017e&nbsp;samotn\u00e1 nomin\u00e1cia zvy\u0161uje o&nbsp;vybran\u00e9 knihy z\u00e1ujem.<\/p>\n<p>Do 19.&nbsp;ro\u010dn\u00edka s\u00fa\u0165a\u017ee <a href=\"https:\/\/www.magnesia-litera.cz\/\" rel=\"noopener noreferrer\" target=\"_blank\">Magnesia Litera<\/a> sa&nbsp;prihl\u00e1silo 488 titulov a&nbsp;\u0161ancu uspie\u0165 malo po&nbsp;v\u00fdbere nomin\u00e1ci\u00ed 27 kn\u00edh a&nbsp;\u0161es\u0165 blogov. Tento rok uspel web <em><strong><a href=\"https:\/\/pacholek.com\/\" rel=\"noopener noreferrer\" target=\"_blank\">Pacholek.com<\/a><\/strong><\/em> Ji\u0159\u00edho \u0160vih\u00e1leka, ktor\u00fd pri dopravnej nehode pri\u0161iel o&nbsp;nohu.  <\/p>\n<p style=\"text-align: right;\"><small>&mdash;&nbsp;<a href=\"https:\/\/www.magnesia-litera.cz\/\" target=\"_blank\" rel=\"noopener noreferrer\">Magnesia Litera<\/a> a&nbsp;<a href=\"https:\/\/ct24.ceskatelevize.cz\/kultura\/3173109-ceny-magnesia-litera-vybiraji-nejlepsi-knihy-roku-2019-v-primem-prenosu-ct\" target=\"_blank\" rel=\"noopener noreferrer\">\u010cT24<\/a><\/small><\/p>\n<div class=\"gca-utility clearfix\"><\/div>\n<div class=\"gca-utility vertical-spacer\"><\/div>\n<p><center><span class=\"fullscreen\"><script type=\"text\/javascript\" src=\"\/\/partner.mrtns.eu\/banners\/banner.js?type=banner&#038;brand_id=1&#038;uItem=669933&#038;size=full&#038;show_price=0&#038;color=violet&#038;z=WLGC7F\"><\/script><\/center><\/p>\n","protected":false},"excerpt":{"rendered":"<p>\u010ceskou knihou roka sa&nbsp;stala biografia Jana \u017di\u017eku od&nbsp;historika Petra \u010corneja. Titul Jan \u017di\u017eka: \u017divot a&nbsp;doba husitsk\u00e9ho v\u00e1le\u010dn\u00edka zzv\u00ed\u0165azil aj v&nbsp;kateg\u00f3rii n\u00e1u\u010dnej literat\u00fary ceny Magnesia Litera. V&nbsp;najsledovanej\u0161ej kateg\u00f3rii Litera za&nbsp;pr\u00f3zu uspel Ji\u0159\u00ed Kratochvil s&nbsp;rom\u00e1nom Li\u0161ka v&nbsp;d\u00e1mu. <a href=\"https:\/\/literarnenoviny.sk\/servis\/ceskou-knihou-roka-sa-stala-biografia-jana-zizku-od-historika-petra-corneja\/\" class=\"more-link\">Cel\u00e1 spr\u00e1va <span class=\"meta-nav\">&rarr;<\/span><\/a><\/p>\n","protected":false},"author":2,"featured_media":0,"comment_status":"closed","ping_status":"closed","sticky":false,"template":"","format":"standard","meta":{"_links_to":"","_links_to_target":""},"categories":[1],"tags":[14,4,21,171],"_links":{"self":[{"href":"https:\/\/literarnenoviny.sk\/servis\/wp-json\/wp\/v2\/posts\/13801"}],"collection":[{"href":"https:\/\/literarnenoviny.sk\/servis\/wp-json\/wp\/v2\/posts"}],"about":[{"href":"https:\/\/literarnenoviny.sk\/servis\/wp-json\/wp\/v2\/types\/post"}],"author":[{"embeddable":true,"href":"https:\/\/literarnenoviny.sk\/servis\/wp-json\/wp\/v2\/users\/2"}],"replies":[{"embeddable":true,"href":"https:\/\/literarnenoviny.sk\/servis\/wp-json\/wp\/v2\/comments?post=13801"}],"version-history":[{"count":0,"href":"https:\/\/literarnenoviny.sk\/servis\/wp-json\/wp\/v2\/posts\/13801\/revisions"}],"wp:attachment":[{"href":"https:\/\/literarnenoviny.sk\/servis\/wp-json\/wp\/v2\/media?parent=13801"}],"wp:term":[{"taxonomy":"category","embeddable":true,"href":"https:\/\/literarnenoviny.sk\/servis\/wp-json\/wp\/v2\/categories?post=13801"},{"taxonomy":"post_tag","embeddable":true,"href":"https:\/\/literarnenoviny.sk\/servis\/wp-json\/wp\/v2\/tags?post=13801"}],"curies":[{"name":"wp","href":"https:\/\/api.w.org\/{rel}","templated":true}]}}