{"id":13726,"date":"2020-08-31T16:00:21","date_gmt":"2020-08-31T14:00:21","guid":{"rendered":"https:\/\/literarnenoviny.sk\/servis\/?p=13726"},"modified":"2020-09-01T13:16:46","modified_gmt":"2020-09-01T11:16:46","slug":"na-bratislavsky-knizny-festival-pridu-aj-autori-timur-vermes-aj-mariusz-szczygiel","status":"publish","type":"post","link":"https:\/\/literarnenoviny.sk\/servis\/na-bratislavsky-knizny-festival-pridu-aj-autori-timur-vermes-aj-mariusz-szczygiel\/","title":{"rendered":"Na Bratislavsk\u00fd kni\u017en\u00fd festival pr\u00eddu aj autori Timur Vermes a&nbsp;Mariusz Szczygie\u0142"},"content":{"rendered":"<p><strong>Organiz\u00e1tori zn\u00e1meho <a href=\"https:\/\/brakfestival.sk\/\" rel=\"noopener noreferrer\" target=\"_blank\">Bratislavsk\u00e9ho kni\u017en\u00e9ho festivalu &#8211; BRaK<\/a> predstavili zahrani\u010dn\u00fdch host\u00ed<\/strong>, ktor\u00ed na\u0148 tento rok zav\u00edtaj\u00fa. Do&nbsp;Bratislavy pr\u00eddu autori <a href=\"https:\/\/sk.wikipedia.org\/wiki\/Timur_Vermes\" rel=\"noopener noreferrer\" target=\"_blank\">Timur Vermes<\/a>, <a href=\"https:\/\/sk.wikipedia.org\/wiki\/Mariusz_Szczygie\u0142\" rel=\"noopener noreferrer\" target=\"_blank\">Mariusz Szczygie\u0142<\/a>, <a href=\"https:\/\/pl.wikipedia.org\/wiki\/Ziemowit_Szczerek\" rel=\"noopener noreferrer\" target=\"_blank\">Ziemowit Szczerek<\/a>, <a href=\"https:\/\/cs.wikipedia.org\/wiki\/Gy\u00f6rgy_Dragom\u00e1n\" rel=\"noopener noreferrer\" target=\"_blank\">Gy\u00f6rgy Dragom\u00e1n<\/a> \u010di&nbsp;Jan Urban.<\/p>\n<p>Tohtoro\u010dn\u00fd kni\u017en\u00fd festival, ktor\u00e9ho \u00fastrednou t\u00e9mou je&nbsp;<em><strong>Nov\u00fd folkl\u00f3r<\/strong><\/em>, sa&nbsp;pre&nbsp;pand\u00e9miu presunul na&nbsp;za\u010diatok jesene. V&nbsp;bratislavskej Novej Cvernovke sa&nbsp;bude kona\u0165 od&nbsp;11.&nbsp;do&nbsp;13.&nbsp;septembra.<\/p>\n<p><center><div class=\"gca-utility vertical-spacer\"><\/div><iframe loading=\"lazy\" src=\"https:\/\/www.facebook.com\/plugins\/post.php?href=https%3A%2F%2Fwww.facebook.com%2Fbrakfestival%2Fposts%2F1487592271451889&#038;width=500\" width=\"500\" height=\"525\" style=\"border:none;overflow:hidden\" scrolling=\"no\" frameborder=\"0\" allowTransparency=\"true\" allow=\"encrypted-media\"><\/iframe><div class=\"gca-utility vertical-spacer\"><\/div><\/center><\/p>\n<p>Festival BRaK sa&nbsp;od&nbsp;za\u010diatku prezentuje ako oslava kr\u00e1snych kn\u00edh. Jeho kostru u\u017e&nbsp;sedem rokov tvor\u00ed predajn\u00e1 v\u00fdstava kn\u00edh. Tento rok sa&nbsp;na&nbsp;\u0148om po\u010das dvoch v\u00edkendov\u00fdch dn\u00ed predstav\u00ed 50 slovensk\u00fdch a&nbsp;\u010desk\u00fdch vydavate\u013estiev. <\/p>\n<p>Okrem predajnej v\u00fdstavy kn\u00edh bud\u00fa pripraven\u00e9 diskusie, \u010d\u00edtania, koncerty, divadeln\u00e9 predstavenia, workshopy i&nbsp;detsk\u00fd program.<\/p>\n<p>Oxymoricky znej\u00face slovn\u00e9 spojenie t\u00e9my aktu\u00e1lneho ro\u010dn\u00edka festivalu <em>\u201enov\u00fd folkl\u00f3r\u201c<\/em> ovplyvnilo aj jeho grafick\u00fa podobu. Na&nbsp;BRaKu zarezonuje v&nbsp;nieko\u013ek\u00fdch programov\u00fdch bodoch. <\/p>\n<p>Americk\u00fd kult\u00farny antropol\u00f3g Joe Grim Feinberg, ktor\u00fd svoj v\u00fdskum slovensk\u00e9ho autentick\u00e9ho folkl\u00f3ru op\u00edsal v&nbsp;knihe s&nbsp;n\u00e1zvom <em><strong><a href=\"https:\/\/www.martinus.sk\/?uItem=439557&#038;z=WLGC7F&#038;utm_source=z%3DWLGC7F&#038;utm_medium=url&#038;utm_campaign=partner\" rel=\"noopener noreferrer\" target=\"_blank\">Vr\u00e1ti\u0165 folkl\u00f3r \u013eu\u010fom<\/a><\/strong> (AKAmedia, 2018)<\/em>, vo&nbsp;festivalovom katal\u00f3gu p\u00ed\u0161e: <em>\u201eFolkl\u00f3r je&nbsp;inde a&nbsp;inokedy \u2013 a&nbsp;pr\u00e1ve preto je&nbsp;pre&nbsp;n\u00e1s zauj\u00edmav\u00fd tu a&nbsp;teraz\u201c<\/em>. <\/p>\n<p>Napriek tomu sa&nbsp;umelci a&nbsp;umelkyne naprie\u010d umeleck\u00fdm spektrom s&nbsp;folkl\u00f3rom vyrovn\u00e1vaj\u00fa prostriedkami sebe vlastn\u00fdmi. Viac o&nbsp;t\u00e9me tohtoro\u010dn\u00e9ho Bratislavsk\u00e9ho kni\u017en\u00e9ho festivalu &#8211; BRaK sa&nbsp;dozviete na&nbsp;<a href=\"https:\/\/brakfestival.sk\/\" rel=\"noopener noreferrer\" target=\"_blank\">webe<\/a> a&nbsp;<a href=\"https:\/\/www.facebook.com\/brakfestival\/\" rel=\"noopener noreferrer\" target=\"_blank\">soci\u00e1lnych sie\u0165ach<\/a>.<\/p>\n<div class=\"gca-utility vertical-spacer\"><\/div>\n<p><small><em>Liter\u00e1rne noviny s\u00fa medi\u00e1lnym partnerom podujatia Bratislavsk\u00fd kni\u017en\u00fd festival &#8211; BRaK<\/em><\/small><\/p>\n<p style=\"text-align: right;\"><small>&mdash;&nbsp;<a href=\"https:\/\/brakfestival.sk\/\" target=\"_blank\" rel=\"noopener noreferrer\">BRaK<\/a><\/small><\/p>\n<div class=\"gca-utility clearfix\"><\/div>\n<div class=\"gca-utility vertical-spacer\"><\/div>\n<p><center><span class=\"fullscreen\">[wp_bannerize group=&#8220;468&#215;60 UNI&#8220; random=&#8220;1&#8243; limit=&#8220;1&#8243;]<\/span><\/center><\/p>\n","protected":false},"excerpt":{"rendered":"<p>Organiz\u00e1tori Bratislavsk\u00e9ho kni\u017en\u00e9ho festivalu \u2013 BRaK predstavili zahrani\u010dn\u00fdch host\u00ed, ktor\u00ed na\u0148 tento rok zav\u00edtaj\u00fa. Do&nbsp;Bratislavy pr\u00eddu autori Timur Vermes, Mariusz Szczygie\u0142, Ziemowit Szczerek, Gy\u00f6rgy Dragom\u00e1n \u010di&nbsp;Jan Urban. \u00dastrednou t\u00e9mou tohtoro\u010dn\u00e9ho festivalu je&nbsp;Nov\u00fd folkl\u00f3r, <a href=\"https:\/\/literarnenoviny.sk\/servis\/na-bratislavsky-knizny-festival-pridu-aj-autori-timur-vermes-aj-mariusz-szczygiel\/\" class=\"more-link\">Cel\u00e1 spr\u00e1va <span class=\"meta-nav\">&rarr;<\/span><\/a><\/p>\n","protected":false},"author":2,"featured_media":0,"comment_status":"closed","ping_status":"closed","sticky":false,"template":"","format":"standard","meta":{"_links_to":"","_links_to_target":""},"categories":[1],"tags":[15,64,4,8,36,34],"_links":{"self":[{"href":"https:\/\/literarnenoviny.sk\/servis\/wp-json\/wp\/v2\/posts\/13726"}],"collection":[{"href":"https:\/\/literarnenoviny.sk\/servis\/wp-json\/wp\/v2\/posts"}],"about":[{"href":"https:\/\/literarnenoviny.sk\/servis\/wp-json\/wp\/v2\/types\/post"}],"author":[{"embeddable":true,"href":"https:\/\/literarnenoviny.sk\/servis\/wp-json\/wp\/v2\/users\/2"}],"replies":[{"embeddable":true,"href":"https:\/\/literarnenoviny.sk\/servis\/wp-json\/wp\/v2\/comments?post=13726"}],"version-history":[{"count":0,"href":"https:\/\/literarnenoviny.sk\/servis\/wp-json\/wp\/v2\/posts\/13726\/revisions"}],"wp:attachment":[{"href":"https:\/\/literarnenoviny.sk\/servis\/wp-json\/wp\/v2\/media?parent=13726"}],"wp:term":[{"taxonomy":"category","embeddable":true,"href":"https:\/\/literarnenoviny.sk\/servis\/wp-json\/wp\/v2\/categories?post=13726"},{"taxonomy":"post_tag","embeddable":true,"href":"https:\/\/literarnenoviny.sk\/servis\/wp-json\/wp\/v2\/tags?post=13726"}],"curies":[{"name":"wp","href":"https:\/\/api.w.org\/{rel}","templated":true}]}}