{"id":13622,"date":"2020-08-13T19:00:54","date_gmt":"2020-08-13T17:00:54","guid":{"rendered":"https:\/\/literarnenoviny.sk\/servis\/?p=13622"},"modified":"2020-09-01T12:31:43","modified_gmt":"2020-09-01T10:31:43","slug":"celostatna-sutaz-prozy-poezie-a-textov-literarny-zvolen-2020-sa-preklada-na-jesen","status":"publish","type":"post","link":"https:\/\/literarnenoviny.sk\/servis\/celostatna-sutaz-prozy-poezie-a-textov-literarny-zvolen-2020-sa-preklada-na-jesen\/","title":{"rendered":"Celo\u0161t\u00e1tna s\u00fa\u0165a\u017e pr\u00f3zy, po\u00e9zie a&nbsp;textov Liter\u00e1rny Zvolen 2020 sa&nbsp;preklad\u00e1 na&nbsp;jese\u0148"},"content":{"rendered":"<p><strong>Celo\u0161t\u00e1tna s\u00fa\u0165a\u017e pr\u00f3zy, po\u00e9zie a&nbsp;textov piesn\u00ed Liter\u00e1rny Zvolen 2020 sa&nbsp;preklad\u00e1 na&nbsp;jese\u0148<\/strong>, informuje na&nbsp;svojej <a href=\"https:\/\/www.nocka.sk\/literarny-zvolen-bude-vyhlaseny-na-jesen\/\" rel=\"noopener noreferrer\" target=\"_blank\">internetovej str\u00e1nke<\/a> N\u00e1rodn\u00e9 osvetov\u00e9 centrum. D\u00f4vodom na&nbsp;odklad 27.&nbsp;ro\u010dn\u00edk liter\u00e1rneho podujatia je&nbsp;zhor\u0161uj\u00faca sa&nbsp;epidemiologick\u00e1 situ\u00e1cia.<\/p>\n<p>Do s\u00fa\u0165a\u017ee m\u00f4\u017eu svoje diela posiela\u0165 debutanti, ale aj neprofesion\u00e1lni spisovatelia, b\u00e1snici, poetky \u010di&nbsp;text\u00e1ri piesn\u00ed. <\/p>\n<p><center><div class=\"gca-utility vertical-spacer\"><\/div><iframe loading=\"lazy\" src=\"https:\/\/www.facebook.com\/plugins\/post.php?href=https%3A%2F%2Fwww.facebook.com%2FNarodneOsvetoveCentrum%2Fposts%2F2647863135466221&#038;width=500\" width=\"500\" height=\"525\" style=\"border:none;overflow:hidden\" scrolling=\"no\" frameborder=\"0\" allowTransparency=\"true\" allow=\"encrypted-media\"><\/iframe><div class=\"gca-utility vertical-spacer\"><\/div><\/center><\/p>\n<p><em>\u201eCie\u013eom organiz\u00e1torov s\u00fa\u0165a\u017ee je&nbsp;podpora nov\u00fdch, dosia\u013e ne\u010d\u00edtan\u00fdch autorov, mo\u017eno bud\u00facich osobnost\u00ed slovenskej literat\u00fary,\u201c<\/em> uv\u00e1dzalo centrum v&nbsp;pri jej vyhl\u00e1sen\u00ed tento rok v&nbsp;j\u00fali.<\/p>\n<p>V\u00ed\u0165azn\u00e9 pr\u00e1ce bud\u00fa uverejnen\u00e9 v&nbsp;zborn\u00edku Liter\u00e1rny Zvolen a&nbsp;z\u00e1rove\u0148 sa&nbsp;stan\u00fa s\u00fa\u010das\u0165ou celoro\u010dn\u00fdch podporn\u00fdch a&nbsp;propaga\u010dn\u00fdch aktiv\u00edt, ktor\u00e9 pribl\u00ed\u017eia ocenen\u00e9 texty a&nbsp;autorov verejnosti. <em>\u201eJednou z&nbsp;foriem prezent\u00e1cie je&nbsp;aj spolupr\u00e1ca s&nbsp;viacer\u00fdmi mienkotvorn\u00fdmi a&nbsp;odborn\u00fdmi liter\u00e1rnymi \u010dasopismi,\u201c<\/em> dodali organiz\u00e1tori s\u00fa\u0165a\u017ee.<\/p>\n<p>S\u00fa\u0165a\u017e Liter\u00e1rny Zvolen je&nbsp;pravideln\u00e9 celoslovensk\u00e9 stretnutie s&nbsp;novou literat\u00farou, ktor\u00fa organizuje N\u00e1rodn\u00e9 osvetov\u00e9 centrum v&nbsp;spolupr\u00e1ci s&nbsp;Liter\u00e1rnym informa\u010dn\u00fdm centrom a&nbsp;Krajskou kni\u017enicou \u013dudov\u00edta \u0160t\u00fara vo&nbsp;Zvolene.<\/p>\n<p>Bli\u017e\u0161ie inform\u00e1cie N\u00e1rodn\u00e9 osvetov\u00e9 centrum zatia\u013e neuviedlo s&nbsp;t\u00fdm, \u017ee&nbsp;bud\u00fa postupne zverejnen\u00e9 na&nbsp;ich webe.<\/p>\n<p style=\"text-align: right;\"><small>&mdash;&nbsp;<a href=\"https:\/\/www.nocka.sk\/literarny-zvolen-bude-vyhlaseny-na-jesen\/\" target=\"_blank\" rel=\"noopener noreferrer\">N\u00e1rodn\u00e9 osvetov\u00e9 centrum<\/a><\/small><\/p>\n<div class=\"gca-utility clearfix\"><\/div>\n<div class=\"gca-utility vertical-spacer\"><\/div>\n<p><center><span class=\"fullscreen\">[wp_bannerize group=&#8220;468&#215;60 UNI&#8220; random=&#8220;1&#8243; limit=&#8220;1&#8243;]<\/span><\/center><\/p>\n","protected":false},"excerpt":{"rendered":"<p>Celo\u0161t\u00e1tna s\u00fa\u0165a\u017e pr\u00f3zy, po\u00e9zie a&nbsp;textov piesn\u00ed Liter\u00e1rny Zvolen 2020 sa&nbsp;preklad\u00e1 na&nbsp;jese\u0148, informuje na&nbsp;svojej internetovej str\u00e1nke N\u00e1rodn\u00e9 osvetov\u00e9 centrum. D\u00f4vodom na&nbsp;odklad 27.&nbsp;ro\u010dn\u00edk liter\u00e1rneho podujatia je&nbsp;zhor\u0161uj\u00faca sa&nbsp;epidemiologick\u00e1 situ\u00e1cia. <a href=\"https:\/\/literarnenoviny.sk\/servis\/celostatna-sutaz-prozy-poezie-a-textov-literarny-zvolen-2020-sa-preklada-na-jesen\/\" class=\"more-link\">Cel\u00e1 spr\u00e1va <span class=\"meta-nav\">&rarr;<\/span><\/a><\/p>\n","protected":false},"author":2,"featured_media":0,"comment_status":"closed","ping_status":"closed","sticky":false,"template":"","format":"standard","meta":{"_links_to":"","_links_to_target":""},"categories":[1],"tags":[171,52],"_links":{"self":[{"href":"https:\/\/literarnenoviny.sk\/servis\/wp-json\/wp\/v2\/posts\/13622"}],"collection":[{"href":"https:\/\/literarnenoviny.sk\/servis\/wp-json\/wp\/v2\/posts"}],"about":[{"href":"https:\/\/literarnenoviny.sk\/servis\/wp-json\/wp\/v2\/types\/post"}],"author":[{"embeddable":true,"href":"https:\/\/literarnenoviny.sk\/servis\/wp-json\/wp\/v2\/users\/2"}],"replies":[{"embeddable":true,"href":"https:\/\/literarnenoviny.sk\/servis\/wp-json\/wp\/v2\/comments?post=13622"}],"version-history":[{"count":0,"href":"https:\/\/literarnenoviny.sk\/servis\/wp-json\/wp\/v2\/posts\/13622\/revisions"}],"wp:attachment":[{"href":"https:\/\/literarnenoviny.sk\/servis\/wp-json\/wp\/v2\/media?parent=13622"}],"wp:term":[{"taxonomy":"category","embeddable":true,"href":"https:\/\/literarnenoviny.sk\/servis\/wp-json\/wp\/v2\/categories?post=13622"},{"taxonomy":"post_tag","embeddable":true,"href":"https:\/\/literarnenoviny.sk\/servis\/wp-json\/wp\/v2\/tags?post=13622"}],"curies":[{"name":"wp","href":"https:\/\/api.w.org\/{rel}","templated":true}]}}