{"id":13457,"date":"2020-07-30T21:07:21","date_gmt":"2020-07-30T19:07:21","guid":{"rendered":"https:\/\/literarnenoviny.sk\/servis\/?p=13457"},"modified":"2020-07-30T21:41:31","modified_gmt":"2020-07-30T19:41:31","slug":"kniznica-ceskeho-exiloveho-autora-milana-kunderu-sa-prestahuje-z-pariza-do-brna","status":"publish","type":"post","link":"https:\/\/literarnenoviny.sk\/servis\/kniznica-ceskeho-exiloveho-autora-milana-kunderu-sa-prestahuje-z-pariza-do-brna\/","title":{"rendered":"Kni\u017enica \u010desk\u00e9ho exilov\u00e9ho autora Milana Kunderu sa&nbsp;pres\u0165ahuje z&nbsp;Par\u00ed\u017ea do&nbsp;Brna"},"content":{"rendered":"<p><strong>Kni\u017enicu \u010desk\u00e9ho exilov\u00e9ho spisovate\u013ea <a href=\"https:\/\/sk.wikipedia.org\/wiki\/Milan_Kundera\" rel=\"noopener noreferrer\" target=\"_blank\">Milana Kunderu<\/a> s&nbsp;rozsiahlym arch\u00edvom prevezme <a href=\"https:\/\/www.mzk.cz\/\" rel=\"noopener noreferrer\" target=\"_blank\">Moravska zemsk\u00e1 knihovna<\/a><\/strong>. Z&nbsp;par\u00ed\u017eskeho bytu man\u017eelov Kunderovcov ju do&nbsp;autorovho rodn\u00e9ho Brna prevez\u00fa u\u017e&nbsp;t\u00fato jese\u0148. M\u00e9dia o&nbsp;tom <a href=\"https:\/\/www.mzk.cz\/aktuality\/kunderovi-venovali-svoji-knihovnu-i-s-archivem-mzk-v-brne\" rel=\"noopener noreferrer\" target=\"_blank\">informovala<\/a> obdarovan\u00e1 krajinsk\u00e1 kni\u017enica.<\/p>\n<p><em>\u201eMysl\u00edm, \u017ee&nbsp;kn\u00ed\u017eky pat\u0159\u00ed do&nbsp;knihovny, tak\u017ee je&nbsp;logick\u00e9, \u017ee&nbsp;je&nbsp;do&nbsp;Moravsk\u00e9 zemsk\u00e9 knihovny d\u00e1v\u00e1m,\u201c<\/em>  odk\u00e1zal 91-ro\u010dn\u00fd spisovate\u013e.<\/p>\n<p><center><div class=\"gca-utility vertical-spacer\"><\/div><iframe loading=\"lazy\" src=\"https:\/\/www.facebook.com\/plugins\/post.php?href=https%3A%2F%2Fwww.facebook.com%2Fmzk.cz%2Fposts%2F10164185763460038&#038;width=500\" width=\"500\" height=\"583\" style=\"border:none;overflow:hidden\" scrolling=\"no\" frameborder=\"0\" allowTransparency=\"true\" allow=\"encrypted-media\"><\/iframe><div class=\"gca-utility vertical-spacer\"><\/div><\/center><\/p>\n<p>Pod\u013ea \u010desk\u00e9ho ministra kult\u00fary Lubom\u00edra Zaor\u00e1lka ide o&nbsp;mimoriadnu udalos\u0165. <em>\u201eVid\u00edm v&nbsp;tom velikou symboliku. V\u017edy\u0165 to budeme my, kdo bude m\u00edt k&nbsp;tomuto d\u00edlu nejbl\u00ed\u017ee, a&nbsp;z\u00e1rove\u0148 tento dar snad ukazuje, \u017ee&nbsp;i&nbsp;Milan Kundera m\u011bl a&nbsp;m\u00e1 nejbl\u00ed\u017ee k&nbsp;t\u00e9to zemi,&#8220;<\/em> reagoval na&nbsp;autorovo rozhodnutie minister.<\/p>\n<p>Do kni\u017enice pribudne aj arch\u00edv obsahuj\u00faci Kunderov\u00e9 autrsk\u00e9 \u010dl\u00e1nky, \u010dl\u00e1nky o&nbsp;\u0148om, kritiky jeho kn\u00edh zozbieran\u00e9 jeho vydavate\u013emi, novinov\u00e9 v\u00fdstri\u017eky, autorizovan\u00e9 Kunderov\u00e9 fotografie aj jeho autorsk\u00e9 kresby. \u010citate\u013eom bude arch\u00edv prim\u00e1rne pr\u00edstupn\u00fd v&nbsp;digit\u00e1lnej podobe.<\/p>\n<p><em>\u201eDar knihovny Milana Kundery je&nbsp;nejenom vzkazem \u010desk\u00fdm \u010dten\u00e1\u0159\u016fm, ale vlastn\u011b i&nbsp;koment\u00e1\u0159em jeho vztahu k&nbsp;Brnu, tedy k&nbsp;jeho rodi\u0161ti. A&nbsp;Moravsk\u00e1 zemsk\u00e1 knihovna je&nbsp;instituc\u00ed, kter\u00e1 si zaslou\u017e\u00ed tento dar spravovat,\u201c<\/em> komentoval udalos\u0165 riadite\u013e kni\u017enice Tom\u00e1\u0161 Kub\u00ed\u010dek.<\/p>\n<p>Kni\u017enica u\u017e&nbsp;sk\u00f4r pripravila v\u00fdstavu <em><strong>Milan Kundera<\/strong> (neztracen) <strong>v p\u0159ekladech<\/strong><\/em> a&nbsp;vydala tie\u017e \u010desko-franc\u00fazsku publik\u00e1ciu <em><strong><a href=\"https:\/\/www.databazeknih.cz\/knihy\/dilo-milana-kundery-v-prekladech-uvre-de-milan-kundera-et-sa-traduction-444211\" rel=\"noopener noreferrer\" target=\"_blank\">D\u00edlo Milana Kundery v&nbsp;p\u0159ekladech \/ \u0152uvre de&nbsp;Milan Kundera et sa&nbsp;traduction<\/a><\/strong><\/em>.<\/p>\n<p>V priebehu bud\u00faceho roka Moravsk\u00e1 zemsk\u00e1 knihovna vyhrad\u00ed z\u00edskanej zbierke miesto v&nbsp;samostatnej \u0161tudovni. T\u00e1 ponesie n\u00e1zov <strong>Knihovna Milana Kundery<\/strong> a&nbsp;mala by sa&nbsp;v&nbsp;nej organizova\u0165 autorsk\u00e9 \u010d\u00edtania, debaty a&nbsp;odborn\u00e9 diskusie.<\/p>\n<p style=\"text-align: right;\"><small>&mdash;&nbsp;<a href=\"https:\/\/www.mzk.cz\/aktuality\/kunderovi-venovali-svoji-knihovnu-i-s-archivem-mzk-v-brne\" target=\"_blank\" rel=\"noopener noreferrer\">Moravska zemsk\u00e1 knihovna<\/a><\/small><\/p>\n<div class=\"gca-utility clearfix\"><\/div>\n<div class=\"gca-utility vertical-spacer\"><\/div>\n<p><center><span class=\"fullscreen\"><a href=\"\/\/www.martinus.sk\/?z=WLGC7F&#038;utm_source=z%3DWLGC7F&#038;utm_medium=banner1_468x60&#038;utm_campaign=partner\"><img decoding=\"async\" src=\"\/\/www.martinus.sk\/images\/banners\/468x60_red.jpg\" alt=\"www.martinus.sk\" \/><\/a><\/span><\/center><\/p>\n","protected":false},"excerpt":{"rendered":"<p>Kni\u017enicu \u010desk\u00e9ho exilov\u00e9ho spisovate\u013ea Milana Kunderu s&nbsp;rozsiahlym arch\u00edvom prevezme Moravska zemsk\u00e1 knihovna. Z&nbsp;par\u00ed\u017eskeho bytu man\u017eelov Kunderovcov ju do&nbsp;autorovho rodn\u00e9ho Brna prevez\u00fa u\u017e&nbsp;tento rok na&nbsp;jese\u0148. M\u00e9dia o&nbsp;tom informovala obdarovan\u00e1 krajinsk\u00e1 kni\u017enica. <a href=\"https:\/\/literarnenoviny.sk\/servis\/kniznica-ceskeho-exiloveho-autora-milana-kunderu-sa-prestahuje-z-pariza-do-brna\/\" class=\"more-link\">Cel\u00e1 spr\u00e1va <span class=\"meta-nav\">&rarr;<\/span><\/a><\/p>\n","protected":false},"author":2,"featured_media":0,"comment_status":"closed","ping_status":"closed","sticky":false,"template":"","format":"standard","meta":{"_links_to":"","_links_to_target":""},"categories":[1],"tags":[20,49,3],"_links":{"self":[{"href":"https:\/\/literarnenoviny.sk\/servis\/wp-json\/wp\/v2\/posts\/13457"}],"collection":[{"href":"https:\/\/literarnenoviny.sk\/servis\/wp-json\/wp\/v2\/posts"}],"about":[{"href":"https:\/\/literarnenoviny.sk\/servis\/wp-json\/wp\/v2\/types\/post"}],"author":[{"embeddable":true,"href":"https:\/\/literarnenoviny.sk\/servis\/wp-json\/wp\/v2\/users\/2"}],"replies":[{"embeddable":true,"href":"https:\/\/literarnenoviny.sk\/servis\/wp-json\/wp\/v2\/comments?post=13457"}],"version-history":[{"count":0,"href":"https:\/\/literarnenoviny.sk\/servis\/wp-json\/wp\/v2\/posts\/13457\/revisions"}],"wp:attachment":[{"href":"https:\/\/literarnenoviny.sk\/servis\/wp-json\/wp\/v2\/media?parent=13457"}],"wp:term":[{"taxonomy":"category","embeddable":true,"href":"https:\/\/literarnenoviny.sk\/servis\/wp-json\/wp\/v2\/categories?post=13457"},{"taxonomy":"post_tag","embeddable":true,"href":"https:\/\/literarnenoviny.sk\/servis\/wp-json\/wp\/v2\/tags?post=13457"}],"curies":[{"name":"wp","href":"https:\/\/api.w.org\/{rel}","templated":true}]}}