{"id":13368,"date":"2020-07-16T13:15:04","date_gmt":"2020-07-16T11:15:04","guid":{"rendered":"https:\/\/literarnenoviny.sk\/servis\/?p=13368"},"modified":"2020-07-16T22:39:47","modified_gmt":"2020-07-16T20:39:47","slug":"vydavatel-dennika-n-stiahne-z-predaja-knihu-rozhovorov-fedora-gala-a-karola-sudora","status":"publish","type":"post","link":"https:\/\/literarnenoviny.sk\/servis\/vydavatel-dennika-n-stiahne-z-predaja-knihu-rozhovorov-fedora-gala-a-karola-sudora\/","title":{"rendered":"Vydavate\u013e Denn\u00edka N stiahne z&nbsp;predaja knihu rozhovorov Fedora G\u00e1la a&nbsp;Karola Sudora"},"content":{"rendered":"<p><strong>Vydavate\u013e Denn\u00edka N stiahne z&nbsp;distrib\u00facie knihu rozhovorov <a href=\"https:\/\/sk.wikipedia.org\/wiki\/Fedor_G\u00e1l\" rel=\"noopener noreferrer\" target=\"_blank\">Fedora G\u00e1la<\/a> a&nbsp;Karola Sudora <em><a href=\"https:\/\/www.martinus.sk\/?uItem=281064&#038;z=WLGC7F&#038;utm_source=z%3DWLGC7F&#038;utm_medium=url&#038;utm_campaign=partner\" rel=\"noopener noreferrer\" target=\"_blank\">E\u0161te raz a&nbsp;naposledy &#8211; koniec pr\u00edbehu<\/a><\/strong> (N press, 2017)<\/em>. Titul ale bude na\u010falej pon\u00faka\u0165 prostredn\u00edctvom svojho <a href=\"https:\/\/obchod.dennikn.sk\/show\/36\/fedor-gal-karol-sudor-koniec-pribehu\" rel=\"noopener noreferrer\" target=\"_blank\">e-shopu<\/a>, informoval <a href=\"https:\/\/dennikn.sk\/1969990\/knazko-poziadal-o-stiahnutie-knihy-rozhovorov-fedora-gala-a-karola-sudora-z-predaja\" rel=\"noopener noreferrer\" target=\"_blank\">Denn\u00edk N<\/a> vo&nbsp;svojom \u010dl\u00e1nku.<\/p>\n<p>Vydavate\u013estvo N press sa&nbsp;tak rozhodlo vyhovie\u0165 \u017eiadosti jedn\u00e9ho z&nbsp;trib\u00fanov <a href=\"https:\/\/sk.wikipedia.org\/wiki\/Ne\u017en\u00e1_revol\u00facia\" rel=\"noopener noreferrer\" target=\"_blank\">Ne\u017enej revol\u00facie<\/a>, herca <a href=\"https:\/\/sk.wikipedia.org\/wiki\/Milan_K\u0148a\u017eko\" rel=\"noopener noreferrer\" target=\"_blank\">Milana K\u0148a\u017eka<\/a>.<\/p>\n<p><center><div class=\"gca-utility vertical-spacer\"><\/div><iframe loading=\"lazy\" src=\"https:\/\/www.facebook.com\/plugins\/post.php?href=https%3A%2F%2Fwww.facebook.com%2Fprojektn.sk%2Fposts%2F3346695055420030&#038;width=500\" width=\"500\" height=\"530\" style=\"border:none;overflow:hidden\" scrolling=\"no\" frameborder=\"0\" allowTransparency=\"true\" allow=\"encrypted-media\"><\/iframe><div class=\"gca-utility vertical-spacer\"><\/div><\/center><\/p>\n<p>Na stiahnutie <a href=\"https:\/\/www.martinus.sk\/?uItem=281064&#038;z=WLGC7F&#038;utm_source=z%3DWLGC7F&#038;utm_medium=url&#038;utm_campaign=partner\">knihy z&nbsp;predaja<\/a> vyzval Milan K\u0148a\u017eko vydavate\u013estvo na&nbsp;jar tohto roku. D\u00f4vodom je&nbsp;nepravdiv\u00e9 tvrdenie Fedora G\u00e1la, \u017ee&nbsp;K\u0148a\u017ekovi za\u010diatkom 90.&nbsp;rokov nap\u00edsal jeden z&nbsp;jeho prejavov b\u00fdval\u00fd pr\u00edslu\u0161n\u00edk totalitnej <a href=\"https:\/\/sk.wikipedia.org\/wiki\/\u0160t\u00e1tna_bezpe\u010dnos\u0165\" rel=\"noopener noreferrer\" target=\"_blank\">\u0160tB<\/a> Jaroslav Sv\u011bchota. <\/p>\n<p>V Prahe \u017eij\u00faci sociol\u00f3g G\u00e1l, ktor\u00fd bol tie\u017e \u00fa\u010dastn\u00edkom Novembrov\u00fdch udalost\u00ed v&nbsp;roku 1989 a&nbsp;jedn\u00fdm z&nbsp;l\u00eddrov <a href=\"https:\/\/sk.wikipedia.org\/wiki\/Verejnos\u0165_proti_n\u00e1siliu\" rel=\"noopener noreferrer\" target=\"_blank\">VPN<\/a>, u\u017e&nbsp;pred u\u017e&nbsp;rokmi <a href=\"https:\/\/www.aktuality.sk\/clanok\/540238\/komentar-fedora-gala-odpoved-milanovi-knazkovi\/\" rel=\"noopener noreferrer\" target=\"_blank\">uznal, \u017ee&nbsp;nemal pravdu<\/a> a&nbsp;upresnil, \u017ee&nbsp;K\u0148a\u017ekovi prejav nap\u00edsal \u010fal\u0161\u00ed spravodajsk\u00fd d\u00f4stojn\u00edk Igor Cibula. Slovensk\u00fd herec aj toto tvrdenie ozna\u010dil za&nbsp;lo\u017e.<\/p>\n<p><em>\u201eM\u00f4\u017eeme ma\u0165 r\u00f4zny n\u00e1zor na&nbsp;interpret\u00e1ciu r\u00f4znych udalost\u00ed, to je&nbsp;norm\u00e1lne,\u201c<\/em> uviedol pod\u013ea <a href=\"https:\/\/dennikn.sk\/1969990\/knazko-poziadal-o-stiahnutie-knihy-rozhovorov-fedora-gala-a-karola-sudora-z-predaja\" rel=\"noopener noreferrer\" target=\"_blank\">denn\u00edka<\/a> Milan K\u0148a\u017eko. <em>\u201eAk v\u0161ak niekto vyd\u00e1va skutkov\u00e9 tvrdenia za&nbsp;hodnotiaci \u00fasudok, dop\u00fa\u0161\u0165a sa&nbsp;klamstva,\u201c <\/em> a&nbsp;dodal, \u017ee&nbsp;Sv\u011bchotu, na&nbsp;rozdiel od&nbsp;G\u00e1la ani nepoznal, nikdy sa&nbsp;s&nbsp;n\u00edm nestretol a&nbsp;ani s&nbsp;n\u00edm netelefonoval.<\/p>\n<p>N press preto do&nbsp;ka\u017edej knihy rozhovorov <em><strong>E\u0161te raz a&nbsp;naposledy<\/strong><\/em> predanej prostredn\u00edctvom intern\u00e9ho <a href=\"https:\/\/obchod.dennikn.sk\/show\/36\/fedor-gal-karol-sudor-koniec-pribehu\" rel=\"noopener noreferrer\" target=\"_blank\">e-shopu vydavate\u013estva<\/a> vlo\u017e\u00ed \u010dl\u00e1nok, ktor\u00fd sporn\u00e9 poh\u013eady oboch str\u00e1n sporu ozrejm\u00ed.<\/p>\n<p><em>\u201eNie je&nbsp;to ni\u010d proti vydavate\u013estvu\u201c<\/em> vyjadril sa&nbsp;pod\u013ea <a href=\"https:\/\/dennikn.sk\/1969990\/knazko-poziadal-o-stiahnutie-knihy-rozhovorov-fedora-gala-a-karola-sudora-z-predaja\" rel=\"noopener noreferrer\" target=\"_blank\">Denn\u00edka N<\/a> Milan K\u0148a\u017eko, a&nbsp;poznamenal, \u017ee&nbsp;mu ide len o&nbsp;tento titul a&nbsp;uveden\u00e9 tvrdenie.<\/p>\n<p style=\"text-align: right;\"><small>&mdash;&nbsp;<a href=\"https:\/\/dennikn.sk\/1969990\/knazko-poziadal-o-stiahnutie-knihy-rozhovorov-fedora-gala-a-karola-sudora-z-predaja\" target=\"_blank\" rel=\"noopener noreferrer\">Denn\u00edk N<\/a><\/small><\/p>\n<div class=\"gca-utility clearfix\"><\/div>\n<div class=\"gca-utility vertical-spacer\"><\/div>\n<p><center><span class=\"fullscreen\"><script type=\"text\/javascript\" src=\"\/\/partner.mrtns.eu\/banners\/banner.js?type=banner&#038;brand_id=1&#038;uItem=281064&#038;size=full&#038;show_price=0&#038;color=blue&#038;z=WLGC7F\"><\/script><\/center><\/p>\n","protected":false},"excerpt":{"rendered":"<p>Vydavate\u013e Denn\u00edka N stiahne z&nbsp;distrib\u00facie knihu rozhovorov Fedora G\u00e1la a&nbsp;Karola Sudora E\u0161te raz a&nbsp;naposledy \u2013 koniec pr\u00edbehu. Titul ale bude na\u010falej pon\u00faka\u0165 prostredn\u00edctvom svojho e-shopu, informoval Denn\u00edk N vo&nbsp;svojom \u010dl\u00e1nku. Vydavate\u013estvo N press tak vyhovelo \u017eiadosti jedn\u00e9ho z&nbsp;trib\u00fanov Ne\u017enej revol\u00facie, herca Milana K\u0148a\u017eka. <a href=\"https:\/\/literarnenoviny.sk\/servis\/vydavatel-dennika-n-stiahne-z-predaja-knihu-rozhovorov-fedora-gala-a-karola-sudora\/\" class=\"more-link\">Cel\u00e1 spr\u00e1va <span class=\"meta-nav\">&rarr;<\/span><\/a><\/p>\n","protected":false},"author":2,"featured_media":0,"comment_status":"closed","ping_status":"closed","sticky":false,"template":"","format":"standard","meta":{"_links_to":"","_links_to_target":""},"categories":[1],"tags":[174,14],"_links":{"self":[{"href":"https:\/\/literarnenoviny.sk\/servis\/wp-json\/wp\/v2\/posts\/13368"}],"collection":[{"href":"https:\/\/literarnenoviny.sk\/servis\/wp-json\/wp\/v2\/posts"}],"about":[{"href":"https:\/\/literarnenoviny.sk\/servis\/wp-json\/wp\/v2\/types\/post"}],"author":[{"embeddable":true,"href":"https:\/\/literarnenoviny.sk\/servis\/wp-json\/wp\/v2\/users\/2"}],"replies":[{"embeddable":true,"href":"https:\/\/literarnenoviny.sk\/servis\/wp-json\/wp\/v2\/comments?post=13368"}],"version-history":[{"count":0,"href":"https:\/\/literarnenoviny.sk\/servis\/wp-json\/wp\/v2\/posts\/13368\/revisions"}],"wp:attachment":[{"href":"https:\/\/literarnenoviny.sk\/servis\/wp-json\/wp\/v2\/media?parent=13368"}],"wp:term":[{"taxonomy":"category","embeddable":true,"href":"https:\/\/literarnenoviny.sk\/servis\/wp-json\/wp\/v2\/categories?post=13368"},{"taxonomy":"post_tag","embeddable":true,"href":"https:\/\/literarnenoviny.sk\/servis\/wp-json\/wp\/v2\/tags?post=13368"}],"curies":[{"name":"wp","href":"https:\/\/api.w.org\/{rel}","templated":true}]}}