{"id":1335,"date":"2017-10-31T06:00:03","date_gmt":"2017-10-31T05:00:03","guid":{"rendered":"https:\/\/literarnenoviny.sk\/servis\/?p=1335"},"modified":"2017-11-01T22:24:44","modified_gmt":"2017-11-01T21:24:44","slug":"nemecko-si-pripomina-500-vyrocie-reformacie-ktora-zasadne-zmenila-svet","status":"publish","type":"post","link":"https:\/\/literarnenoviny.sk\/servis\/nemecko-si-pripomina-500-vyrocie-reformacie-ktora-zasadne-zmenila-svet\/","title":{"rendered":"Nemecko si pripom\u00edna 500.&nbsp;v\u00fdro\u010die reform\u00e1cie, ktor\u00e1 z\u00e1sadne zmenila svet"},"content":{"rendered":"<p><strong>Nemecko si pripom\u00edna 500.&nbsp;v\u00fdro\u010die <a href=\"https:\/\/cs.wikipedia.org\/wiki\/Reformace\" rel=\"noopener\" target=\"_blank\">protestantskej reform\u00e1cie<\/a><\/strong>. Mn\u00edch <a href=\"https:\/\/sk.wikipedia.org\/wiki\/Martin_Luther\" rel=\"noopener\" target=\"_blank\">Martin Luther<\/a> 31.&nbsp;okt\u00f3bra 1517 pribil svojich 95 v\u00fdpoved\u00ed na&nbsp;dvere kl\u00e1\u0161tora vo&nbsp;Wittenbergu. Za\u010dal sa&nbsp;mohutn\u00fd reforma\u010dn\u00fd proces, ktor\u00fd z\u00e1sadne zmenil z\u00e1padn\u00fd svet.<\/p>\n<p><center><\/p>\n<blockquote class=\"instagram-media\" data-instgrm-version=\"7\" style=\" background:#FFF; border:0; border-radius:3px; box-shadow:0 0 1px 0 rgba(0,0,0,0.5),0 1px 10px 0 rgba(0,0,0,0.15); margin: 1px; max-width:560px; padding:0; width:99.375%; width:-webkit-calc(100% - 2px); width:calc(100% - 2px);\">\n<div style=\"padding:8px;\">\n<div style=\" background:#F8F8F8; line-height:0; margin-top:40px; padding:50% 0; text-align:center; width:100%;\">\n<div style=\" background:url(data:image\/png;base64,iVBORw0KGgoAAAANSUhEUgAAACwAAAAsCAMAAAApWqozAAAABGdBTUEAALGPC\/xhBQAAAAFzUkdCAK7OHOkAAAAMUExURczMzPf399fX1+bm5mzY9AMAAADiSURBVDjLvZXbEsMgCES5\/P8\/t9FuRVCRmU73JWlzosgSIIZURCjo\/ad+EQJJB4Hv8BFt+IDpQoCx1wjOSBFhh2XssxEIYn3ulI\/6MNReE07UIWJEv8UEOWDS88LY97kqyTliJKKtuYBbruAyVh5wOHiXmpi5we58Ek028czwyuQdLKPG1Bkb4NnM+VeAnfHqn1k4+GPT6uGQcvu2h2OVuIf\/gWUFyy8OWEpdyZSa3aVCqpVoVvzZZ2VTnn2wU8qzVjDDetO90GSy9mVLqtgYSy231MxrY6I2gGqjrTY0L8fxCxfCBbhWrsYYAAAAAElFTkSuQmCC); display:block; height:44px; margin:0 auto -44px; position:relative; top:-22px; width:44px;\"><\/div>\n<\/div>\n<p style=\" color:#c9c8cd; font-family:Arial,sans-serif; font-size:14px; line-height:17px; margin-bottom:0; margin-top:8px; overflow:hidden; padding:8px 0 7px; text-align:center; text-overflow:ellipsis; white-space:nowrap;\"><a href=\"https:\/\/www.instagram.com\/p\/Ba8VIQTn6ru\/\" style=\" color:#c9c8cd; font-family:Arial,sans-serif; font-size:14px; font-style:normal; font-weight:normal; line-height:17px; text-decoration:none;\" target=\"_blank\">Pr\u00edspevok, ktor\u00fd zdie\u013ea Wir sind Europa! (@wirsindeuropa)<\/a>, <time style=\" font-family:Arial,sans-serif; font-size:14px; line-height:17px;\" datetime=\"2017-11-01T06:31:33+00:00\">Okt 31, 2017 o&nbsp;11:31 PDT<\/time><\/p>\n<\/div>\n<\/blockquote>\n<p> <script async defer src=\"\/\/platform.instagram.com\/en_US\/embeds.js\"><\/script><\/center><\/p>\n<p>Lutherov preklad Biblie z&nbsp;roku 1535 mal ve\u013ek\u00fd vplyv na&nbsp;zjednotenie a&nbsp;\u010fal\u0161\u00ed v\u00fdvoj spisovnej nem\u010diny ako aj ostatn\u00fdch eur\u00f3pskych jazykov, v&nbsp;ktor\u00fdch sa&nbsp;jeho my\u0161lienky \u0161\u00edrili. <\/p>\n<p>Nemeck\u00e9mu reform\u00e1torovi len po\u010das \u017eivota vy\u0161lo takmer 800 spisov v&nbsp;3&nbsp;700 vydaniach. \u0160\u00edreniu jeho diela neoby\u010dajne pomohla <a href=\"https:\/\/sk.wikipedia.org\/wiki\/Kn\u00edhtla\u010d\" rel=\"noopener\" target=\"_blank\">Gutenbergova kn\u00edhtla\u010d<\/a>.<\/p>\n<p style=\"text-align: right;\"><small><a href=\"https:\/\/www.mz-web.de\/sachsen-anhalt\/luther2017\" target=\"_blank\" rel=\"noopener\">Mitteldeutsche Zeitung<\/a><\/small><\/p>\n","protected":false},"excerpt":{"rendered":"<p>Nemecko si pripom\u00edna 500.&nbsp;v\u00fdro\u010die protestantskej reform\u00e1cie. Mn\u00edch Martin Luther 31.&nbsp;okt\u00f3bra 1517 pribil svojich 95 v\u00fdpoved\u00ed na&nbsp;dvere kl\u00e1\u0161tora vo&nbsp;Wittenbergu. Za\u010dal sa&nbsp;mohutn\u00fd reforma\u010dn\u00fd proces, ktor\u00fd z\u00e1sadne zmenil z\u00e1padn\u00fd svet. <a href=\"https:\/\/literarnenoviny.sk\/servis\/nemecko-si-pripomina-500-vyrocie-reformacie-ktora-zasadne-zmenila-svet\/\" class=\"more-link\">Cel\u00e1 spr\u00e1va <span class=\"meta-nav\">&rarr;<\/span><\/a><\/p>\n","protected":false},"author":2,"featured_media":0,"comment_status":"closed","ping_status":"closed","sticky":false,"template":"","format":"standard","meta":{"_links_to":"","_links_to_target":""},"categories":[1],"tags":[6],"_links":{"self":[{"href":"https:\/\/literarnenoviny.sk\/servis\/wp-json\/wp\/v2\/posts\/1335"}],"collection":[{"href":"https:\/\/literarnenoviny.sk\/servis\/wp-json\/wp\/v2\/posts"}],"about":[{"href":"https:\/\/literarnenoviny.sk\/servis\/wp-json\/wp\/v2\/types\/post"}],"author":[{"embeddable":true,"href":"https:\/\/literarnenoviny.sk\/servis\/wp-json\/wp\/v2\/users\/2"}],"replies":[{"embeddable":true,"href":"https:\/\/literarnenoviny.sk\/servis\/wp-json\/wp\/v2\/comments?post=1335"}],"version-history":[{"count":0,"href":"https:\/\/literarnenoviny.sk\/servis\/wp-json\/wp\/v2\/posts\/1335\/revisions"}],"wp:attachment":[{"href":"https:\/\/literarnenoviny.sk\/servis\/wp-json\/wp\/v2\/media?parent=1335"}],"wp:term":[{"taxonomy":"category","embeddable":true,"href":"https:\/\/literarnenoviny.sk\/servis\/wp-json\/wp\/v2\/categories?post=1335"},{"taxonomy":"post_tag","embeddable":true,"href":"https:\/\/literarnenoviny.sk\/servis\/wp-json\/wp\/v2\/tags?post=1335"}],"curies":[{"name":"wp","href":"https:\/\/api.w.org\/{rel}","templated":true}]}}