{"id":13322,"date":"2020-07-10T16:40:30","date_gmt":"2020-07-10T14:40:30","guid":{"rendered":"https:\/\/literarnenoviny.sk\/servis\/?p=13322"},"modified":"2020-07-11T02:42:58","modified_gmt":"2020-07-11T00:42:58","slug":"150-svetovych-osobnosti-sa-vzoprelo-kulture-dogmatizmu-inkvizicnych-aktivistov","status":"publish","type":"post","link":"https:\/\/literarnenoviny.sk\/servis\/150-svetovych-osobnosti-sa-vzoprelo-kulture-dogmatizmu-inkvizicnych-aktivistov\/","title":{"rendered":"150 svetov\u00fdch osobnost\u00ed sa&nbsp;vzoprelo kult\u00fare dogmatizmu inkvizi\u010dn\u00fdch aktivistov"},"content":{"rendered":"<p><strong>Zn\u00e1me osobnost\u00ed z\u00e1padn\u00e9ho kult\u00farneho, akademick\u00e9ho a&nbsp;medi\u00e1lneho sveta sa&nbsp;vzopreli narastaj\u00facej kult\u00fare intolerancie<\/strong>, dogmatizmu a&nbsp;cenz\u00fare inkvizi\u010dn\u00fdch aktivistov. Podp\u00edsali sa&nbsp;pod <a href=\"https:\/\/harpers.org\/a-letter-on-justice-and-open-debate\/\" rel=\"noopener noreferrer\" target=\"_blank\">otvoren\u00fd list<\/a>, ktor\u00fd vy\u0161iel v&nbsp;poprednom americkom \u010dasopise <a href=\"https:\/\/harpers.org\/\" rel=\"noopener noreferrer\" target=\"_blank\">Harper\u2019s<\/a>. <\/p>\n<p>Medzi 150 osobnos\u0165ami s\u00fa napr\u00edklad spisovatelia <a href=\"https:\/\/sk.wikipedia.org\/wiki\/Margaret_Atwoodov\u00e1\" rel=\"noopener noreferrer\" target=\"_blank\">Margaret Atwoodov\u00e1<\/a>, <a href=\"https:\/\/sk.wikipedia.org\/wiki\/Salman_Rushdie\" rel=\"noopener noreferrer\" target=\"_blank\">Salman Rushdie<\/a>, <a href=\"https:\/\/sk.wikipedia.org\/wiki\/Joanne_Rowlingov\u00e1\" rel=\"noopener noreferrer\" target=\"_blank\">J. K. Rowlingov\u00e1<\/a>, filozofi <a href=\"https:\/\/sk.wikipedia.org\/wiki\/Noam_Avram_Chomsky\" rel=\"noopener noreferrer\" target=\"_blank\">Noam Chomsky<\/a> a&nbsp;<a href=\"https:\/\/en.wikipedia.org\/wiki\/Andrew_Solomon\" rel=\"noopener noreferrer\" target=\"_blank\">Andrew Solomon<\/a>, historik <a href=\"https:\/\/cs.wikipedia.org\/wiki\/Francis_Fukuyama\" rel=\"noopener noreferrer\" target=\"_blank\">Francis Fukujama<\/a>, novin\u00e1ri <a href=\"https:\/\/cs.wikipedia.org\/wiki\/Anne_Applebaumov\u00e1\" rel=\"noopener noreferrer\" target=\"_blank\">Anne Appelbaumov\u00e1<\/a>, <a href=\"https:\/\/cs.wikipedia.org\/wiki\/Fareed_Zakaria\" rel=\"noopener noreferrer\" target=\"_blank\">Fareed Zakaria<\/a> \u010di&nbsp;feministka <a href=\"https:\/\/cs.wikipedia.org\/wiki\/Gloria_Steinemov\u00e1\" rel=\"noopener noreferrer\" target=\"_blank\">Gloria Steinemov\u00e1<\/a>. <\/p>\n<p><center><div class=\"gca-utility vertical-spacer\"><\/div>\n<blockquote class=\"twitter-tweet\">\n<p lang=\"en\" dir=\"ltr\">A statement signed by 150 people incl. Bill T. Jones, Wynton Marsalis, Jennifer Finney Boylan, Noam Chomsky, J.K. Rowling, Margaret Atwood, and Salman Rushdie expresses concern over the&nbsp;illiberal trend intensified by our national reckoning.<a href=\"https:\/\/t.co\/4zPjuPNXBu\">https:\/\/t.co\/4zPjuPNXBu<\/a><\/p>\n<p>&mdash; Harper&#39;s&nbsp;Magazine (@Harpers) <a href=\"https:\/\/twitter.com\/Harpers\/status\/1280495875165425670?ref_src=twsrc%5Etfw\">July 7, 2020<\/a><\/p><\/blockquote>\n<p> <script async src=\"https:\/\/platform.twitter.com\/widgets.js\" charset=\"utf-8\"><\/script><div class=\"gca-utility vertical-spacer\"><\/div><\/center><\/p>\n<p>Signat\u00e1ri s\u00fa znepokojen\u00ed t\u00fdm, akou netolerantnou sa&nbsp;stala verejn\u00e1 diskusia. S\u00fa znepokojen\u00ed vynucovan\u00edm si n\u00e1zorovej konformity \u010di&nbsp;trestan\u00edm a&nbsp;pracovnopr\u00e1vnym postihovan\u00edm \u013eud\u00ed, ktor\u00ed prejavia odli\u0161n\u00fd n\u00e1zor. To pod\u013ea nich vedie k&nbsp;atmosf\u00e9re strachu, na&nbsp;ktor\u00fa u\u017e&nbsp;teraz dopl\u00e1came v\u0161etci.<\/p>\n<p><em>\u201eSpisovatelia, umelci a&nbsp;novin\u00e1ri sa&nbsp;ob\u00e1vaj\u00fa o&nbsp;svoje \u017eivobytie, ak sa&nbsp;odklonia od&nbsp;konsenzu alebo s\u00fahlas s&nbsp;n\u00edm neprejavuj\u00fa s&nbsp;dostato\u010dn\u00fdm nad\u0161en\u00edm\u201c<\/em>.<\/p>\n<p>V liste \u010falej upozor\u0148uj\u00fa, \u017ee&nbsp;<em>\u201enarastaj\u00faca kult\u00fara netolerancie a&nbsp;dusivej atmosf\u00e9ry\u201c<\/em> ohrozuje slobodu myslenia, diskusiu a&nbsp;posil\u0148uje inkvizi\u010dn\u00fd vplyv <em>\u201enovodobej podoby n\u00e1bo\u017eenstva\u201c<\/em>.<\/p>\n<p>Pod\u013ea signat\u00e1rov je&nbsp;zar\u00e1\u017eaj\u00faco mraziv\u00e9, \u017ee&nbsp;hodnoty, na&nbsp;ktor\u00fdch stoj\u00ed z\u00e1padn\u00e1 slobodn\u00e1 spolo\u010dnos\u0165, dnes z\u00fafalo z\u00e1pasia o&nbsp;pre\u017eitie. Plat\u00ed to najm\u00e4 o&nbsp;Spojen\u00fdch \u0161t\u00e1toch a&nbsp;Ve\u013ekej Brit\u00e1nii, teda o&nbsp;krajin\u00e1ch, ktor\u00e9 boli pova\u017eovan\u00e9 za&nbsp;ba\u0161ty slobody myslenia.<\/p>\n<p>Odli\u0161n\u00e9 n\u00e1zory sa&nbsp;por\u00e1\u017eaj\u00fa argument\u00e1ciou a&nbsp;presvied\u010dan\u00edm, nie uml\u010diavan\u00edm, zosmie\u0161\u0148ovan\u00edm \u010di&nbsp;trestan\u00edm oponentov \u201evo falo\u0161nej n\u00e1deji, \u017ee&nbsp;takto potichu zmizn\u00fa,\u201c zd\u00f4raz\u0148uj\u00fa svetov\u00e9 osobnosti. Slobodn\u00fd \u010dlovek pod\u013ea nich <em>\u201epotrebuje priestor na&nbsp;nes\u00fahlas\u201c<\/em>.<\/p>\n<p style=\"text-align: right;\"><small>&mdash;&nbsp;<a href=\"https:\/\/harpers.org\/a-letter-on-justice-and-open-debate\/\" target=\"_blank\" rel=\"noopener noreferrer\">Harper\u2019s Magazine<\/a><\/small><\/p>\n<div class=\"gca-utility clearfix\"><\/div>\n<div class=\"gca-utility vertical-spacer\"><\/div>\n<p><center><span class=\"fullscreen\"><a href=\"\/\/www.martinus.sk\/?z=WLGC7F&#038;utm_source=z%3DWLGC7F&#038;utm_medium=banner1_468x60&#038;utm_campaign=partner\"><img decoding=\"async\" src=\"\/\/www.martinus.sk\/images\/banners\/468x60_red.jpg\" alt=\"www.martinus.sk\" \/><\/a><\/span><\/center><\/p>\n","protected":false},"excerpt":{"rendered":"<p>Osobnost\u00ed z\u00e1padn\u00e9ho kult\u00farneho, akademick\u00e9ho a&nbsp;medi\u00e1lneho sveta, medzi ktor\u00fdmi s\u00fa aj zn\u00e1mi spisovatelia,  sa&nbsp;vzopreli narastaj\u00facej kult\u00fare intolerancie, dogmatizmu a&nbsp;cenz\u00fare inkvizi\u010dn\u00fdch aktivistov. Podp\u00edsali sa&nbsp;pod otvoren\u00fd list, ktor\u00fd vy\u0161iel v&nbsp;poprednom americkom \u010dasopise Harper\u2019s. <a href=\"https:\/\/literarnenoviny.sk\/servis\/150-svetovych-osobnosti-sa-vzoprelo-kulture-dogmatizmu-inkvizicnych-aktivistov\/\" class=\"more-link\">Cel\u00e1 spr\u00e1va <span class=\"meta-nav\">&rarr;<\/span><\/a><\/p>\n","protected":false},"author":2,"featured_media":0,"comment_status":"closed","ping_status":"closed","sticky":false,"template":"","format":"standard","meta":{"_links_to":"","_links_to_target":""},"categories":[1],"tags":[37,130,3,72],"_links":{"self":[{"href":"https:\/\/literarnenoviny.sk\/servis\/wp-json\/wp\/v2\/posts\/13322"}],"collection":[{"href":"https:\/\/literarnenoviny.sk\/servis\/wp-json\/wp\/v2\/posts"}],"about":[{"href":"https:\/\/literarnenoviny.sk\/servis\/wp-json\/wp\/v2\/types\/post"}],"author":[{"embeddable":true,"href":"https:\/\/literarnenoviny.sk\/servis\/wp-json\/wp\/v2\/users\/2"}],"replies":[{"embeddable":true,"href":"https:\/\/literarnenoviny.sk\/servis\/wp-json\/wp\/v2\/comments?post=13322"}],"version-history":[{"count":0,"href":"https:\/\/literarnenoviny.sk\/servis\/wp-json\/wp\/v2\/posts\/13322\/revisions"}],"wp:attachment":[{"href":"https:\/\/literarnenoviny.sk\/servis\/wp-json\/wp\/v2\/media?parent=13322"}],"wp:term":[{"taxonomy":"category","embeddable":true,"href":"https:\/\/literarnenoviny.sk\/servis\/wp-json\/wp\/v2\/categories?post=13322"},{"taxonomy":"post_tag","embeddable":true,"href":"https:\/\/literarnenoviny.sk\/servis\/wp-json\/wp\/v2\/tags?post=13322"}],"curies":[{"name":"wp","href":"https:\/\/api.w.org\/{rel}","templated":true}]}}