{"id":13282,"date":"2020-07-05T11:00:31","date_gmt":"2020-07-05T09:00:31","guid":{"rendered":"https:\/\/literarnenoviny.sk\/servis\/?p=13282"},"modified":"2020-07-05T15:01:37","modified_gmt":"2020-07-05T13:01:37","slug":"ekolog-michael-shellenberger-sa-ospravedlnil-za-sirenie-klimatickeho-strachu","status":"publish","type":"post","link":"https:\/\/literarnenoviny.sk\/servis\/ekolog-michael-shellenberger-sa-ospravedlnil-za-sirenie-klimatickeho-strachu\/","title":{"rendered":"Ekol\u00f3g Michael Shellenberger sa&nbsp;ospravedlnil za&nbsp;\u0161\u00edrenie klimatick\u00e9ho strachu"},"content":{"rendered":"<p><strong>Americk\u00fd ekologick\u00fd aktivista, spisovate\u013e a&nbsp;ekol\u00f3g <a href=\"https:\/\/en.wikipedia.org\/wiki\/Michael_Shellenberger\" rel=\"noopener noreferrer\" target=\"_blank\">Michael Shellenberger<\/a> sa&nbsp;ospravedlnil za&nbsp;svoj podiel na&nbsp;panike okolo klimatickej kr\u00edzy<\/strong> a&nbsp;priznal, \u017ee&nbsp;doteraz sa&nbsp;b\u00e1l obhajova\u0165 pravdu. Shellenbergera v&nbsp;roku 2008 magaz\u00edn <a href=\"https:\/\/www.thetimes.co.uk\/\" rel=\"noopener noreferrer\" target=\"_blank\">Times<\/a> vyhl\u00e1sil za&nbsp;<em><a href=\"https:\/\/en.wikipedia.org\/wiki\/Heroes_of_the_Environment_(2008)\" rel=\"noopener noreferrer\" target=\"_blank\">\u201eHrdinu \u017eivotn\u00e9ho prostredia<\/a>\u201c<\/em>.<\/p>\n<p>Re\u0161pektovan\u00fd ekol\u00f3g, ktor\u00fd s\u00e1m dlhodobo varoval pred klimatickou zmenou, pre&nbsp;\u010dasopis <a href=\"https:\/\/www.forbes.com\/sites\/michaelshellenberger\/2020\/06\/28\/on-behalf-of-environmentalists-i-apologize-for-the-climate-scare\/\" rel=\"noopener noreferrer\" target=\"_blank\">Forbes<\/a> nap\u00edsal, \u017ee&nbsp;ekologick\u00fd aktivizmus sa&nbsp;<em>\u201evymkol kontrole\u201c<\/em> a&nbsp;<em>\u201eza\u0161lo to pri\u010faleko\u201c<\/em>.  \u010cl\u00e1nok \u010dasopis nesk\u00f4r vymazal.<\/p>\n<p><center><div class=\"gca-utility vertical-spacer\"><\/div>\n<blockquote class=\"twitter-tweet\">\n<p lang=\"en\" dir=\"ltr\">On behalf of environmentalists, I&nbsp;apologize for the&nbsp;climate scare<\/p>\n<p>Climate change is real but it&#39;s&nbsp;not the&nbsp;end of the&nbsp;world<\/p>\n<p>It&#39;s&nbsp;not even our most important environmental problem<\/p>\n<p>I am delivering my apology in the&nbsp;form of a&nbsp;book<\/p>\n<p>I hope you accept it<a href=\"https:\/\/t.co\/l99Ixjd3Cf\">https:\/\/t.co\/l99Ixjd3Cf<\/a><\/p>\n<p>&mdash; Mike Shellenberger (@ShellenbergerMD) <a href=\"https:\/\/twitter.com\/ShellenbergerMD\/status\/1277380835532877824?ref_src=twsrc%5Etfw\">June 28, 2020<\/a><\/p><\/blockquote>\n<p> <script async src=\"https:\/\/platform.twitter.com\/widgets.js\" charset=\"utf-8\"><\/script><div class=\"gca-utility vertical-spacer\"><\/div><\/center><\/p>\n<p>Michael Shellenberger potom text zverejnil na&nbsp;webe iniciat\u00edvy <a href=\"https:\/\/environmentalprogress.org\/big-news\/2020\/6\/29\/on-behalf-of-environmentalists-i-apologize-for-the-climate-scare\" rel=\"noopener noreferrer\" target=\"_blank\">Environmental Progress<\/a>. <em>\u201eK zmene kl\u00edmy doch\u00e1dza. Nie je&nbsp;to ale koniec sveta. Nie je&nbsp;to ani n\u00e1\u0161 najz\u00e1va\u017enej\u0161\u00ed ekologick\u00fd probl\u00e9m,\u201c<\/em> nap\u00edsal a&nbsp;dodal, \u017ee&nbsp;bol klimatick\u00fdm aktivistom 20 rokov a&nbsp;ekol\u00f3gom 30 rokov. <\/p>\n<p>Doteraz vraj ml\u010dal najm\u00e4 preto, lebo sa&nbsp;ob\u00e1val, \u017ee&nbsp;pr\u00edde o&nbsp;priate\u013eov a&nbsp;financie. Ke\u010f chcel toti\u017e  br\u00e1ni\u0165 vedu, poc\u00edtil n\u00e1sledky. <em>\u201eA tak som v\u00e4\u010d\u0161inou st\u00e1l ved\u013ea a&nbsp;nerobil ni\u010d, zatia\u013e \u010do&nbsp;moji kolegovia environmentalisti desili verejnos\u0165,\u201c<\/em> p\u00ed\u0161e  Shellenberger.<\/p>\n<p>Bod zlomu nastal, ke\u010f americk\u00e1 politi\u010dka <!a href=\"https:\/\/www.forbes.com\/sites\/michaelshellenberger\/2020\/06\/30\/democrats-climate-plan-will-kill-endangered-species-environmentalists-fear\/\" rel=\"noopener noreferrer\" target=\"_blank\">Alexandria Ocasio-Cort\u00e9zov\u00e1<\/a> uviedla, \u017ee&nbsp;<em>\u201esvet skon\u010d\u00ed za&nbsp;12 rokov\u201c<\/em> a&nbsp;vplyvn\u00e1 britsk\u00e1 environment\u00e1lna skupina vyhl\u00e1sila, \u017ee&nbsp;<em>\u201eklimatick\u00e9 zmeny zab\u00edjaj\u00fa deti\u201c<\/em>. <\/p>\n<p>Dospelo to a\u017e k&nbsp;tomu, ke\u010f m\u00e1 <em>\u201eno\u010dn\u00e9 mory o&nbsp;zmene kl\u00edmy\u201c<\/em> ka\u017ed\u00e9 piate die\u0165a v&nbsp;Brit\u00e1nii. <em>\u201eRozhodol som sa&nbsp;teda, \u017ee&nbsp;mus\u00edm prehovori\u0165\u201c<\/em>.<\/p>\n<p>Urobil to aj vo&nbsp;svojej novej knihe <em><strong><a href=\"https:\/\/www.amazon.com\/Apocalypse-Never-Environmental-Alarmism-Hurts\/dp\/0063001691\" rel=\"noopener noreferrer\" target=\"_blank\">Apocalypse Never: Why Environmental Alarmism Hurts Us All<\/a><\/strong>, (Apokalypsa nenastane: Pre\u010do n\u00e1m ekologick\u00fd alarmismus v\u0161etk\u00fdm ubli\u017euje)<\/em>.<\/p>\n<p>Michael Shellenberger, ktor\u00fd pre&nbsp;Forbes na\u010falej p\u00ed\u0161e o&nbsp;\u017eivotnom prostred\u00ed, je&nbsp;aj spoluautorom zn\u00e1meho titulu <em><strong>Prelom<\/strong> (<a href=\"https:\/\/www.amazon.com\/Break-Through-Environmentalism-Politics-ofPossibility\/dp\/0618658254\/\" rel=\"noopener noreferrer\" target=\"_blank\">Break Through<\/a>, 2007)<\/em>, ktor\u00fd z\u00edskal Green Book Award.<\/p>\n<p style=\"text-align: right;\"><small>&mdash;&nbsp;<a href=\"https:\/\/www.washingtontimes.com\/news\/2020\/jul\/1\/michael-shellenberger-ex-alarmist-disputes-climate\/\" target=\"_blank\" rel=\"noopener noreferrer\">The Washington Times<\/a> a&nbsp; <a href=\"https:\/\/echo24.cz\/a\/SZXTD\/omlouvam-se-za-vyvolany-klimaticky-strach-napsal-uznavany-ekolog-forbes-mu-clanek-vymazal\" target=\"_blank\" rel=\"noopener noreferrer\">Echo24.cz<\/a><\/small><\/p>\n<div class=\"gca-utility clearfix\"><\/div>\n<div class=\"gca-utility vertical-spacer\"><\/div>\n<p><center><span class=\"fullscreen\"><a href=\"\/\/www.martinus.sk\/?z=WLGC7F&#038;utm_source=z%3DWLGC7F&#038;utm_medium=banner1_468x60&#038;utm_campaign=partner\"><img decoding=\"async\" src=\"\/\/www.martinus.sk\/images\/banners\/468x60_red.jpg\" alt=\"www.martinus.sk\" \/><\/a><\/span><\/center><\/p>\n","protected":false},"excerpt":{"rendered":"<p>Americk\u00fd ekologick\u00fd aktivista, spisovate\u013e a&nbsp;ekol\u00f3g Michael Shellenberger sa&nbsp;ospravedlnil za&nbsp;svoj podiel na&nbsp;panike okolo klimatickej kr\u00edzy a&nbsp;priznal, \u017ee&nbsp;doteraz sa&nbsp;b\u00e1l obhajova\u0165 pravdu. Shellenbergera v&nbsp;roku 2008 magaz\u00edn Times vyhl\u00e1sil za&nbsp;Hrdinu \u017eivotn\u00e9ho prostredia. <a href=\"https:\/\/literarnenoviny.sk\/servis\/ekolog-michael-shellenberger-sa-ospravedlnil-za-sirenie-klimatickeho-strachu\/\" class=\"more-link\">Cel\u00e1 spr\u00e1va <span class=\"meta-nav\">&rarr;<\/span><\/a><\/p>\n","protected":false},"author":2,"featured_media":0,"comment_status":"closed","ping_status":"closed","sticky":false,"template":"","format":"standard","meta":{"_links_to":"","_links_to_target":""},"categories":[1],"tags":[],"_links":{"self":[{"href":"https:\/\/literarnenoviny.sk\/servis\/wp-json\/wp\/v2\/posts\/13282"}],"collection":[{"href":"https:\/\/literarnenoviny.sk\/servis\/wp-json\/wp\/v2\/posts"}],"about":[{"href":"https:\/\/literarnenoviny.sk\/servis\/wp-json\/wp\/v2\/types\/post"}],"author":[{"embeddable":true,"href":"https:\/\/literarnenoviny.sk\/servis\/wp-json\/wp\/v2\/users\/2"}],"replies":[{"embeddable":true,"href":"https:\/\/literarnenoviny.sk\/servis\/wp-json\/wp\/v2\/comments?post=13282"}],"version-history":[{"count":0,"href":"https:\/\/literarnenoviny.sk\/servis\/wp-json\/wp\/v2\/posts\/13282\/revisions"}],"wp:attachment":[{"href":"https:\/\/literarnenoviny.sk\/servis\/wp-json\/wp\/v2\/media?parent=13282"}],"wp:term":[{"taxonomy":"category","embeddable":true,"href":"https:\/\/literarnenoviny.sk\/servis\/wp-json\/wp\/v2\/categories?post=13282"},{"taxonomy":"post_tag","embeddable":true,"href":"https:\/\/literarnenoviny.sk\/servis\/wp-json\/wp\/v2\/tags?post=13282"}],"curies":[{"name":"wp","href":"https:\/\/api.w.org\/{rel}","templated":true}]}}