{"id":13233,"date":"2020-06-28T14:40:46","date_gmt":"2020-06-28T12:40:46","guid":{"rendered":"https:\/\/literarnenoviny.sk\/servis\/?p=13233"},"modified":"2020-07-05T15:06:00","modified_gmt":"2020-07-05T13:06:00","slug":"hostom-prazskeho-festivalu-spisovatelu-bude-laureat-nobelovej-ceny-wole-soyinka","status":"publish","type":"post","link":"https:\/\/literarnenoviny.sk\/servis\/hostom-prazskeho-festivalu-spisovatelu-bude-laureat-nobelovej-ceny-wole-soyinka\/","title":{"rendered":"Hos\u0165om pra\u017esk\u00e9ho Festivalu spisovatel\u016f bude laure\u00e1t Nobelovej ceny Wole Soyinka"},"content":{"rendered":"<p><strong>Hos\u0165om tohtoro\u010dn\u00e9ho pra\u017esk\u00e9ho <a href=\"https:\/\/www.pwf.cz\/\" rel=\"noopener noreferrer\" target=\"_blank\">Festivalu spisovatel\u016f<\/a> bude dr\u017eite\u013e Nobelovej ceny za&nbsp;literat\u00faru, nig\u00e9rijsk\u00fd autor <a href=\"https:\/\/sk.wikipedia.org\/wiki\/Wole_Soyinka\" rel=\"noopener noreferrer\" target=\"_blank\">Wole Soyinka<\/a><\/strong>, informuj\u00fa na&nbsp;<a href=\"https:\/\/www.pwf.cz\/rubriky\/pwf-2020\/autori\/wole-soyinka_12107.html\" rel=\"noopener noreferrer\" target=\"_blank\">webovej str\u00e1nke<\/a> usporiadatelia septembrov\u00e9ho liter\u00e1rneho podujatia.<\/p>\n<p>B\u00e1snik a&nbsp;dramatik nap\u00edsal svoju prv\u00fa divadeln\u00fa hru nieko\u013eko rokov predt\u00fdm, ne\u017e Nig\u00e9ria vyhl\u00e1sila nez\u00e1vislos\u0165. Hoci do&nbsp;politiky nikdy nevst\u00fapil, jeho dielo i&nbsp;\u017eivot s&nbsp;\u0148ou \u00fazko s\u00favis\u00ed.<\/p>\n<p><center><div class=\"gca-utility vertical-spacer\"><\/div><iframe loading=\"lazy\" src=\"https:\/\/www.facebook.com\/plugins\/post.php?href=https%3A%2F%2Fwww.facebook.com%2FKulturaAktualne%2Fposts%2F4358055617539769&#038;width=500\" width=\"500\" height=\"548\" style=\"border:none;overflow:hidden\" scrolling=\"no\" frameborder=\"0\" allowTransparency=\"true\" allow=\"encrypted-media\"><\/iframe><div class=\"gca-utility vertical-spacer\"><\/div><\/center><\/p>\n<p>Za svoj postoj ku&nbsp;korupcii a&nbsp;diktat\u00fare bol Soyinka nieko\u013ekokr\u00e1t v\u00e4znen\u00fd. Po\u010das vl\u00e1dy gener\u00e1la <a href=\"https:\/\/en.wikipedia.org\/wiki\/Sani_Abacha\" rel=\"noopener noreferrer\" target=\"_blank\">Sani Abachu<\/a> sa&nbsp;mu z&nbsp;Nig\u00e9rie, kde ho ods\u00fadili v&nbsp;nepr\u00edtomnosti na&nbsp;trest smrti, podarilo ujs\u0165. Vr\u00e1til sa&nbsp;a\u017e po&nbsp;obnoven\u00ed civilnej vl\u00e1dy v&nbsp;roku 1999. <\/p>\n<p><em>\u201eZ\u00e1kladn\u00fdm predpokladom \u010dlove\u010denstva je&nbsp;spravodlivos\u0165,\u201c<\/em> tvrdil uzn\u00e1van\u00fd autor, ktor\u00fd Nig\u00e9riu opakovane op\u00fa\u0161\u0165al, aby sa&nbsp;do&nbsp;nej op\u00e4tovne vracal.<\/p>\n<p><em>\u201eMoc nevie vyst\u00e1\u0165 slobodu. Na&nbsp;jednom p\u00f3le \u013eudsk\u00fdch dej\u00edn je&nbsp;moc, na&nbsp;druhom je&nbsp;sloboda,\u201c<\/em> vysvet\u013eoval svoj postoj pri obhajobe \u013eudsk\u00fdch pr\u00e1v spisovate\u013e, ktor\u00fd v\u00e4\u010d\u0161inu svojich diel nap\u00edsal v&nbsp;emigr\u00e1cii. \u010cas\u0165 Soyinkovej tvorby sa&nbsp;dot\u00fdka nig\u00e9rijskej ob\u010dianskej vojny v&nbsp;rokoch 1967 a\u017e 1970<em> (prozaick\u00e1 b\u00e1se\u0148 Zvonenie ticha)<\/em><\/p>\n<p>Nieko\u013eko jeho diel, vr\u00e1tane autobiografick\u00e9ho rom\u00e1nu <em><strong>Ak\u00e9, l\u00e9ta d\u011btstv\u00ed<\/strong> (Ak\u00e9: the&nbsp;Years of Childhood, 1981)<\/em>, vy\u0161lo aj v&nbsp;\u010de\u0161tine. <\/p>\n<p>Medzi zn\u00e1me tituly patria tie\u017e z\u00e1pisky z&nbsp;v\u00e4zenia <em><strong>The Man Died<\/strong> (1972)<\/em> \u010di&nbsp;spisovate\u013eove pam\u00e4te <em><strong><a href=\"https:\/\/www.amazon.com\/You-Must-Set-Forth-Dawn-ebook\/dp\/B000SF51WE\" rel=\"noopener noreferrer\" target=\"_blank\">You Must Set Forth at Dawn<\/a><\/strong> (2006)<\/em>. Soyinka vydal aj osem b\u00e1snick\u00fdch zbierok, tri desiatky divadeln\u00fdch hier a&nbsp;mnoh\u00e9 eseje.<\/p>\n<p>V roku 1986 Wole Soyinka z\u00edskal ako prv\u00fd a&nbsp;doteraz jedin\u00fd africk\u00fd dramatik Nobelovu cenu za&nbsp;literat\u00faru.<\/p>\n<p style=\"text-align: right;\"><small>&mdash;&nbsp;<a href=\"https:\/\/www.pwf.cz\/rubriky\/pwf-2020\/autori\/wole-soyinka_12107.html\" target=\"_blank\" rel=\"noopener noreferrer\">Festivalu spisovatel\u016f Praha<\/a><\/small><\/p>\n<div class=\"gca-utility clearfix\"><\/div>\n<div class=\"gca-utility vertical-spacer\"><\/div>\n<p><center><span class=\"fullscreen\"><a href=\"\/\/www.martinus.sk\/?z=WLGC7F&#038;utm_source=z%3DWLGC7F&#038;utm_medium=banner1_468x60&#038;utm_campaign=partner\"><img decoding=\"async\" src=\"\/\/www.martinus.sk\/images\/banners\/468x60.jpg\" alt=\"www.martinus.sk\" \/><\/a><\/span><\/center><\/p>\n","protected":false},"excerpt":{"rendered":"<p>Hos\u0165om tohtoro\u010dn\u00e9ho pra\u017esk\u00e9ho Festivalu spisovatel\u016f bude dr\u017eite\u013e Nobelovej ceny za&nbsp;literat\u00faru, nig\u00e9rijsk\u00fd autor Wole Soyinka, informuj\u00fa na&nbsp;webovej str\u00e1nke usporiadatelia septembrov\u00e9ho liter\u00e1rneho podujatia. Nieko\u013eko jeho diel, vr\u00e1tane autobiografick\u00e9ho rom\u00e1nu Ak\u00e9, l\u00e9ta d\u011btstv\u00ed, vy\u0161lo aj v&nbsp;\u010de\u0161tine. <a href=\"https:\/\/literarnenoviny.sk\/servis\/hostom-prazskeho-festivalu-spisovatelu-bude-laureat-nobelovej-ceny-wole-soyinka\/\" class=\"more-link\">Cel\u00e1 spr\u00e1va <span class=\"meta-nav\">&rarr;<\/span><\/a><\/p>\n","protected":false},"author":2,"featured_media":0,"comment_status":"closed","ping_status":"closed","sticky":false,"template":"","format":"standard","meta":{"_links_to":"","_links_to_target":""},"categories":[1],"tags":[15,3,196],"_links":{"self":[{"href":"https:\/\/literarnenoviny.sk\/servis\/wp-json\/wp\/v2\/posts\/13233"}],"collection":[{"href":"https:\/\/literarnenoviny.sk\/servis\/wp-json\/wp\/v2\/posts"}],"about":[{"href":"https:\/\/literarnenoviny.sk\/servis\/wp-json\/wp\/v2\/types\/post"}],"author":[{"embeddable":true,"href":"https:\/\/literarnenoviny.sk\/servis\/wp-json\/wp\/v2\/users\/2"}],"replies":[{"embeddable":true,"href":"https:\/\/literarnenoviny.sk\/servis\/wp-json\/wp\/v2\/comments?post=13233"}],"version-history":[{"count":0,"href":"https:\/\/literarnenoviny.sk\/servis\/wp-json\/wp\/v2\/posts\/13233\/revisions"}],"wp:attachment":[{"href":"https:\/\/literarnenoviny.sk\/servis\/wp-json\/wp\/v2\/media?parent=13233"}],"wp:term":[{"taxonomy":"category","embeddable":true,"href":"https:\/\/literarnenoviny.sk\/servis\/wp-json\/wp\/v2\/categories?post=13233"},{"taxonomy":"post_tag","embeddable":true,"href":"https:\/\/literarnenoviny.sk\/servis\/wp-json\/wp\/v2\/tags?post=13233"}],"curies":[{"name":"wp","href":"https:\/\/api.w.org\/{rel}","templated":true}]}}