{"id":1316,"date":"2017-10-27T15:27:01","date_gmt":"2017-10-27T13:27:01","guid":{"rendered":"https:\/\/literarnenoviny.sk\/servis\/?p=1316"},"modified":"2017-10-27T18:08:35","modified_gmt":"2017-10-27T16:08:35","slug":"katalansky-regionalny-parlament-vyhlasil-nezavislost-a-vznik-katalanskej-republiky","status":"publish","type":"post","link":"https:\/\/literarnenoviny.sk\/servis\/katalansky-regionalny-parlament-vyhlasil-nezavislost-a-vznik-katalanskej-republiky\/","title":{"rendered":"Katal\u00e1nsky region\u00e1lny parlament vyhl\u00e1sil nez\u00e1vislos\u0165 a&nbsp;vznik Katal\u00e1nskej republiky"},"content":{"rendered":"<p><strong><a href=\"https:\/\/ca.wikipedia.org\/wiki\/Parlament_de_Catalunya\" rel=\"noopener\" target=\"_blank\">Katal\u00e1nsky region\u00e1lny parlament<\/a> vyhl\u00e1sil nez\u00e1vislos\u0165 od&nbsp;\u0160panielska a&nbsp;vznik <a href=\"https:\/\/en.wikipedia.org\/wiki\/Catalonia\" rel=\"noopener\" target=\"_blank\">Katal\u00e1nskej republiky<\/a><\/strong>. Za&nbsp;nez\u00e1vislos\u0165 \u0161panielskej auton\u00f3mnej oblasti v&nbsp;tajnej vo\u013ebe hlasovalo 70 poslancov katal\u00e1nskej vl\u00e1dnej koal\u00edcie, 10 boli proti, 2 sa&nbsp;zdr\u017eali.<br \/>\n<a href=\"https:\/\/ca.wikipedia.org\/wiki\/Rep\u00fablica_Catalana\" rel=\"noopener\" target=\"_blank\"><\/a><br \/>\nHlasovania sa&nbsp;nez\u00fa\u010dastnila \u0161panielska vl\u00e1dna \u013dudov\u00e1 strana, hnutie Ciudadanos ani socialisti. Poslanci t\u00fdchto str\u00e1n na&nbsp;protest odi\u0161li z&nbsp;rokovacej s\u00e1ly.<br \/>\n<center><\/p>\n<blockquote class=\"twitter-tweet\" data-lang=\"sk\">\n<p lang=\"und\" dir=\"ltr\">Catalunya \u00e9s i&nbsp;ser\u00e0 terra de&nbsp;llibertat. Al servei de&nbsp;les persones. En els moments dif\u00edcils i&nbsp;en els moments de&nbsp;celebraci\u00f3. Ara m\u00e9s que mai<\/p>\n<p>&mdash; Carles Puigdemont (@KRLS) <a href=\"https:\/\/twitter.com\/KRLS\/status\/923929340177502208?ref_src=twsrc%5Etfw\">27.&nbsp;okt\u00f3bra 2017<\/a><\/p><\/blockquote>\n<p><script async src=\"https:\/\/platform.twitter.com\/widgets.js\" charset=\"utf-8\"><\/script><\/center><\/p>\n<p>Katal\u00e1nsky premi\u00e9r Carles Puigdemont reagoval aj na&nbsp;o\u010dak\u00e1van\u00e9 kroky zo&nbsp;strany \u0160panielska. <em>\u201eKatal\u00e1nsko je&nbsp;a&nbsp;bude krajinou slobody. V&nbsp;slu\u017ebe svojmu \u013eudu. V&nbsp;\u0165a\u017ek\u00fdch \u010dasoch aj v&nbsp;sl\u00e1vnostn\u00fdch okamihoch. Teraz viac ne\u017e kedyko\u013evek predt\u00fdm,\u201c<\/em> nap\u00edsal na&nbsp;Twitteri.<\/p>\n<p><center><iframe loading=\"lazy\" width=\"560\" height=\"315\" src=\"https:\/\/www.youtube.com\/embed\/tNOrpDgKjaU?rel=0&amp;showinfo=0\" frameborder=\"0\" allowfullscreen><\/iframe><\/center><\/p>\n<p>V uliciach Barcelony, ktor\u00e9 sa&nbsp;zaplnili \u013eu\u010fmi v\u0161etk\u00fdch vekov\u00fdch kateg\u00f3ri\u00ed prepukla po&nbsp;t\u00fd\u017ed\u0148och politick\u00e9ho nap\u00e4tia euf\u00f3ria.<\/p>\n<p style=\"text-align: right;\"><small><a href=\"http:\/\/www.elnacional.cat\/ca\/politica\/proclamacio-independencia-catalunya_206505_102.html\" target=\"_blank\" rel=\"noopener\">ElNacional.cat<\/a><\/small><\/p>\n","protected":false},"excerpt":{"rendered":"<p>Katal\u00e1nsky parlament vyhl\u00e1sil nez\u00e1vislos\u0165 od&nbsp;\u0160panielska a&nbsp;vznik Katal\u00e1nskej republiky. V&nbsp;uliciach Barcelony, ktor\u00e9 sa&nbsp;zaplnili \u013eu\u010fmi v\u0161etk\u00fdch vekov\u00fdch kateg\u00f3ri\u00ed prepukla po&nbsp;t\u00fd\u017ed\u0148och politick\u00e9ho nap\u00e4tia euf\u00f3ria. <a href=\"https:\/\/literarnenoviny.sk\/servis\/katalansky-regionalny-parlament-vyhlasil-nezavislost-a-vznik-katalanskej-republiky\/\" class=\"more-link\">Cel\u00e1 spr\u00e1va <span class=\"meta-nav\">&rarr;<\/span><\/a><\/p>\n","protected":false},"author":2,"featured_media":0,"comment_status":"closed","ping_status":"closed","sticky":false,"template":"","format":"standard","meta":{"_links_to":"","_links_to_target":""},"categories":[1],"tags":[76,23],"_links":{"self":[{"href":"https:\/\/literarnenoviny.sk\/servis\/wp-json\/wp\/v2\/posts\/1316"}],"collection":[{"href":"https:\/\/literarnenoviny.sk\/servis\/wp-json\/wp\/v2\/posts"}],"about":[{"href":"https:\/\/literarnenoviny.sk\/servis\/wp-json\/wp\/v2\/types\/post"}],"author":[{"embeddable":true,"href":"https:\/\/literarnenoviny.sk\/servis\/wp-json\/wp\/v2\/users\/2"}],"replies":[{"embeddable":true,"href":"https:\/\/literarnenoviny.sk\/servis\/wp-json\/wp\/v2\/comments?post=1316"}],"version-history":[{"count":0,"href":"https:\/\/literarnenoviny.sk\/servis\/wp-json\/wp\/v2\/posts\/1316\/revisions"}],"wp:attachment":[{"href":"https:\/\/literarnenoviny.sk\/servis\/wp-json\/wp\/v2\/media?parent=1316"}],"wp:term":[{"taxonomy":"category","embeddable":true,"href":"https:\/\/literarnenoviny.sk\/servis\/wp-json\/wp\/v2\/categories?post=1316"},{"taxonomy":"post_tag","embeddable":true,"href":"https:\/\/literarnenoviny.sk\/servis\/wp-json\/wp\/v2\/tags?post=1316"}],"curies":[{"name":"wp","href":"https:\/\/api.w.org\/{rel}","templated":true}]}}