{"id":13137,"date":"2020-06-19T10:10:29","date_gmt":"2020-06-19T08:10:29","guid":{"rendered":"https:\/\/literarnenoviny.sk\/servis\/?p=13137"},"modified":"2020-06-26T21:37:18","modified_gmt":"2020-06-26T19:37:18","slug":"vrak-autobusu-preslaveny-knihou-do-divociny-nechali-aljasske-urady-odstranit","status":"publish","type":"post","link":"https:\/\/literarnenoviny.sk\/servis\/vrak-autobusu-preslaveny-knihou-do-divociny-nechali-aljasske-urady-odstranit\/","title":{"rendered":"Vrak autobusu presl\u00e1ven\u00fd knihou Do&nbsp;divo\u010diny nechali alja\u0161sk\u00e9 \u00farady odstr\u00e1ni\u0165"},"content":{"rendered":"<p><strong>Vrak autobusu presl\u00e1ven\u00fd knihou <em><a href=\"https:\/\/www.martinus.sk\/?uItem=441951&#038;z=WLGC7F&#038;utm_source=z%3DWLGC7F&#038;utm_medium=url&#038;utm_campaign=partner\" rel=\"noopener noreferrer\" target=\"_blank\">Do divo\u010diny<\/a><\/strong> (Into the&nbsp;Wild, 1996)<\/em> <strong><a href=\"https:\/\/cs.wikipedia.org\/wiki\/Jon_Krakauer\" rel=\"noopener noreferrer\" target=\"_blank\">Jona Krakauera<\/a>, nechali \u00farady odstr\u00e1ni\u0165<\/strong>. Odniesla ho helikopt\u00e9ra alja\u0161skej n\u00e1rodnej gardy. Autobus \u010dislo 142, zabudnut\u00fd v&nbsp;od\u013eahlej oblasti na&nbsp;severe, bol posledn\u00fdm \u00fato\u010diskom dobrodruha <a href=\"https:\/\/en.wikipedia.org\/wiki\/Chris_McCandless\" rel=\"noopener noreferrer\" target=\"_blank\">Christophera McCandlessa<\/a>, ktor\u00fd \u0148om v&nbsp;roku 1992 zomrel od&nbsp;hladu. <\/p>\n<p>Autobusov\u00fd vrak, zn\u00e1my aj z&nbsp;neskor\u0161ej <a href=\"https:\/\/en.wikipedia.org\/wiki\/Into_the_Wild_(film)\" rel=\"noopener noreferrer\" target=\"_blank\">filmovej adapt\u00e1cie<\/a>, sa&nbsp;toti\u017e v&nbsp;ostatn\u00fdch rokoch st\u00e1val cie\u013eom v\u00fdletn\u00edkov a&nbsp;mnoh\u00fdch z&nbsp;nich museli ratova\u0165 z\u00e1chran\u00e1ri, pri\u010dom niektor\u00ed z&nbsp;nich aj zahynuli.<\/p>\n<p><center><div class=\"gca-utility vertical-spacer\"><\/div>\n<blockquote class=\"twitter-tweet\">\n<p lang=\"en\" dir=\"ltr\">Alaska officials airlifted the&nbsp;wrecked bus made famous by the&nbsp;1996 book and 2007 movie \u2018Into the&nbsp;Wild,\u2019 removing the&nbsp;object that drew hundreds of fans and sightseers <a href=\"https:\/\/t.co\/7Ttrt8MmQw\">https:\/\/t.co\/7Ttrt8MmQw<\/a> <a href=\"https:\/\/t.co\/rDipdioOSn\">pic.twitter.com\/rDipdioOSn<\/a><\/p>\n<p>&mdash; Reuters (@Reuters) <a href=\"https:\/\/twitter.com\/Reuters\/status\/1274010301013397504?ref_src=twsrc%5Etfw\">June 19, 2020<\/a><\/p><\/blockquote>\n<p> <script async src=\"https:\/\/platform.twitter.com\/widgets.js\" charset=\"utf-8\"><\/script><div class=\"gca-utility vertical-spacer\"><\/div><\/center><\/p>\n<p>\u010ealeko na&nbsp;sever sa&nbsp;autobus dostal ako stavebn\u00e1 bunka pre&nbsp;robotn\u00edkov, ktor\u00ed ne\u010faleko odtia\u013e v&nbsp;60.&nbsp;rokoch pracovali pri v\u00fdstavbe cesty. Christopher McCandless v&nbsp;\u0148om str\u00e1vil svojich <a href=\"https:\/\/en.wikipedia.org\/wiki\/Into_the_Wild_(book)\" rel=\"noopener noreferrer\" target=\"_blank\">posledn\u00fdch 114&nbsp;dn\u00ed<\/a> a&nbsp;vyhladovan\u00fd tam aj zomrel, preto\u017ee rozvodnen\u00e1 rieka mu zabr\u00e1nila v&nbsp;odchode.<\/p>\n<p>Pod\u013ea komis\u00e1rky \u0161t\u00e1tu Alja\u0161ka Corri Feigeovej vrak odstr\u00e1nili preto, \u017ee&nbsp;v&nbsp;autobuse a&nbsp;v&nbsp;jeho okol\u00ed umierali \u013eudia. Do&nbsp;oblasti bez mobiln\u00e9ho sign\u00e1lu, s&nbsp;nevypo\u010d\u00edtate\u013en\u00fdm po\u010das\u00edm \u010di&nbsp;rozvodnen\u00fdmi riekami, prich\u00e1dzalo kv\u00f4li autobusu \u010doraz viac \u013eud\u00ed. <\/p>\n<p>V apr\u00edli museli evakuova\u0165 Braz\u00edl\u010dana, vo&nbsp;febru\u00e1ri zasa zachra\u0148ovali piatich talianskych turistov. Minul\u00fd rok rieka strhla 24-ro\u010dn\u00fa Bielorusku, ktor\u00e1 sa&nbsp;chcela k&nbsp;legend\u00e1rnemu obydliu dosta\u0165. <\/p>\n<p>Tamoj\u0161ie \u00farady sa&nbsp;preto napokon rozhodli autobusov\u00fd vrak z&nbsp;divo\u010diny odstr\u00e1ni\u0165. Teraz sa&nbsp;nach\u00e1dza na&nbsp;nezn\u00e1mom mieste a&nbsp;zatia\u013e nie je&nbsp;jasn\u00e9, \u010do&nbsp;s&nbsp;n\u00edm bude \u010falej.<\/p>\n<p style=\"text-align: right;\"><small>&mdash;&nbsp;<a href=\"https:\/\/www.reuters.com\/article\/us-alaska-bus\/into-the-wild-bus-removed-from-alaska-trail-for-safety-concerns-idUSKBN23Q09S\" target=\"_blank\" rel=\"noopener noreferrer\">Reuters<\/a><\/small><\/p>\n<div class=\"gca-utility clearfix\"><\/div>\n<div class=\"gca-utility vertical-spacer\"><\/div>\n<p><center><span class=\"fullscreen\"><script type=\"text\/javascript\" src=\"\/\/partner.mrtns.eu\/banners\/banner.js?type=banner&#038;brand_id=1&#038;uItem=438449&#038;size=full&#038;show_price=1&#038;color=yellow&#038;z=WLGC7F\"><\/script><\/center><\/p>\n","protected":false},"excerpt":{"rendered":"<p>Vrak autobusu presl\u00e1ven\u00fd knihou Do&nbsp;divo\u010diny (Into the&nbsp;Wild, 1996) Jona Krakauera, nechali \u00farady odstr\u00e1ni\u0165. Odniesla ho helikopt\u00e9ra alja\u0161skej n\u00e1rodnej gardy. Autobus \u010dislo 142, zabudnut\u00fd v&nbsp;od\u013eahlej oblasti na&nbsp;severe, bol posledn\u00fdm \u00fato\u010diskom dobrodruha Christophera McCandlessa, ktor\u00fd \u0148om v&nbsp;roku 1992 zomrel od&nbsp;hladu.  <a href=\"https:\/\/literarnenoviny.sk\/servis\/vrak-autobusu-preslaveny-knihou-do-divociny-nechali-aljasske-urady-odstranit\/\" class=\"more-link\">Cel\u00e1 spr\u00e1va <span class=\"meta-nav\">&rarr;<\/span><\/a><\/p>\n","protected":false},"author":2,"featured_media":0,"comment_status":"closed","ping_status":"closed","sticky":false,"template":"","format":"standard","meta":{"_links_to":"","_links_to_target":""},"categories":[1],"tags":[13,16,14,3,193],"_links":{"self":[{"href":"https:\/\/literarnenoviny.sk\/servis\/wp-json\/wp\/v2\/posts\/13137"}],"collection":[{"href":"https:\/\/literarnenoviny.sk\/servis\/wp-json\/wp\/v2\/posts"}],"about":[{"href":"https:\/\/literarnenoviny.sk\/servis\/wp-json\/wp\/v2\/types\/post"}],"author":[{"embeddable":true,"href":"https:\/\/literarnenoviny.sk\/servis\/wp-json\/wp\/v2\/users\/2"}],"replies":[{"embeddable":true,"href":"https:\/\/literarnenoviny.sk\/servis\/wp-json\/wp\/v2\/comments?post=13137"}],"version-history":[{"count":0,"href":"https:\/\/literarnenoviny.sk\/servis\/wp-json\/wp\/v2\/posts\/13137\/revisions"}],"wp:attachment":[{"href":"https:\/\/literarnenoviny.sk\/servis\/wp-json\/wp\/v2\/media?parent=13137"}],"wp:term":[{"taxonomy":"category","embeddable":true,"href":"https:\/\/literarnenoviny.sk\/servis\/wp-json\/wp\/v2\/categories?post=13137"},{"taxonomy":"post_tag","embeddable":true,"href":"https:\/\/literarnenoviny.sk\/servis\/wp-json\/wp\/v2\/tags?post=13137"}],"curies":[{"name":"wp","href":"https:\/\/api.w.org\/{rel}","templated":true}]}}