{"id":13116,"date":"2020-06-16T20:00:00","date_gmt":"2020-06-16T18:00:00","guid":{"rendered":"https:\/\/literarnenoviny.sk\/servis\/?p=13116"},"modified":"2020-06-18T14:36:55","modified_gmt":"2020-06-18T12:36:55","slug":"ceske-vydavatelstva-argo-a-paseka-spolocne-vydaju-novu-knihu-o-milanovi-kunderovi","status":"publish","type":"post","link":"https:\/\/literarnenoviny.sk\/servis\/ceske-vydavatelstva-argo-a-paseka-spolocne-vydaju-novu-knihu-o-milanovi-kunderovi\/","title":{"rendered":"\u010cesk\u00e9 vydavate\u013estv\u00e1 Argo a&nbsp;Paseka spolo\u010dne vydaj\u00fa nov\u00fa knihu o&nbsp;Milanovi Kunderovi"},"content":{"rendered":"<p><strong>\u010cesk\u00e9 vydavate\u013estv\u00e1 <a href=\"https:\/\/argo.cz\/?post_type=book&#038;p=148359\" rel=\"noopener noreferrer\" target=\"_blank\">Argo<\/a> a&nbsp;<a href=\"https:\/\/www.paseka.cz\/jan-novak-kundera\/produkt-5287\/\" rel=\"noopener noreferrer\" target=\"_blank\">Paseka<\/a> spolo\u010dne vydaj\u00fa nov\u00fa knihu o&nbsp;spisovate\u013eovi <a href=\"https:\/\/sk.wikipedia.org\/wiki\/Milan_Kundera\" rel=\"noopener noreferrer\" target=\"_blank\">Milanovi Kunderovi<\/a><\/strong>. Autorom \u017eivotopisn\u00e9ho rom\u00e1nu <em><strong><a href=\"https:\/\/www.martinus.sk\/?uItem=741393&#038;z=WLGC7F&#038;utm_source=z%3DWLGC7F&#038;utm_medium=url&#038;utm_campaign=partner\">Kundera: \u010cesk\u00fd \u017eivot a&nbsp;doba<\/a><\/strong><\/em> je&nbsp;<a href=\"https:\/\/cs.wikipedia.org\/wiki\/Jan_Nov\u00e1k_(spisovatel)\" rel=\"noopener noreferrer\" target=\"_blank\">Jan Nov\u00e1k<\/a>. Na&nbsp;knihe pracoval \u0161tyri  roky. Pri jej p\u00edsani  s&nbsp;Kunderom nehovoril, preto\u017ee spisovate\u013e na&nbsp;jeho \u017eiados\u0165 nereagoval. <\/p>\n<p>Nov\u00e1k \u010derpal z&nbsp;verejne dostupn\u00fdch zdrojov vr\u00e1tane arch\u00edvov komunistickej \u0160t\u00e1tnej bezpe\u010dnosti a&nbsp;v&nbsp;rom\u00e1ne autor spochybnil, pod\u013ea neho <em>\u201eKunderou pe\u010dliv\u011b konstruovan\u00e9 m\u00fdty o&nbsp;sob\u011b sam\u00e9m\u201c<\/em>.<\/p>\n<p><center><div class=\"gca-utility vertical-spacer\"><\/div>\n<blockquote class=\"twitter-tweet\">\n<p lang=\"cs\" dir=\"ltr\">Vyjde Nov\u00e1kova kniha o&nbsp;Kunderovi. Vznikala \u010dty\u0159i roky, nab\u00eddne mravn\u00ed postoje <a href=\"https:\/\/t.co\/KshqE2co3I\">https:\/\/t.co\/KshqE2co3I<\/a><\/p>\n<p>&mdash; Aktu\u00e1ln\u011b.cz (@Aktualnecz) <a href=\"https:\/\/twitter.com\/Aktualnecz\/status\/1272612538698665985?ref_src=twsrc%5Etfw\">June 15, 2020<\/a><\/p><\/blockquote>\n<p> <script async src=\"https:\/\/platform.twitter.com\/widgets.js\" charset=\"utf-8\"><\/script><div class=\"gca-utility vertical-spacer\"><\/div><\/center><\/p>\n<p>Nov\u00e1k je&nbsp;napr\u00edklad presved\u010den\u00fd o&nbsp;pravdivosti zistenia, \u017ee&nbsp;Kundera v&nbsp;50.&nbsp;rokoch po\u010das vysoko\u0161kolsk\u00e9ho \u0161t\u00fadia udal \u010dloveka, ktor\u00fd potom str\u00e1vil dlh\u00e9 roky v&nbsp;komunistickom v\u00e4zen\u00ed. Kundera  v\u0161etko poprel a&nbsp;po&nbsp;prepuknut\u00ed kauzy sa&nbsp;ho vtedy zastalo aj nieko\u013eko osobnost\u00ed svetovej literat\u00fary.<\/p>\n<p><em>\u201eNavzdory tomu, \u017ee&nbsp;se \u010dasto opakuje fale\u0161n\u00e1 legenda o&nbsp;tom, jak \u010de\u0161t\u00ed \u010dten\u00e1\u0159i a&nbsp;publicist\u00e9 Kunderovi k\u0159ivd\u00ed a&nbsp;nep\u0159ej\u00ed sv\u011btov\u00fd \u00fasp\u011bch, je&nbsp;u&nbsp;n\u00e1s jeho d\u00edlo hojn\u011b \u010dten\u00e9 i&nbsp;dosti oce\u0148ovan\u00e9 a&nbsp;jeho autor se, mysl\u00edm, t\u011b\u0161\u00ed obdobn\u00e9 oblib\u011b,\u201c<\/em> uviedol redaktor vydavate\u013estva Argo Petr Onufer.<\/p>\n<p>V rom\u00e1ne jeho autor tie\u017e nazna\u010duje, \u017ee&nbsp;Kundera bol komunistick\u00fdmi ide\u00e1lmi o\u010daren\u00fd ove\u013ea dlh\u0161ie, ne\u017e ako to bolo doteraz vn\u00edman\u00e9. Kunderov pr\u00edbeh sa&nbsp;v&nbsp;knihe kon\u010d\u00ed rokom 1975, ke\u010f spisovate\u013e op\u00fa\u0161\u0165a vtedaj\u0161ie \u010ceskoslovensko, do&nbsp;ktor\u00e9ho sa&nbsp;u\u017e&nbsp;nikdy natrvalo nevr\u00e1til. <\/p>\n<p>V \u010cesku Milanovi Kunderovi mnoh\u00ed vy\u010d\u00edtaj\u00fa to, \u017ee&nbsp;nes\u00fahlasil s&nbsp;prekladom jeho neskor\u0161\u00edch diel do&nbsp;\u010de\u0161tiny.<\/p>\n<p><em>\u201eKde se Kundera schoval do&nbsp;sv\u00fdch text\u016f, postupuje Nov\u00e1k opa\u010dn\u011b,\u201c<\/em> uzatv\u00e1ra \u0161\u00e9fredaktor Paseky Jakub Sedl\u00e1\u010dek s&nbsp;t\u00fdm, \u017ee&nbsp;Nov\u00e1kova  kniha nepochybne prispeje k&nbsp;poodhaleniu toho <em>\u201eKdo je&nbsp;Milan Kundera?\u201c<\/em>.<\/p>\n<p style=\"text-align: right;\"><small>&mdash;&nbsp;<a href=\"https:\/\/argo.cz\/?post_type=book&#038;p=148359\" target=\"_blank\" rel=\"noopener noreferrer\">Argo<\/a> a&nbsp;<a href=\"https:\/\/www.paseka.cz\/jan-novak-kundera\/produkt-5287\/\" target=\"_blank\" rel=\"noopener noreferrer\">Paseka<\/a><\/small><\/p>\n<div class=\"gca-utility clearfix\"><\/div>\n<div class=\"gca-utility vertical-spacer\"><\/div>\n<p><center><span class=\"fullscreen\"><script type=\"text\/javascript\" src=\"\/\/partner.mrtns.eu\/banners\/banner.js?type=banner&#038;brand_id=1&#038;uItem=741393&#038;size=full&#038;show_price=0&#038;color=blue&#038;z=WLGC7F\"><\/script><\/center><\/p>\n","protected":false},"excerpt":{"rendered":"<p>\u010cesk\u00e9 vydavate\u013estv\u00e1 Argo a&nbsp;Paseka spolo\u010dne vydaj\u00fa nov\u00fa knihu o&nbsp;spisovate\u013eovi Milanovi Kunderovi. Autorom \u017eivotopisn\u00e9ho rom\u00e1nu Kundera: \u010cesk\u00fd \u017eivot a&nbsp;doba je&nbsp;Jan Nov\u00e1k. Na&nbsp;knihe pracoval \u0161tyri  roky. Pri jej p\u00edsani  s&nbsp;Kunderom nehovoril, preto\u017ee spisovate\u013e na&nbsp;jeho \u017eiados\u0165 nereagoval.  <a href=\"https:\/\/literarnenoviny.sk\/servis\/ceske-vydavatelstva-argo-a-paseka-spolocne-vydaju-novu-knihu-o-milanovi-kunderovi\/\" class=\"more-link\">Cel\u00e1 spr\u00e1va <span class=\"meta-nav\">&rarr;<\/span><\/a><\/p>\n","protected":false},"author":2,"featured_media":0,"comment_status":"closed","ping_status":"closed","sticky":false,"template":"","format":"standard","meta":{"_links_to":"","_links_to_target":""},"categories":[1],"tags":[80,14,3,136],"_links":{"self":[{"href":"https:\/\/literarnenoviny.sk\/servis\/wp-json\/wp\/v2\/posts\/13116"}],"collection":[{"href":"https:\/\/literarnenoviny.sk\/servis\/wp-json\/wp\/v2\/posts"}],"about":[{"href":"https:\/\/literarnenoviny.sk\/servis\/wp-json\/wp\/v2\/types\/post"}],"author":[{"embeddable":true,"href":"https:\/\/literarnenoviny.sk\/servis\/wp-json\/wp\/v2\/users\/2"}],"replies":[{"embeddable":true,"href":"https:\/\/literarnenoviny.sk\/servis\/wp-json\/wp\/v2\/comments?post=13116"}],"version-history":[{"count":0,"href":"https:\/\/literarnenoviny.sk\/servis\/wp-json\/wp\/v2\/posts\/13116\/revisions"}],"wp:attachment":[{"href":"https:\/\/literarnenoviny.sk\/servis\/wp-json\/wp\/v2\/media?parent=13116"}],"wp:term":[{"taxonomy":"category","embeddable":true,"href":"https:\/\/literarnenoviny.sk\/servis\/wp-json\/wp\/v2\/categories?post=13116"},{"taxonomy":"post_tag","embeddable":true,"href":"https:\/\/literarnenoviny.sk\/servis\/wp-json\/wp\/v2\/tags?post=13116"}],"curies":[{"name":"wp","href":"https:\/\/api.w.org\/{rel}","templated":true}]}}