{"id":12998,"date":"2020-06-07T22:00:45","date_gmt":"2020-06-07T20:00:45","guid":{"rendered":"https:\/\/literarnenoviny.sk\/servis\/?p=12998"},"modified":"2020-10-15T22:06:34","modified_gmt":"2020-10-15T20:06:34","slug":"vo-veku-77-rokov-zomrel-popredny-slovensky-filmovy-kameraman-igor-luther","status":"publish","type":"post","link":"https:\/\/literarnenoviny.sk\/servis\/vo-veku-77-rokov-zomrel-popredny-slovensky-filmovy-kameraman-igor-luther\/","title":{"rendered":"Vo veku 77 rokov zomrel popredn\u00fd slovensk\u00fd filmov\u00fd kameraman Igor Luther"},"content":{"rendered":"<p><strong>Vo veku 77 rokov zomrel slovensk\u00fd filmov\u00fd kameraman <a href=\"https:\/\/sk.wikipedia.org\/wiki\/Igor_Luther\" rel=\"noopener noreferrer\" target=\"_blank\">Igor Luther<\/a><\/strong>, jeden z&nbsp;tvorcov takzvanej novej vlny \u010deskoslovenskej kinematografie 60.&nbsp;rokov minul\u00e9ho storo\u010dia. Spolupracoval s&nbsp;re\u017eis\u00e9rmi Elom Havettom, Jurajom Jakubiskom, Alainom Robbe\u2013Grilletom, a&nbsp;po&nbsp;emigr\u00e1cii aj s&nbsp;Volkerom Schl\u00f6ndorffom, Michaelom Hanekem \u010di&nbsp;Andrzejom Wajdom.<\/p>\n<p><em>\u201eUm\u0159el Igor Luther, \u00fa\u017easn\u00fd filma\u0159 kameraman a&nbsp;d\u016fle\u017eit\u00fd komplikovan\u00fd p\u0159\u00edtel,\u201c<\/em> nap\u00edsal na&nbsp;<a href=\"https:\/\/www.facebook.com\/lubord\/posts\/2967407776640351\" rel=\"noopener noreferrer\" target=\"_blank\">soci\u00e1lnej sieti<\/a> jeho spolu\u017eiak z&nbsp;pra\u017eskej <a href=\"https:\/\/www.famu.cz\/\" rel=\"noopener noreferrer\" target=\"_blank\">FAMU<\/a> scen\u00e1rista a&nbsp;dramaturg <a href=\"https:\/\/cs.wikipedia.org\/wiki\/Lubor_Dohnal\" rel=\"noopener noreferrer\" target=\"_blank\">Meir Lubor Dohnal<\/a>. <\/p>\n<p><center><div class=\"gca-utility vertical-spacer\"><\/div><iframe loading=\"lazy\" src=\"https:\/\/www.facebook.com\/plugins\/post.php?href=https%3A%2F%2Fwww.facebook.com%2Flubord%2Fposts%2F2967407776640351&#038;width=500\" width=\"500\" height=\"651\" style=\"border:none;overflow:hidden\" scrolling=\"no\" frameborder=\"0\" allowTransparency=\"true\" allow=\"encrypted-media\"><\/iframe><div class=\"gca-utility vertical-spacer\"><\/div><\/center><\/p>\n<p>Okrem emigr\u00e1cie z&nbsp;totalitnej republiky ich oboch sp\u00e1jala aj spolupr\u00e1ca na&nbsp;ikonickom Jakubiskovom debute <em><strong><a href=\"https:\/\/www.csfd.cz\/film\/4720-kristove-roky\/\" rel=\"noopener noreferrer\" target=\"_blank\">Kristove roky<\/a><\/strong> (1967)<\/em><\/p>\n<p>Rod\u00e1k z&nbsp;Banskej Bystrice Igor Luther absolvoval pra\u017esk\u00fa <a href=\"https:\/\/www.famu.cz\/\" rel=\"noopener noreferrer\" target=\"_blank\">FAMU<\/a> v&nbsp;roku 1966. Po&nbsp;okup\u00e1cii \u010ceskoslovenska vojskami Var\u0161avskej zmluvy emigroval do&nbsp;Par\u00ed\u017ea a&nbsp;nesk\u00f4r sa&nbsp;usadil v&nbsp;nemeckom Hamburgu, kde \u00faspe\u0161ne pokra\u010doval vo&nbsp;svojej profesii. Stal sa&nbsp;uzn\u00e1van\u00fdm a&nbsp;zaradil medzi eur\u00f3pske kameramansk\u00e9 \u0161pi\u010dky. <\/p>\n<p>V roku 1979 nakr\u00fatil napr\u00edklad s&nbsp;nemeck\u00fdm re\u017eis\u00e9rom Volkerom Schl\u00f6ndorffom zn\u00e1mu <a href=\"https:\/\/www.csfd.cz\/film\/8094-plechovy-bubinek\/\" rel=\"noopener noreferrer\" target=\"_blank\">filmov\u00fa adapt\u00e1ciu<\/a> rom\u00e1nu G\u00fcntera Grassa <em><strong><a href=\"https:\/\/biblioteka.literarnenoviny.sk\/gunter-grass\/plechovy-bubienok\/\" rel=\"noopener noreferrer\" target=\"_blank\">Plechov\u00fd bubienok<\/a><\/strong> (Die Blechtrommel, 1959)<\/em>. Rovnomenn\u00fd film z\u00edskal Cenu americkej filmovej akad\u00e9mie Oskar v&nbsp;kateg\u00f3rii cudzojazy\u010dn\u00fd film. <\/p>\n<p>V roku 2017 z\u00edskal Igor Luther cenu za&nbsp;celo\u017eivotn\u00e9 dielo od&nbsp;Asoci\u00e1cie slovensk\u00fdch kameramanov. Prezidentka Slovenskej republiky Zuzana \u010caputov\u00e1 mu <a href=\"https:\/\/literarnenoviny.sk\/servis\/medzi-ocenenymi-ktorym-prezidentka-udelila-statne-vyznamenania-su-aj-literati\/\">udelila<\/a> 1.&nbsp;janu\u00e1ra tohto roku Pribinov kr\u00ed\u017e I. triedy za&nbsp;mimoriadne z\u00e1sluhy o&nbsp;kult\u00farny rozvoj Slovenskej republiky v&nbsp;oblasti kinematografie.<\/p>\n<p style=\"text-align: right;\"><small>&mdash;&nbsp;<a href=\"https:\/\/www.facebook.com\/lubord\/posts\/2967407776640351\" target=\"_blank\" rel=\"noopener noreferrer\">Meir Dohnal \/ Facebook<\/a><\/small><\/p>\n<div class=\"gca-utility clearfix\"><\/div>\n<div class=\"gca-utility vertical-spacer\"><\/div>\n<p><center><span class=\"fullscreen\"><a href=\"\/\/www.martinus.sk\/?z=WLGC7F&#038;utm_source=z%3DWLGC7F&#038;utm_medium=banner1_468x60&#038;utm_campaign=partner\"><img decoding=\"async\" src=\"\/\/www.martinus.sk\/images\/banners\/468x60.jpg\" alt=\"www.martinus.sk\" \/><\/a><\/span><\/center><\/p>\n","protected":false},"excerpt":{"rendered":"<p>Vo veku 77 rokov zomrel slovensk\u00fd filmov\u00fd kameraman Igor Luther, jeden z&nbsp;tvorcov takzvanej novej vlny \u010deskoslovenskej kinematografie 60.&nbsp;rokov. Spolupracoval s&nbsp;re\u017eis\u00e9rmi Elom Havettom, Jurajom Jakubiskom, a&nbsp;po&nbsp;emigr\u00e1cii aj s&nbsp;Volkerom Schl\u00f6ndorffom, Michaelom Hanekem \u010di&nbsp;Andrzejom Wajdom. <a href=\"https:\/\/literarnenoviny.sk\/servis\/vo-veku-77-rokov-zomrel-popredny-slovensky-filmovy-kameraman-igor-luther\/\" class=\"more-link\">Cel\u00e1 spr\u00e1va <span class=\"meta-nav\">&rarr;<\/span><\/a><\/p>\n","protected":false},"author":2,"featured_media":0,"comment_status":"closed","ping_status":"closed","sticky":false,"template":"","format":"standard","meta":{"_links_to":"","_links_to_target":""},"categories":[1],"tags":[16,14,3,21,209],"_links":{"self":[{"href":"https:\/\/literarnenoviny.sk\/servis\/wp-json\/wp\/v2\/posts\/12998"}],"collection":[{"href":"https:\/\/literarnenoviny.sk\/servis\/wp-json\/wp\/v2\/posts"}],"about":[{"href":"https:\/\/literarnenoviny.sk\/servis\/wp-json\/wp\/v2\/types\/post"}],"author":[{"embeddable":true,"href":"https:\/\/literarnenoviny.sk\/servis\/wp-json\/wp\/v2\/users\/2"}],"replies":[{"embeddable":true,"href":"https:\/\/literarnenoviny.sk\/servis\/wp-json\/wp\/v2\/comments?post=12998"}],"version-history":[{"count":0,"href":"https:\/\/literarnenoviny.sk\/servis\/wp-json\/wp\/v2\/posts\/12998\/revisions"}],"wp:attachment":[{"href":"https:\/\/literarnenoviny.sk\/servis\/wp-json\/wp\/v2\/media?parent=12998"}],"wp:term":[{"taxonomy":"category","embeddable":true,"href":"https:\/\/literarnenoviny.sk\/servis\/wp-json\/wp\/v2\/categories?post=12998"},{"taxonomy":"post_tag","embeddable":true,"href":"https:\/\/literarnenoviny.sk\/servis\/wp-json\/wp\/v2\/tags?post=12998"}],"curies":[{"name":"wp","href":"https:\/\/api.w.org\/{rel}","templated":true}]}}