{"id":12954,"date":"2020-05-31T11:36:17","date_gmt":"2020-05-31T09:36:17","guid":{"rendered":"https:\/\/literarnenoviny.sk\/servis\/?p=12954"},"modified":"2020-06-03T11:56:42","modified_gmt":"2020-06-03T09:56:42","slug":"tohtorocny-frankfurtsky-knizny-veltrh-sa-bude-konat-v-povodnom-oktobrovom-termine","status":"publish","type":"post","link":"https:\/\/literarnenoviny.sk\/servis\/tohtorocny-frankfurtsky-knizny-veltrh-sa-bude-konat-v-povodnom-oktobrovom-termine\/","title":{"rendered":"Tohtoro\u010dn\u00fd Frankfurtsk\u00fd kni\u017en\u00fd ve\u013etrh sa&nbsp;bude kona\u0165 v&nbsp;p\u00f4vodnom term\u00edne"},"content":{"rendered":"<p><strong>Tohtoro\u010dn\u00fd <a href=\"https:\/\/www.buchmesse.de\/\" rel=\"noopener noreferrer\" target=\"_blank\">Frankfurtsk\u00fd kni\u017en\u00fd ve\u013etrh<\/a> sa&nbsp;uskuto\u010dn\u00ed v&nbsp;obvyklom jesennom term\u00edne<\/strong>. Najv\u00e4\u010d\u0161ia svetov\u00e1 akcia svojho druhu sa&nbsp;bude kona\u0165 od&nbsp;14.&nbsp;do&nbsp;18.&nbsp;okt\u00f3bra 2020, uviedla agent\u00fara <a href=\"https:\/\/www.reuters.com\/article\/us-health-coronavirus-frankfurt-book-fai\/frankfurt-book-fair-to-go-ahead-on-schedule-in-october-idUSKBN2332HQ\" rel=\"noopener noreferrer\" target=\"_blank\">Reuters<\/a>.<\/p>\n<p>Usporiadatelia <a href=\"https:\/\/www.buchmesse.de\/\" rel=\"noopener noreferrer\" target=\"_blank\">Frankfurter Buchmesse<\/a> sa&nbsp;e\u0161te ned\u00e1vno ob\u00e1vali, \u017ee&nbsp; aktu\u00e1lny ro\u010dn\u00edk tradi\u010dn\u00e9ho podujatia bud\u00fa musie\u0165 kv\u00f4li glob\u00e1lnej pand\u00e9mi\u00ed Covid-19 odvola\u0165.<\/p>\n<p><center><div class=\"gca-utility vertical-spacer\"><\/div>\n<blockquote class=\"twitter-tweet\">\n<p lang=\"en\" dir=\"ltr\">Today at 4pm Frankfurt time a&nbsp;press brief on the&nbsp;2020 book fair (<a href=\"https:\/\/twitter.com\/hashtag\/fbm20?src=hash&amp;ref_src=twsrc%5Etfw\">#fbm20<\/a>) with <a href=\"https:\/\/twitter.com\/JuergenBoos?ref_src=twsrc%5Etfw\">@JuergenBoos<\/a>, Director of Frankfurter Buchmesse, will take place. Watch it live on YouTube: <a href=\"https:\/\/t.co\/wE7Ieot7uG\">https:\/\/t.co\/wE7Ieot7uG<\/a> <a href=\"https:\/\/t.co\/J0JeuQ4RSI\">pic.twitter.com\/J0JeuQ4RSI<\/a><\/p>\n<p>&mdash; FrankfurterBuchmesse (@Book_Fair) <a href=\"https:\/\/twitter.com\/Book_Fair\/status\/1265937663573528577?ref_src=twsrc%5Etfw\">May 28, 2020<\/a><\/p><\/blockquote>\n<p> <script async src=\"https:\/\/platform.twitter.com\/widgets.js\" charset=\"utf-8\"><\/script><div class=\"gca-utility vertical-spacer\"><\/div><\/center><\/p>\n<p>Kni\u017en\u00fd ve\u013etrh, ktor\u00e9ho hist\u00f3ria siaha a\u017e do&nbsp;15.&nbsp;storo\u010dia, ka\u017edoro\u010dne pril\u00e1ka do&nbsp;mesta nad Mohanom  okolo 300-tis\u00edc \u013eud\u00ed. Organiz\u00e1tori Frankfurter Buchmesse 2020 zatia\u013e r\u00e1taj\u00fa s&nbsp;\u00fa\u010das\u0165ou eur\u00f3pskych spisovate\u013eov. <\/p>\n<p>Pri ostatn\u00fdch krajin\u00e1ch sa&nbsp;rozhodn\u00fa pod\u013ea \u010fal\u0161ieho v\u00fdvoja situ\u00e1cie, na&nbsp;z\u00e1klade toho, ak\u00e9 bud\u00fa v&nbsp;\u010dase konania plati\u0165 cestovn\u00e9 obmedzenia .<\/p>\n<p style=\"text-align: right;\"><small>&mdash;&nbsp;<a href=\"https:\/\/www.reuters.com\/article\/us-health-coronavirus-frankfurt-book-fai\/frankfurt-book-fair-to-go-ahead-on-schedule-in-october-idUSKBN2332HQ\" target=\"_blank\" rel=\"noopener noreferrer\">Reuters<\/a> a&nbsp;<a href=\"https:\/\/www.buchmesse.de\/\" target=\"_blank\" rel=\"noopener noreferrer\">Frankfurter Buchmesse<\/a> <\/small><\/p>\n<div class=\"gca-utility clearfix\"><\/div>\n<div class=\"gca-utility vertical-spacer\"><\/div>\n<p><center><span class=\"fullscreen\"><a href=\"\/\/www.martinus.sk\/?z=WLGC7F&#038;utm_source=z%3DWLGC7F&#038;utm_medium=banner1_468x60&#038;utm_campaign=partner\"><img decoding=\"async\" src=\"\/\/www.martinus.sk\/images\/banners\/468x60_red.jpg\" alt=\"www.martinus.sk\" \/><\/a><\/span><\/center><\/p>\n","protected":false},"excerpt":{"rendered":"<p>Tohtoro\u010dn\u00fd Frankfurtsk\u00fd kni\u017en\u00fd ve\u013etrh sa&nbsp;uskuto\u010dn\u00ed v&nbsp;obvyklom jesennom term\u00edne. Najv\u00e4\u010d\u0161ia svetov\u00e1 akcia svojho druhu sa&nbsp;bude kona\u0165 od&nbsp;14.&nbsp;do&nbsp;18.&nbsp;okt\u00f3bra 2020. Jej usporiadatelia sa&nbsp;e\u0161te ned\u00e1vno ob\u00e1vali, \u017ee&nbsp;aktu\u00e1lny ro\u010dn\u00edk tradi\u010dn\u00e9ho podujatia bud\u00fa musie\u0165 kv\u00f4li glob\u00e1lnej pand\u00e9mi\u00ed Covid-19 odvola\u0165. <a href=\"https:\/\/literarnenoviny.sk\/servis\/tohtorocny-frankfurtsky-knizny-veltrh-sa-bude-konat-v-povodnom-oktobrovom-termine\/\" class=\"more-link\">Cel\u00e1 spr\u00e1va <span class=\"meta-nav\">&rarr;<\/span><\/a><\/p>\n","protected":false},"author":2,"featured_media":0,"comment_status":"closed","ping_status":"closed","sticky":false,"template":"","format":"standard","meta":{"_links_to":"","_links_to_target":""},"categories":[1],"tags":[14,171,8,100],"_links":{"self":[{"href":"https:\/\/literarnenoviny.sk\/servis\/wp-json\/wp\/v2\/posts\/12954"}],"collection":[{"href":"https:\/\/literarnenoviny.sk\/servis\/wp-json\/wp\/v2\/posts"}],"about":[{"href":"https:\/\/literarnenoviny.sk\/servis\/wp-json\/wp\/v2\/types\/post"}],"author":[{"embeddable":true,"href":"https:\/\/literarnenoviny.sk\/servis\/wp-json\/wp\/v2\/users\/2"}],"replies":[{"embeddable":true,"href":"https:\/\/literarnenoviny.sk\/servis\/wp-json\/wp\/v2\/comments?post=12954"}],"version-history":[{"count":0,"href":"https:\/\/literarnenoviny.sk\/servis\/wp-json\/wp\/v2\/posts\/12954\/revisions"}],"wp:attachment":[{"href":"https:\/\/literarnenoviny.sk\/servis\/wp-json\/wp\/v2\/media?parent=12954"}],"wp:term":[{"taxonomy":"category","embeddable":true,"href":"https:\/\/literarnenoviny.sk\/servis\/wp-json\/wp\/v2\/categories?post=12954"},{"taxonomy":"post_tag","embeddable":true,"href":"https:\/\/literarnenoviny.sk\/servis\/wp-json\/wp\/v2\/tags?post=12954"}],"curies":[{"name":"wp","href":"https:\/\/api.w.org\/{rel}","templated":true}]}}