{"id":12890,"date":"2020-05-22T11:00:06","date_gmt":"2020-05-22T09:00:06","guid":{"rendered":"https:\/\/literarnenoviny.sk\/servis\/?p=12890"},"modified":"2020-10-31T11:40:04","modified_gmt":"2020-10-31T10:40:04","slug":"novym-riaditelom-mestskej-kniznice-v-bratislave-by-sa-mal-stat-tomas-stefek","status":"publish","type":"post","link":"https:\/\/literarnenoviny.sk\/servis\/novym-riaditelom-mestskej-kniznice-v-bratislave-by-sa-mal-stat-tomas-stefek\/","title":{"rendered":"Nov\u00fdm riadite\u013eom Mestskej kni\u017enice v&nbsp;Bratislave by sa&nbsp;mal sta\u0165 Tom\u00e1\u0161 \u0160tefek"},"content":{"rendered":"<p>Nov\u00fdm riadite\u013eom <a href=\"https:\/\/www.mestskakniznica.sk\/\" rel=\"noopener noreferrer\" target=\"_blank\">Mestskej kni\u017enice v&nbsp;Bratislave<\/a> by sa&nbsp;mal sta\u0165 Tom\u00e1\u0161 \u0160tefek, ktor\u00e9ho spomedzi troch uch\u00e1dza\u010dov <a href=\"https:\/\/bratislava.blob.core.windows.net\/media\/Default\/Dokumenty\/Z\u00e1pisnica_MKB_19.5.2020.pdf\" rel=\"noopener noreferrer\" target=\"_blank\">vybrala<\/a> komisia a&nbsp;odporu\u010dila bratislavsk\u00e9mu prim\u00e1torovi Mat\u00fa\u0161ovi Vallovi, aby n\u00e1vrh predlo\u017eil mestsk\u00e9mu zastupite\u013estvu.<\/p>\n<p><em>\u201eV\u00fdsledok v\u00fdberov\u00e9ho konania musia e\u0161te potvrdi\u0165 mestsk\u00ed poslanci,\u201c<\/em> informovala m\u00e9dia v&nbsp;tla\u010dovej spr\u00e1ve hovorky\u0148a <a href=\"https:\/\/bratislava.sk\/sk\/kontakt\" rel=\"noopener noreferrer\" target=\"_blank\">bratislavsk\u00e9ho magistr\u00e1tu<\/a> Katar\u00edna J\u00e1no\u0161\u00edkov\u00e1.<\/p>\n<p><center><div class=\"gca-utility vertical-spacer\"><\/div><iframe loading=\"lazy\" src=\"https:\/\/www.facebook.com\/plugins\/post.php?href=https%3A%2F%2Fwww.facebook.com%2FBratislava.sk%2Fposts%2F3220142398048775&#038;width=500\" width=\"500\" height=\"721\" style=\"border:none;overflow:hidden\" scrolling=\"no\" frameborder=\"0\" allowTransparency=\"true\" allow=\"encrypted-media\"><\/iframe><div class=\"gca-utility vertical-spacer\"><\/div><\/center><\/p>\n<p><em>\u201eVzh\u013eadom na&nbsp;epidemiologick\u00fa situ\u00e1ciu sa&nbsp;vypo\u010dutie konalo bez fyzickej \u00fa\u010dasti verejnosti so&nbsp;zabezpe\u010den\u00edm live streamu a&nbsp;mo\u017enos\u0165ou kladenia ot\u00e1zok cez aplik\u00e1ciu,\u201c<\/em> dodala hovorky\u0148a.<\/p>\n<p>Pod\u013ea zverejnen\u00e9ho \u017eivotopisu je&nbsp;Tom\u00e1\u0161 \u0160tefek b\u00fdval\u00fdm knihovn\u00edkom a&nbsp;od&nbsp;roku 2017 p\u00f4sob\u00ed ako odborn\u00fd garant a&nbsp;dizajn\u00e9r soci\u00e1lnych inov\u00e1ci\u00ed na&nbsp;Katedre informa\u010dn\u00fdch \u0161t\u00fadi\u00ed a&nbsp;knihovn\u00edctva na&nbsp;<a href=\"https:\/\/www.muni.cz\/\" rel=\"noopener noreferrer\" target=\"_blank\">Masarykovej univerzite<\/a> v&nbsp;Brne.<\/p>\n<p>V minulosti p\u00f4sobil ako ved\u00faci \u00faseku pre&nbsp;deti, ml\u00e1de\u017e a&nbsp;vzdel\u00e1vanie aj ako odborn\u00fd metodick\u00fd pracovn\u00edk v&nbsp;<a href=\"https:\/\/knihovnapv.webnode.cz\/\" rel=\"noopener noreferrer\" target=\"_blank\">Mestskej kni\u017enici v&nbsp;Prost\u011bjove<\/a>.<\/p>\n<p>Mestsk\u00ed poslanci by o&nbsp;n\u00e1vrhu mali rozhodn\u00fa\u0165 na&nbsp;bud\u00faci t\u00fd\u017ede\u0148 28.&nbsp;m\u00e1ja na&nbsp;zasadnut\u00ed mestsk\u00e9ho zastupite\u013estva.<\/p>\n<p style=\"text-align: right;\"><small>&mdash;&nbsp;<a href=\"https:\/\/bratislava.sk\/sk\/mestska-kniznica-v-bratislave-vyberove-konanie\" target=\"_blank\" rel=\"noopener noreferrer\">Magistr\u00e1t hlavn\u00e9ho mesta SR Bratislava<\/a><\/small><\/p>\n<div class=\"gca-utility clearfix\"><\/div>\n<div class=\"gca-utility vertical-spacer\"><\/div>\n<p><center><span class=\"fullscreen\"><a href=\"\/\/www.martinus.sk\/?z=WLGC7F&#038;utm_source=z%3DWLGC7F&#038;utm_medium=banner1_468x60&#038;utm_campaign=partner\"><img decoding=\"async\" src=\"\/\/www.martinus.sk\/images\/banners\/468x60_red.jpg\" alt=\"www.martinus.sk\" \/><\/a><\/span><\/center><\/p>\n","protected":false},"excerpt":{"rendered":"<p>Nov\u00fdm riadite\u013eom Mestskej kni\u017enice v&nbsp;Bratislave by sa&nbsp;mal sta\u0165 Tom\u00e1\u0161 \u0160tefek, ktor\u00e9ho spomedzi troch uch\u00e1dza\u010dov vybrala komisia a&nbsp;odporu\u010dila bratislavsk\u00e9mu prim\u00e1torovi Mat\u00fa\u0161ovi Vallovi, aby n\u00e1vrh predlo\u017eil mestsk\u00e9mu zastupite\u013estvu. V\u00fdsledok v\u00fdberov\u00e9ho konania musia e\u0161te potvrdi\u0165 mestsk\u00ed poslanci. <a href=\"https:\/\/literarnenoviny.sk\/servis\/novym-riaditelom-mestskej-kniznice-v-bratislave-by-sa-mal-stat-tomas-stefek\/\" class=\"more-link\">Cel\u00e1 spr\u00e1va <span class=\"meta-nav\">&rarr;<\/span><\/a><\/p>\n","protected":false},"author":2,"featured_media":0,"comment_status":"closed","ping_status":"closed","sticky":false,"template":"","format":"standard","meta":{"_links_to":"","_links_to_target":""},"categories":[1],"tags":[49,3,23],"_links":{"self":[{"href":"https:\/\/literarnenoviny.sk\/servis\/wp-json\/wp\/v2\/posts\/12890"}],"collection":[{"href":"https:\/\/literarnenoviny.sk\/servis\/wp-json\/wp\/v2\/posts"}],"about":[{"href":"https:\/\/literarnenoviny.sk\/servis\/wp-json\/wp\/v2\/types\/post"}],"author":[{"embeddable":true,"href":"https:\/\/literarnenoviny.sk\/servis\/wp-json\/wp\/v2\/users\/2"}],"replies":[{"embeddable":true,"href":"https:\/\/literarnenoviny.sk\/servis\/wp-json\/wp\/v2\/comments?post=12890"}],"version-history":[{"count":0,"href":"https:\/\/literarnenoviny.sk\/servis\/wp-json\/wp\/v2\/posts\/12890\/revisions"}],"wp:attachment":[{"href":"https:\/\/literarnenoviny.sk\/servis\/wp-json\/wp\/v2\/media?parent=12890"}],"wp:term":[{"taxonomy":"category","embeddable":true,"href":"https:\/\/literarnenoviny.sk\/servis\/wp-json\/wp\/v2\/categories?post=12890"},{"taxonomy":"post_tag","embeddable":true,"href":"https:\/\/literarnenoviny.sk\/servis\/wp-json\/wp\/v2\/tags?post=12890"}],"curies":[{"name":"wp","href":"https:\/\/api.w.org\/{rel}","templated":true}]}}