{"id":12876,"date":"2020-05-21T09:10:18","date_gmt":"2020-05-21T07:10:18","guid":{"rendered":"https:\/\/literarnenoviny.sk\/servis\/?p=12876"},"modified":"2020-06-20T12:10:27","modified_gmt":"2020-06-20T10:10:27","slug":"o-ceske-vydavatelstvo-mlada-fronta-prejavil-zaujem-medialny-dom-extra-publishing","status":"publish","type":"post","link":"https:\/\/literarnenoviny.sk\/servis\/o-ceske-vydavatelstvo-mlada-fronta-prejavil-zaujem-medialny-dom-extra-publishing\/","title":{"rendered":"O \u010desk\u00e9 vydavate\u013estvo Mlad\u00e1 fronta prejavil z\u00e1ujem medi\u00e1lny dom Extra Publishing"},"content":{"rendered":"<p><strong>O prevzatie \u010desk\u00e9ho vydavate\u013estva <a href=\"https:\/\/www.mf.cz\/\" rel=\"noopener noreferrer\" target=\"_blank\">Mlad\u00e1 fronta<\/a> prejavil z\u00e1ujem medi\u00e1lny dom <a href=\"https:\/\/www.epublishing.cz\/\" rel=\"noopener noreferrer\" target=\"_blank\">Extra Publishing<\/a><\/strong>, ktor\u00fd okrem \u010dasopisu <a href=\"https:\/\/www.stoplusjednicka.cz\/\" rel=\"noopener noreferrer\" target=\"_blank\">100+1<\/a> \u010di&nbsp;historicko-vojnov\u00fdch magaz\u00ednov, vyd\u00e1va aj knihy s&nbsp;obdobnou tematikou. Mlad\u00fa frontu kv\u00f4li <a href=\"https:\/\/literarnenoviny.sk\/servis\/zname-ceske-vydavatelstvo-mlada-fronta-vyhlasilo-platobnu-neschopnost\/\" rel=\"noopener noreferrer\" target=\"_blank\">finan\u010dn\u00fdm probl\u00e9mom<\/a> poslal minul\u00fd t\u00fd\u017ede\u0148 \u010deskobudejovick\u00fd s\u00fad <a href=\"https:\/\/www.e15.cz\/\/byznys\/technologie-a-media\/soud-poslal-vydavatelstvi-mlada-fronta-do-konkurzu-debata-veritelu-trvala-16-hodin-1369739\" rel=\"noopener noreferrer\" target=\"_blank\">do konkurzu<\/a>.<\/p>\n<p>Extra Publishing, ktor\u00fd ovl\u00e1da \u010desk\u00fd podnikate\u013e <a href=\"https:\/\/www.mediaguru.cz\/clanky\/2020\/01\/pospisil-nove-casopisy-pomuzou-zvysit-podil-primych-zadavatelu\/\" rel=\"noopener noreferrer\" target=\"_blank\">Pavel Posp\u00ed\u0161il<\/a> spolu so&nbsp;svoj\u00edm bratom Ivanom a&nbsp;spolo\u010dn\u00edkom Petrom Bro\u017eom, vzniklo v&nbsp;roku 2006.<\/p>\n<p><center><div class=\"gca-utility vertical-spacer\"><\/div>\n<blockquote class=\"twitter-tweet\">\n<p lang=\"cs\" dir=\"ltr\">Tak to v&nbsp;tomto slo\u017eit\u00e9m p\u0159\u00edb\u011bhu vypad\u00e1 na&nbsp;konkurz&#8230; <a href=\"https:\/\/t.co\/ewFRr5Jw2n\">https:\/\/t.co\/ewFRr5Jw2n<\/a><\/p>\n<p>&mdash; E15news (@E15news) <a href=\"https:\/\/twitter.com\/E15news\/status\/1261540349853523973?ref_src=twsrc%5Etfw\">May 16, 2020<\/a><\/p><\/blockquote>\n<p> <script async src=\"https:\/\/platform.twitter.com\/widgets.js\" charset=\"utf-8\"><\/script><div class=\"gca-utility vertical-spacer\"><\/div><\/center><\/p>\n<p>Z\u00e1ujem o&nbsp;k\u00fapu Mladej fronty predlo\u017eila spolo\u010dnos\u0165 Extra Publishing insolven\u010dnej spr\u00e1vkyni aj s&nbsp;inform\u00e1ciou, \u017ee&nbsp;je&nbsp;odhodlan\u00e9 prevzia\u0165 cel\u00fd pra\u017esk\u00fd medi\u00e1lny dom. Vypl\u00fdva to z&nbsp;inform\u00e1ci\u00ed v&nbsp;<a href=\"https:\/\/isir.justice.cz\/isir\/doc\/dokument.PDF?id=42786929\" rel=\"noopener noreferrer\" target=\"_blank\">insolven\u010dnom registri<\/a>.<\/p>\n<p>O Mlad\u00fa frontu u\u017e&nbsp;predt\u00fdm prejavil z\u00e1ujem aj realitn\u00fd magn\u00e1t <a href=\"https:\/\/miliardari.forbes.cz\/radovan-vitek\" rel=\"noopener noreferrer\" target=\"_blank\">Radovan V\u00edtek<\/a>, ktor\u00fd ned\u00e1vno krachuj\u00facemu vydavate\u013estvu poskytol aj finan\u010dn\u00e9 prostriedky. O&nbsp;k\u00fapu spolo\u010dnosti sa&nbsp;uch\u00e1dzaj\u00fa aj majite\u013e telev\u00edzie <a href=\"https:\/\/prima.iprima.cz\/\" rel=\"noopener noreferrer\" target=\"_blank\">Prima<\/a> Ivan Zach a&nbsp;\u0161\u00e9f vydavate\u013estva <a href=\"https:\/\/www.empresamedia.cz\/\" rel=\"noopener noreferrer\" target=\"_blank\">Empresa Media<\/a> a&nbsp;<a href=\"https:\/\/www.barrandov.tv\/\" rel=\"noopener noreferrer\" target=\"_blank\">TV Barrandov<\/a> Jarom\u00edr Soukup.<\/p>\n<p>Do insolven\u010dn\u00e9ho konania sa&nbsp;prihl\u00e1silo viac ne\u017e sto verite\u013eov, ktor\u00ed po&nbsp;Mladej fronte po\u017eaduj\u00fa sumu prevy\u0161uj\u00facu 341 mili\u00f3nov \u010desk\u00fdch kor\u00fan <em>(12,5 mili\u00f3na eur)<\/em>, s\u00fad ale \u010das\u0165 n\u00e1rokov odmietol.<\/p>\n<p>Mlad\u00e1 fronta patr\u00ed podnikate\u013eovi <a href=\"https:\/\/cs.wikipedia.org\/wiki\/Franti\u0161ek_Savov\" rel=\"noopener noreferrer\" target=\"_blank\">Franti\u0161kovi Savovovi<\/a>, ktor\u00fd sa&nbsp;dlhodobo zdr\u017eiava mimo \u00fazemia \u010ceskej republiky, v&nbsp;Lond\u00fdne. Do&nbsp;s\u00fa\u010dasn\u00e9ho portf\u00f3lia zn\u00e1meho vydavate\u013estva patr\u00ed napr\u00edklad ekonomick\u00fd t\u00fd\u017edenn\u00edk <a href=\"https:\/\/www.euro.cz\/\" rel=\"noopener noreferrer\" target=\"_blank\">Euro<\/a> a&nbsp;spolo\u010dnos\u0165 sa&nbsp;venuje aj <a href=\"https:\/\/www.mf.cz\/produkty\/knihy\/predstaveni\/\" rel=\"noopener noreferrer\" target=\"_blank\">kni\u017enej produkcii<\/a>.<\/p>\n<p style=\"text-align: right;\"><small>&mdash;&nbsp;<a href=\"https:\/\/denikn.cz\/minuta\/364393\/\" target=\"_blank\" rel=\"noopener noreferrer\">Denik N<\/a><\/small><\/p>\n<div class=\"gca-utility clearfix\"><\/div>\n<div class=\"gca-utility vertical-spacer\"><\/div>\n<p><center><span class=\"fullscreen\"><a href=\"\/\/www.martinus.sk\/?z=WLGC7F&#038;utm_source=z%3DWLGC7F&#038;utm_medium=banner1_468x60&#038;utm_campaign=partner\"><img decoding=\"async\" src=\"\/\/www.martinus.sk\/images\/banners\/468x60_red.jpg\" alt=\"www.martinus.sk\" \/><\/a><\/span><\/center><\/p>\n","protected":false},"excerpt":{"rendered":"<p>O prevzatie \u010desk\u00e9ho vydavate\u013estva Mlad\u00e1 fronta prejavil z\u00e1ujem medi\u00e1lny dom Extra Publishing, ktor\u00fd okrem \u010dasopisu 100+1 \u010di&nbsp;historicko-vojnov\u00fdch magaz\u00ednov, vyd\u00e1va aj knihy s&nbsp;obdobnou tematikou. Mlad\u00fa frontu, kv\u00f4li finan\u010dn\u00fdm probl\u00e9mom poslal minul\u00fd t\u00fd\u017ede\u0148 \u010deskobudejovick\u00fd s\u00fad do&nbsp;konkurzu.<\/p>\n<p>Extra Publishing, ktor\u00e9 ovl\u00e1da \u010desk\u00fd podnikate\u013e Pavel Posp\u00ed\u0161il spolu so&nbsp;svoj\u00edm bratom Ivanom a&nbsp;spolo\u010dn\u00edkom Petrom Bro\u017eom, vzniklo v&nbsp;roku 2006. <a href=\"https:\/\/literarnenoviny.sk\/servis\/o-ceske-vydavatelstvo-mlada-fronta-prejavil-zaujem-medialny-dom-extra-publishing\/\" class=\"more-link\">Cel\u00e1 spr\u00e1va <span class=\"meta-nav\">&rarr;<\/span><\/a><\/p>\n","protected":false},"author":2,"featured_media":0,"comment_status":"closed","ping_status":"closed","sticky":false,"template":"","format":"standard","meta":{"_links_to":"","_links_to_target":""},"categories":[1],"tags":[8,34],"_links":{"self":[{"href":"https:\/\/literarnenoviny.sk\/servis\/wp-json\/wp\/v2\/posts\/12876"}],"collection":[{"href":"https:\/\/literarnenoviny.sk\/servis\/wp-json\/wp\/v2\/posts"}],"about":[{"href":"https:\/\/literarnenoviny.sk\/servis\/wp-json\/wp\/v2\/types\/post"}],"author":[{"embeddable":true,"href":"https:\/\/literarnenoviny.sk\/servis\/wp-json\/wp\/v2\/users\/2"}],"replies":[{"embeddable":true,"href":"https:\/\/literarnenoviny.sk\/servis\/wp-json\/wp\/v2\/comments?post=12876"}],"version-history":[{"count":0,"href":"https:\/\/literarnenoviny.sk\/servis\/wp-json\/wp\/v2\/posts\/12876\/revisions"}],"wp:attachment":[{"href":"https:\/\/literarnenoviny.sk\/servis\/wp-json\/wp\/v2\/media?parent=12876"}],"wp:term":[{"taxonomy":"category","embeddable":true,"href":"https:\/\/literarnenoviny.sk\/servis\/wp-json\/wp\/v2\/categories?post=12876"},{"taxonomy":"post_tag","embeddable":true,"href":"https:\/\/literarnenoviny.sk\/servis\/wp-json\/wp\/v2\/tags?post=12876"}],"curies":[{"name":"wp","href":"https:\/\/api.w.org\/{rel}","templated":true}]}}