{"id":12869,"date":"2020-05-20T20:40:00","date_gmt":"2020-05-20T18:40:00","guid":{"rendered":"https:\/\/literarnenoviny.sk\/servis\/?p=12869"},"modified":"2020-05-27T19:14:46","modified_gmt":"2020-05-27T17:14:46","slug":"anasoft-litera-gymnazistov-literarna-cena-rene-vybrala-paticu-finalistov","status":"publish","type":"post","link":"https:\/\/literarnenoviny.sk\/servis\/anasoft-litera-gymnazistov-literarna-cena-rene-vybrala-paticu-finalistov\/","title":{"rendered":"Anasoft litera gymnazistov, liter\u00e1rna cena Ren\u00e9 vybrala p\u00e4ticu finalistov"},"content":{"rendered":"<p><strong>Anasoft litera gymnazistov, liter\u00e1rna cena Ren\u00e9 ozn\u00e1mila p\u00e4ticu finalistov 4.&nbsp;ro\u010dn\u00edka s\u00fa\u0165a\u017ee<\/strong>, teda knihy, ktor\u00e9 by pod\u013ea poroty mohli \u0161tudentov zauja\u0165 a&nbsp;motivova\u0165 k&nbsp;\u010d\u00edtaniu umelecky kvalitnej\u0161ej s\u00fa\u010dasnej slovenskej literat\u00fary.<\/p>\n<p>Koordin\u00e1torka ceny Ren\u00e9 za&nbsp;Liter\u00e1rne informa\u010dn\u00e9 centrum So\u0148a Urikov\u00e1 uviedla, \u017ee&nbsp;<em>\u201edo aktu\u00e1lneho ro\u010dn\u00edka sa&nbsp;zapojilo 23 gymn\u00e1zi\u00ed a&nbsp;stredn\u00fdch \u0161k\u00f4l z&nbsp;cel\u00e9ho Slovenska\u201c<\/em>. \u00da\u010das\u0165 \u0161tudentov na&nbsp;s\u00fa\u0165a\u017ei je&nbsp;dobrovo\u013en\u00e1.<\/p>\n<p><center><div class=\"gca-utility vertical-spacer\"><\/div><iframe loading=\"lazy\" src=\"https:\/\/www.facebook.com\/plugins\/post.php?href=https%3A%2F%2Fwww.facebook.com%2Fanasoft.litera%2Fposts%2F2875251655844218&#038;width=500\" width=\"500\" height=\"541\" style=\"border:none;overflow:hidden\" scrolling=\"no\" frameborder=\"0\" allowTransparency=\"true\" allow=\"encrypted-media\"><\/iframe><div class=\"gca-utility vertical-spacer\"><\/div><\/center><\/p>\n<p>\u0160tudenti vybran\u00fdch stredn\u00fdch \u0161k\u00f4l a&nbsp;gymn\u00e1zi\u00ed si v&nbsp;najbli\u017e\u0161\u00edch mesiacoch pre\u010d\u00edtaj\u00fa <em><strong>\u00d8strov <\/strong>(KK Bagala, 2019)<\/em> od&nbsp;Petra Balka, <em><strong>Les pr\u00edzrakov<\/strong> (Slovart, 2019)<\/em>  Juraja \u010cerven\u00e1ka, <em><strong>J\u00e1no\u0161\u00edka<\/strong> (Ikar, 2019)<\/em> Mariany \u010cengel Sol\u010danskej, <em><strong>\u010cepiec<\/strong> (Slovart, 2019)<\/em> Katar\u00edny Kucbelovej a&nbsp;<em><strong><a href=\"https:\/\/literarnenoviny.sk\/clanky\/septuchy-si-zasluzia-tajomstvo\/\" rel=\"noopener noreferrer\" target=\"_blank\">\u0160eptuchy<\/a><\/strong> (Artforum, 2019)<\/em> od&nbsp;Aleny Sabuchovej.<\/p>\n<p>V prvej kole s\u00fa\u0165a\u017ee sa&nbsp;stredo\u0161kol\u00e1ci zozn\u00e1mia s&nbsp;autormi vybran\u00fdch kn\u00edh, ktor\u00ed k&nbsp;nim aj pr\u00eddu do&nbsp;\u0161koly na&nbsp;besedu, alebo s&nbsp;nimi bud\u00fa besedova\u0165 online. Po&nbsp;diskusii si napokon v&nbsp;\u0161kole zvolia jednu p\u00f4vodn\u00fa knihu uplynul\u00e9ho roka, ktor\u00fa pova\u017euj\u00fa za&nbsp;najlep\u0161iu. <\/p>\n<p>V druhom kole s\u00fa\u0165a\u017ee sa&nbsp;vybran\u00fd z\u00e1stupca \u0161koly z\u00fa\u010dastn\u00ed diskusie s&nbsp;oponentmi z&nbsp;ostatn\u00fdch \u0161k\u00f4l o&nbsp;nimi preferovan\u00fdch tituloch. Na&nbsp;spolo\u010dnom stretnut\u00ed ur\u010dia hlasovan\u00edm laure\u00e1ta alebo laure\u00e1tku ceny Ren\u00e9 2020.<\/p>\n<p>Laure\u00e1ta 4.&nbsp;ro\u010dn\u00edka ceny Ren\u00e9 2020 vyhl\u00e1sia v&nbsp;z\u00e1vere roka po\u010das Dn\u00ed slovenskej literat\u00fary v&nbsp;bratislavskej Novej Cvernovke na&nbsp;podujat\u00ed Autori\u00e1da.<\/p>\n<p style=\"text-align: right;\"><small>&mdash;&nbsp;<a href=\"https:\/\/www.anasoftlitera.sk\/home\/novinky\/duplicate-of-na-prvy-vecer-noc\" target=\"_blank\" rel=\"noopener noreferrer\">Anasoft litera<\/a><\/small><\/p>\n<div class=\"gca-utility clearfix\"><\/div>\n<div class=\"gca-utility vertical-spacer\"><\/div>\n<p><center><span class=\"fullscreen\"><script type=\"text\/javascript\" src=\"\/\/partner.mrtns.eu\/banners\/banner.js?type=banner&#038;brand_id=1&#038;uItem=72719&#038;size=full&#038;show_price=0&#038;color=blue&#038;z=WLGC7F\"><\/script><\/center><\/p>\n<p><!-- &z=WLGC7F&utm_source=z%3DWLGC7F&utm_medium=url&utm_campaign=partner --><\/p>\n","protected":false},"excerpt":{"rendered":"<p>Anasoft litera gymnazistov, liter\u00e1rna cena Ren\u00e9 ozn\u00e1mila p\u00e4ticu finalistov 4.&nbsp;ro\u010dn\u00edka, teda knihy, ktor\u00e9 by pod\u013ea poroty mohli \u0161tudentov zauja\u0165 a&nbsp;motivova\u0165 k&nbsp;\u010d\u00edtaniu umelecky kvalitnej\u0161ej s\u00fa\u010dasnej slovenskej literat\u00fary. Do&nbsp;s\u00fa\u0165a\u017ee sa&nbsp;tento rok zapojilo 23 gymn\u00e1zi\u00ed a&nbsp;stredn\u00fdch \u0161k\u00f4l z&nbsp;cel\u00e9ho Slovenska. <a href=\"https:\/\/literarnenoviny.sk\/servis\/anasoft-litera-gymnazistov-literarna-cena-rene-vybrala-paticu-finalistov\/\" class=\"more-link\">Cel\u00e1 spr\u00e1va <span class=\"meta-nav\">&rarr;<\/span><\/a><\/p>\n","protected":false},"author":2,"featured_media":0,"comment_status":"closed","ping_status":"closed","sticky":false,"template":"","format":"standard","meta":{"_links_to":"","_links_to_target":""},"categories":[1],"tags":[166,14,21,45,52],"_links":{"self":[{"href":"https:\/\/literarnenoviny.sk\/servis\/wp-json\/wp\/v2\/posts\/12869"}],"collection":[{"href":"https:\/\/literarnenoviny.sk\/servis\/wp-json\/wp\/v2\/posts"}],"about":[{"href":"https:\/\/literarnenoviny.sk\/servis\/wp-json\/wp\/v2\/types\/post"}],"author":[{"embeddable":true,"href":"https:\/\/literarnenoviny.sk\/servis\/wp-json\/wp\/v2\/users\/2"}],"replies":[{"embeddable":true,"href":"https:\/\/literarnenoviny.sk\/servis\/wp-json\/wp\/v2\/comments?post=12869"}],"version-history":[{"count":0,"href":"https:\/\/literarnenoviny.sk\/servis\/wp-json\/wp\/v2\/posts\/12869\/revisions"}],"wp:attachment":[{"href":"https:\/\/literarnenoviny.sk\/servis\/wp-json\/wp\/v2\/media?parent=12869"}],"wp:term":[{"taxonomy":"category","embeddable":true,"href":"https:\/\/literarnenoviny.sk\/servis\/wp-json\/wp\/v2\/categories?post=12869"},{"taxonomy":"post_tag","embeddable":true,"href":"https:\/\/literarnenoviny.sk\/servis\/wp-json\/wp\/v2\/tags?post=12869"}],"curies":[{"name":"wp","href":"https:\/\/api.w.org\/{rel}","templated":true}]}}