{"id":12849,"date":"2020-05-19T18:00:55","date_gmt":"2020-05-19T16:00:55","guid":{"rendered":"https:\/\/literarnenoviny.sk\/servis\/?p=12849"},"modified":"2020-05-27T19:17:48","modified_gmt":"2020-05-27T17:17:48","slug":"organizatori-ceny-europskej-unie-za-literaturu-vyhlasili-laureatov-za-rok-2020","status":"publish","type":"post","link":"https:\/\/literarnenoviny.sk\/servis\/organizatori-ceny-europskej-unie-za-literaturu-vyhlasili-laureatov-za-rok-2020\/","title":{"rendered":"Organiz\u00e1tori Ceny Eur\u00f3pskej \u00fanie za&nbsp;literat\u00faru vyhl\u00e1sili laure\u00e1tov za&nbsp;rok 2020"},"content":{"rendered":"<p><strong>Organiz\u00e1tori <a href=\"https:\/\/www.euprizeliterature.eu\/news\/european-union-prize-literature-announces-2020-laureates\" rel=\"noopener noreferrer\" target=\"_blank\">Ceny Eur\u00f3pskej \u00fanie za&nbsp;literat\u00faru<\/a> zverejnili men\u00e1 trin\u00e1stich tohtoro\u010dn\u00fdch laure\u00e1tov<\/strong>.  Jednotliv\u00fdch v\u00ed\u0165azov vyberali n\u00e1rodn\u00e9 poroty z&nbsp;kraj\u00edn podie\u013eaj\u00facich sa&nbsp;na&nbsp;programe Eur\u00f3pskej komisie <a href=\"https:\/\/ec.europa.eu\/programmes\/creative-europe\/\" rel=\"noopener noreferrer\" target=\"_blank\">Tvoriv\u00e1 Eur\u00f3pa<\/a>. Kv\u00f4li pand\u00e9mii sa&nbsp;tento rok vyhl\u00e1senie v\u00ed\u0165azov uskuto\u010dnilo <a href=\"https:\/\/www.euprizeliterature.eu\/news\/european-union-prize-literature-announces-2020-laureate\" rel=\"noopener noreferrer\" target=\"_blank\">online<\/a> na&nbsp;webstr\u00e1nke <a href=\"https:\/\/www.euprizeliterature.eu\/\" rel=\"noopener noreferrer\" target=\"_blank\">EUPL<\/a>.<\/p>\n<p>V\u00ed\u0165azi dostali blahoprajn\u00e9 ozn\u00e1menie od&nbsp;eur\u00f3pskej komis\u00e1rky pre&nbsp;inov\u00e1cie, v\u00fdskum, kult\u00faru, vzdel\u00e1vanie a&nbsp;ml\u00e1de\u017e <a href=\"https:\/\/ec.europa.eu\/commission\/commissioners\/2019-2024\/gabriel_en\" rel=\"noopener noreferrer\" target=\"_blank\">Mariye Gabrielovej<\/a> a&nbsp;chorv\u00e1tskej ministerky kult\u00fary <a href=\"https:\/\/vlada.gov.hr\/o-vladi\/clanovi-vlade\/clanovi-vlade-128\/nina-obuljen-korzinek\/19491\" rel=\"noopener noreferrer\" target=\"_blank\">Niny Obuljen Kor\u017einekovej<\/a>.<\/p>\n<p><center><div class=\"gca-utility vertical-spacer\"><\/div>\n<blockquote class=\"twitter-tweet\">\n<p lang=\"en\" dir=\"ltr\">We are delighted to announce the&nbsp;13 laureates of the&nbsp;<a href=\"https:\/\/twitter.com\/hashtag\/EUPL2020?src=hash&amp;ref_src=twsrc%5Etfw\">#EUPL2020<\/a> edition. Congratulations! &#8211; Watch below ? &amp; find out more: <a href=\"https:\/\/t.co\/FUCfJcbrfd\">https:\/\/t.co\/FUCfJcbrfd<\/a><a href=\"https:\/\/twitter.com\/EUPLPrize?ref_src=twsrc%5Etfw\">@EUPLPrize<\/a> is financed by <a href=\"https:\/\/twitter.com\/europe_creative?ref_src=twsrc%5Etfw\">@europe_creative<\/a> &#8211; <a href=\"https:\/\/twitter.com\/CouncilWriters?ref_src=twsrc%5Etfw\">@CouncilWriters<\/a> <a href=\"https:\/\/twitter.com\/FEP_EU?ref_src=twsrc%5Etfw\">@FEP_EU<\/a> <a href=\"https:\/\/twitter.com\/Booksellers_Fed?ref_src=twsrc%5Etfw\">@Booksellers_Fed<\/a> <a href=\"https:\/\/t.co\/WydGIiDHUr\">pic.twitter.com\/WydGIiDHUr<\/a><\/p>\n<p>&mdash; EUPL (@EUPLPrize) <a href=\"https:\/\/twitter.com\/EUPLPrize\/status\/1262685583236874241?ref_src=twsrc%5Etfw\">May 19, 2020<\/a><\/p><\/blockquote>\n<p> <script async src=\"https:\/\/platform.twitter.com\/widgets.js\" charset=\"utf-8\"><\/script><div class=\"gca-utility vertical-spacer\"><\/div><\/center><\/p>\n<p><a href=\"https:\/\/www.euprizeliterature.eu\/news\/european-union-prize-literature-announces-2020-laureates\" rel=\"noopener noreferrer\" target=\"_blank\">Laure\u00e1tov za&nbsp;rok 2020<\/a> vyberali poroty zlo\u017een\u00e9 z&nbsp;vydavate\u013eov, kn\u00edhkupcov, autorov a&nbsp;liter\u00e1rnych kritikov v&nbsp;Belgicku <em>(frankof\u00f3nna \u010das\u0165)<\/em>, Bosne a&nbsp;Hercegovine, na&nbsp;Cypre, v&nbsp;Chorv\u00e1tsku, D\u00e1nsku, Est\u00f3nsku,  Luxembursku, Nemecku, \u010ciernej hore, Severnom Maced\u00f3nsku, N\u00f3rsku, \u0160panielsku a&nbsp;v&nbsp;srbskej od\u0161tiepeneckej provincii Kosovo.<\/p>\n<p><em>\u201ePo\u010das s\u00fa\u010dasnej kr\u00edzy sa&nbsp;viac ne\u017e kedyko\u013evek predt\u00fdm spoliehame na&nbsp;umelcov a&nbsp;autorov, ktor\u00ed n\u00e1m pom\u00e1haj\u00fa vyrovn\u00e1va\u0165 sa&nbsp;s&nbsp;obmedzeniami a&nbsp;izol\u00e1ciou. \u010c\u00edtanie je&nbsp;skvelou mo\u017enos\u0165ou, ako prec\u00edti\u0165 siln\u00e9 em\u00f3cie, prenies\u0165 sa&nbsp;v&nbsp;\u010dase a&nbsp;priestore do&nbsp;in\u00e9ho vesm\u00edru \u010di&nbsp;spozna\u0165 nov\u00fdch hrdinov. To v\u0161etko z&nbsp;domova,\u201c<\/em> uviedla eurokomis\u00e1rka Mariya Gabrielov\u00e1.<\/p>\n<p><a href=\"https:\/\/www.euprizeliterature.eu\/\" rel=\"noopener noreferrer\" target=\"_blank\">Cenu Eur\u00f3pskej \u00fanie za&nbsp;literat\u00faru<\/a> ude\u013euje od&nbsp;roku 2009 Eur\u00f3pska komisia, ktor\u00e1 s\u00fa\u0165a\u017e organizuje s&nbsp;konzorciom zlo\u017een\u00fdm z&nbsp;Eur\u00f3pskej a&nbsp;medzin\u00e1rodnej feder\u00e1cie kn\u00edhkupcov, Eur\u00f3pskej rady spisovate\u013eov a&nbsp;Feder\u00e1cie eur\u00f3pskych vydavate\u013eov.<\/p>\n<p>Jedn\u00fdm z&nbsp;minuloro\u010dn\u00fdch laure\u00e1tov tohoto eur\u00f3pskeho liter\u00e1rneho ocenenia bola aj slovensk\u00e1 autorka <strong><a href=\"https:\/\/literarnenoviny.sk\/clanky\/dcery-priesvitnych-otcov\/\" target=\"_blank\" rel=\"noopener noreferrer\">Ivana Dobrakovov\u00e1<\/a><\/strong>. Uspela s&nbsp;rom\u00e1nom <em><strong><a href=\"https:\/\/www.martinus.sk\/?uItem=300435&#038;z=WLGC7F&#038;utm_source=z%3DWLGC7F&#038;utm_medium=url&#038;utm_campaign=partner\" rel=\"noopener noreferrer\" target=\"_blank\">Matky a&nbsp;kamionisti<\/a><\/strong> (Maren\u010din PT, 2018)<\/em>. <\/p>\n<p style=\"text-align: right;\"><small>&mdash;&nbsp;<a href=\"https:\/\/www.euprizeliterature.eu\/news\/european-union-prize-literature-announces-2020-laureates\" target=\"_blank\" rel=\"noopener noreferrer\">European Union Prize for Literature<\/a><\/small><\/p>\n<div class=\"gca-utility clearfix\"><\/div>\n<div class=\"gca-utility vertical-spacer\"><\/div>\n<p><center><span class=\"fullscreen\"><script type=\"text\/javascript\" src=\"\/\/partner.mrtns.eu\/banners\/banner.js?type=banner&#038;brand_id=1&#038;uItem=300435&#038;size=full&#038;show_price=0&#038;color=orange&#038;z=WLGC7F\"><\/script><\/center><\/p>\n","protected":false},"excerpt":{"rendered":"<p>Organiz\u00e1tori Ceny Eur\u00f3pskej \u00fanie za&nbsp;literat\u00faru zverejnili men\u00e1 trin\u00e1stich tohtoro\u010dn\u00fdch laure\u00e1tov.  Jednotliv\u00fdch v\u00ed\u0165azov vyberali n\u00e1rodn\u00e9 poroty z&nbsp;kraj\u00edn podie\u013eaj\u00facich sa&nbsp;na&nbsp;programe Eur\u00f3pskej komisie Tvoriv\u00e1 Eur\u00f3pa. Tento rok sa&nbsp;vyhl\u00e1senie v\u00ed\u0165azov uskuto\u010dnilo kv\u00f4li protipandemick\u00fdm opatreniam online na&nbsp;internetovej str\u00e1nke EUPL. <a href=\"https:\/\/literarnenoviny.sk\/servis\/organizatori-ceny-europskej-unie-za-literaturu-vyhlasili-laureatov-za-rok-2020\/\" class=\"more-link\">Cel\u00e1 spr\u00e1va <span class=\"meta-nav\">&rarr;<\/span><\/a><\/p>\n","protected":false},"author":2,"featured_media":0,"comment_status":"closed","ping_status":"closed","sticky":false,"template":"","format":"standard","meta":{"_links_to":"","_links_to_target":""},"categories":[1],"tags":[14,3,21,171],"_links":{"self":[{"href":"https:\/\/literarnenoviny.sk\/servis\/wp-json\/wp\/v2\/posts\/12849"}],"collection":[{"href":"https:\/\/literarnenoviny.sk\/servis\/wp-json\/wp\/v2\/posts"}],"about":[{"href":"https:\/\/literarnenoviny.sk\/servis\/wp-json\/wp\/v2\/types\/post"}],"author":[{"embeddable":true,"href":"https:\/\/literarnenoviny.sk\/servis\/wp-json\/wp\/v2\/users\/2"}],"replies":[{"embeddable":true,"href":"https:\/\/literarnenoviny.sk\/servis\/wp-json\/wp\/v2\/comments?post=12849"}],"version-history":[{"count":0,"href":"https:\/\/literarnenoviny.sk\/servis\/wp-json\/wp\/v2\/posts\/12849\/revisions"}],"wp:attachment":[{"href":"https:\/\/literarnenoviny.sk\/servis\/wp-json\/wp\/v2\/media?parent=12849"}],"wp:term":[{"taxonomy":"category","embeddable":true,"href":"https:\/\/literarnenoviny.sk\/servis\/wp-json\/wp\/v2\/categories?post=12849"},{"taxonomy":"post_tag","embeddable":true,"href":"https:\/\/literarnenoviny.sk\/servis\/wp-json\/wp\/v2\/tags?post=12849"}],"curies":[{"name":"wp","href":"https:\/\/api.w.org\/{rel}","templated":true}]}}