{"id":12826,"date":"2020-05-18T11:50:33","date_gmt":"2020-05-18T09:50:33","guid":{"rendered":"https:\/\/literarnenoviny.sk\/servis\/?p=12826"},"modified":"2020-05-18T20:48:54","modified_gmt":"2020-05-18T18:48:54","slug":"ceske-literarni-noviny-koncia-tento-mesiac-vyjde-ich-posledne-tlacene-cislo","status":"publish","type":"post","link":"https:\/\/literarnenoviny.sk\/servis\/ceske-literarni-noviny-koncia-tento-mesiac-vyjde-ich-posledne-tlacene-cislo\/","title":{"rendered":"\u010cesk\u00e9 Liter\u00e1rn\u00ed noviny kon\u010dia, tento mesiac vyjde ich posledn\u00e9 tla\u010den\u00e9 \u010d\u00edslo"},"content":{"rendered":"<p><strong>\u010cesk\u00e9 <a href=\"https:\/\/www.literarky.cz\/\" rel=\"noopener noreferrer\" target=\"_blank\">Liter\u00e1rn\u00ed noviny<\/a> prestan\u00fa vych\u00e1dza\u0165, tento mesiac vyjde ich posledn\u00e9 \u010d\u00edslo<\/strong>. Noviny, ktor\u00e9 prv\u00fdkr\u00e1t vy\u0161li v&nbsp;roku 1927, za\u017eili svoju sl\u00e1vnu \u00e9ru v&nbsp;60.&nbsp;rokoch po\u010das Pra\u017eskej jari, ke\u010f publikovali manifest <em><strong><a href=\"https:\/\/cs.wikipedia.org\/wiki\/Dva_tis\u00edce_slov\" rel=\"noopener noreferrer\" target=\"_blank\">Dvetis\u00edc slov<\/a><\/strong><\/em>, kon\u010dia kv\u00f4li v\u00fdpadku financi\u00ed. Ich kult\u00farno-spolo\u010densk\u00fd vplyv bol v\u0161ak v&nbsp;s\u00fa\u010dasnosti u\u017e&nbsp;zanedbate\u013en\u00fd.  <\/p>\n<p><em>\u201e\u010c\u00edslem \u0161est, kter\u00e9 vyjde koncem kv\u011btna, tak pozastavuji vyd\u00e1v\u00e1n\u00ed Liter\u00e1rn\u00edch novin. Na&nbsp;jak dlouho? Nev\u00edm&#8230;,\u201c<\/em> avizuje v&nbsp;editori\u00e1le vydavate\u013e \u010dasopisu Miroslav Pavel. <\/p>\n<p><center><div class=\"gca-utility vertical-spacer\"><\/div>\n<blockquote class=\"twitter-tweet\">\n<p lang=\"cs\" dir=\"ltr\">B\u00fdt jenom liter\u00e1rn\u00ed Liter\u00e1rk\u00e1m m\u00e1lokdy sta\u010dilo. Auto\u0159i se p\u0159es n\u011b sna\u017eili d\u011blat politiku, s&nbsp;r\u016fznou m\u00edrou \u00fasp\u011b\u0161nosti a&nbsp;kvality. To v\u0161e letos kon\u010d\u00ed. <a href=\"https:\/\/t.co\/ZO6FjYLxYQ\">https:\/\/t.co\/ZO6FjYLxYQ<\/a><\/p>\n<p>&mdash; Den\u00edk N (@enkocz) <a href=\"https:\/\/twitter.com\/enkocz\/status\/1262283644837728258?ref_src=twsrc%5Etfw\">May 18, 2020<\/a><\/p><\/blockquote>\n<p> <script async src=\"https:\/\/platform.twitter.com\/widgets.js\" charset=\"utf-8\"><\/script><div class=\"gca-utility vertical-spacer\"><\/div><\/center><\/p>\n<p>S\u00fa\u010dasn\u00fd majite\u013e Liter\u00e1rn\u00edch novin <a href=\"https:\/\/magazin.aktualne.cz\/kultura\/literatura\/prestanou-vychazet-literarni-noviny-miroslav-pavel\/r~4bb8fbc098e711eaa7deac1f6b220ee8\/\" rel=\"noopener noreferrer\" target=\"_blank\">v \u00favodn\u00edku p\u00ed\u0161e<\/a>, \u017ee&nbsp;s&nbsp;nimi chcel zopakova\u0165 \u00faspech nemeck\u00e9ho t\u00fd\u017edenn\u00edka <a href=\"https:\/\/www.zeit.de\/\" rel=\"noopener noreferrer\" target=\"_blank\">Die Zeit<\/a>. <em>\u201eVyd\u00e1vat Liter\u00e1rky mne velmi bavilo. R\u00e1na virov\u00e9 krize byla ale za\u010d\u00e1tkem leto\u0161n\u00edho roku nemilosrdn\u00e1,\u201c<\/em> kon\u0161tatoval Pavel v&nbsp;predposlednom vydan\u00ed mesa\u010dn\u00edka.<\/p>\n<p>U\u017e v&nbsp;roku 2009, ke\u010f Pavel jednu z&nbsp;najstar\u0161\u00edch \u010desk\u00fdch medi\u00e1lnych zna\u010diek preberal, ale Liter\u00e1rn\u00ed noviny nemali skoro \u017eiadny kredit. \u010cesk\u00fd publicista <a href=\"https:\/\/cs.wikipedia.org\/wiki\/Karel_Hv\u00ed\u017e\u010fala\">Karel Hv\u00ed\u017e\u010fala<\/a> ich vtedy dokonca nazval <em>\u201e\u010dasopisem margin\u00e1ln\u00ed sekty\u201c<\/em>. <\/p>\n<p>Do povedomia verejnosti Liter\u00e1rn\u00ed noviny v\u00fdraznej\u0161ie vst\u00fapili len v&nbsp;roku 2015, ke\u010f ich report\u00e9rke Tereze Spencerovej <a href=\"https:\/\/echo24.cz\/a\/wKjUy\/jak-jsem-delala-rozhovor-s-basarem-asadem\" rel=\"noopener noreferrer\" target=\"_blank\">poskytol rozhovor<\/a> s\u00fdrsky prezident Ba\u0161\u00e1r Asad.<\/p>\n<p>Mesa\u010dn\u00edk bol v&nbsp;s\u00fa\u010dasnosti zn\u00e1my sk\u00f4r spolupr\u00e1cou s&nbsp;\u010d\u00ednskym vl\u00e1dnym denn\u00edkom <a href=\"http:\/\/news.gmw.cn\/\" rel=\"noopener noreferrer\" target=\"_blank\">Kuang-ming \u017e&#8216;-pao<\/a> <em>(<\/em><small>\u5149\u660e\u65e5\u62a5\u793e\u6982\u51b5<\/small><em>)<\/em> a&nbsp;vych\u00e1dzali v&nbsp;\u0148om aj propagandistick\u00e9 texty \u010di&nbsp;rozhovory s&nbsp;\u010d\u00ednskymi komunistick\u00fdmi funkcion\u00e1rmi.<\/p>\n<p>Redukovan\u00e1 internetov\u00e1 podoba \u010desk\u00fdch <a href=\"https:\/\/www.literarky.cz\/\" rel=\"noopener noreferrer\" target=\"_blank\">Liter\u00e1rn\u00edch novin<\/a> zatia\u013e e\u0161te nekon\u010d\u00ed.<\/p>\n<p style=\"text-align: right;\"><small>&mdash;&nbsp;<a href=\"https:\/\/denikn.cz\/361377\/literarky-u-konce-s-dechem-legendarni-literarni-list-jenz-kdysi-hybal-verejnym-minenim-prestane-vychazet\" target=\"_blank\" rel=\"noopener noreferrer\">Den\u00edk N<\/a> a&nbsp;<a href=\"https:\/\/magazin.aktualne.cz\/kultura\/literatura\/prestanou-vychazet-literarni-noviny-miroslav-pavel\/r~4bb8fbc098e711eaa7deac1f6b220ee8\/\" target=\"_blank\" rel=\"noopener noreferrer\">Aktu\u00e1ln\u011b.cz<\/a> <\/small><\/p>\n<div class=\"gca-utility clearfix\"><\/div>\n<div class=\"gca-utility vertical-spacer\"><\/div>\n<p><center><span class=\"fullscreen\"><a href=\"\/\/www.martinus.sk\/?z=WLGC7F&#038;utm_source=z%3DWLGC7F&#038;utm_medium=banner1_468x60&#038;utm_campaign=partner\"><img decoding=\"async\" src=\"\/\/www.martinus.sk\/images\/banners\/468x60_red.jpg\" alt=\"www.martinus.sk\" \/><\/a><\/span><\/center><\/p>\n","protected":false},"excerpt":{"rendered":"<p>\u010cesk\u00e9 Liter\u00e1rn\u00ed noviny prestan\u00fa vych\u00e1dza\u0165, tento mesiac vyjde ich posledn\u00e9 \u010d\u00edslo. Noviny, ktor\u00e9 prv\u00fdkr\u00e1t vy\u0161li v&nbsp;roku 1927 za\u017eili svoju sl\u00e1vnu \u00e9ru v&nbsp;60.&nbsp;rokoch po\u010das Pra\u017eskej jari, ke\u010f publikovali manifest Dvetis\u00edc slov, kon\u010dia kv\u00f4li v\u00fdpadku financi\u00ed. Ich kult\u00farno-spolo\u010densk\u00fd vplyv bol v\u0161ak v&nbsp;s\u00fa\u010dasnosti u\u017e&nbsp;zanedbate\u013en\u00fd. <a href=\"https:\/\/literarnenoviny.sk\/servis\/ceske-literarni-noviny-koncia-tento-mesiac-vyjde-ich-posledne-tlacene-cislo\/\" class=\"more-link\">Cel\u00e1 spr\u00e1va <span class=\"meta-nav\">&rarr;<\/span><\/a><\/p>\n","protected":false},"author":2,"featured_media":0,"comment_status":"closed","ping_status":"closed","sticky":false,"template":"","format":"standard","meta":{"_links_to":"","_links_to_target":""},"categories":[1],"tags":[5,33,171,76,27],"_links":{"self":[{"href":"https:\/\/literarnenoviny.sk\/servis\/wp-json\/wp\/v2\/posts\/12826"}],"collection":[{"href":"https:\/\/literarnenoviny.sk\/servis\/wp-json\/wp\/v2\/posts"}],"about":[{"href":"https:\/\/literarnenoviny.sk\/servis\/wp-json\/wp\/v2\/types\/post"}],"author":[{"embeddable":true,"href":"https:\/\/literarnenoviny.sk\/servis\/wp-json\/wp\/v2\/users\/2"}],"replies":[{"embeddable":true,"href":"https:\/\/literarnenoviny.sk\/servis\/wp-json\/wp\/v2\/comments?post=12826"}],"version-history":[{"count":0,"href":"https:\/\/literarnenoviny.sk\/servis\/wp-json\/wp\/v2\/posts\/12826\/revisions"}],"wp:attachment":[{"href":"https:\/\/literarnenoviny.sk\/servis\/wp-json\/wp\/v2\/media?parent=12826"}],"wp:term":[{"taxonomy":"category","embeddable":true,"href":"https:\/\/literarnenoviny.sk\/servis\/wp-json\/wp\/v2\/categories?post=12826"},{"taxonomy":"post_tag","embeddable":true,"href":"https:\/\/literarnenoviny.sk\/servis\/wp-json\/wp\/v2\/tags?post=12826"}],"curies":[{"name":"wp","href":"https:\/\/api.w.org\/{rel}","templated":true}]}}