{"id":12805,"date":"2020-05-16T08:20:00","date_gmt":"2020-05-16T06:20:00","guid":{"rendered":"https:\/\/literarnenoviny.sk\/servis\/?p=12805"},"modified":"2020-10-15T22:06:34","modified_gmt":"2020-10-15T20:06:34","slug":"vo-veku-81-rokov-zomrela-prva-fotografka-skupiny-bestles-astrid-kirchherrova","status":"publish","type":"post","link":"https:\/\/literarnenoviny.sk\/servis\/vo-veku-81-rokov-zomrela-prva-fotografka-skupiny-bestles-astrid-kirchherrova\/","title":{"rendered":"Vo veku 81 rokov zomrela prv\u00e1 fotografka skupiny Beatles Astrid Kirchherrov\u00e1"},"content":{"rendered":"<p><strong>Vo veku 81 rokov zomrela nemeck\u00e1 fotografka <a href=\"https:\/\/cs.wikipedia.org\/wiki\/Astrid_Kirchherrov\u00e1\" rel=\"noopener noreferrer\" target=\"_blank\">Astrid Kirchherrov\u00e1<\/a>, ktor\u00e1 fotila skupinu <a href=\"https:\/\/sk.wikipedia.org\/wiki\/The_Beatles\" rel=\"noopener noreferrer\" target=\"_blank\">The Beatles<\/a><\/strong> na&nbsp;za\u010diatku ich kari\u00e9ry. Spr\u00e1vu m\u00e9di\u00e1m potvrdil historik kapely <a href=\"https:\/\/twitter.com\/marklewisohn\/status\/1261338530019565573\" rel=\"noopener noreferrer\" target=\"_blank\">Mark Lewisohn<\/a> s&nbsp;t\u00fdm, \u017ee&nbsp;po&nbsp;kr\u00e1tkej chorobe naposledy vyd\u00fdchla 12.&nbsp;m\u00e1ja v&nbsp;jej rodnom Hamburgu.<\/p>\n<p><em>\u201eAstrid je&nbsp;a&nbsp;bola jednou z&nbsp;najpr\u00edjemnej\u0161\u00edch \u017eien. Prem\u00fd\u0161\u013eav\u00e1, l\u00e1skav\u00e1 a&nbsp;talentovan\u00e1, s&nbsp;o\u010dami ktor\u00e9 vedeli zachyti\u0165 du\u0161u. Na\u0161a rodina ju milovala rovnako ako Georgea. Som naozaj smutn\u00e1, ale aj pocten\u00e1, \u017ee&nbsp;som ju poznala,\u201c<\/em> nap\u00edsala <a href=\"https:\/\/twitter.com\/GeorgeHarrison\/status\/1261404049246568448\" rel=\"noopener noreferrer\" target=\"_blank\">na Twitteri<\/a> Harrisonova man\u017eelka <a href=\"https:\/\/en.wikipedia.org\/wiki\/Olivia_Harrison\" rel=\"noopener noreferrer\" target=\"_blank\">Olivia<\/a>.<\/p>\n<p><center><div class=\"gca-utility vertical-spacer\"><\/div>\n<blockquote class=\"twitter-tweet\">\n<p lang=\"en\" dir=\"ltr\">Astrid Kirchherr took the&nbsp;1st photo of the&nbsp;Beatles as a&nbsp;group in 1960. She also cut their hair into the&nbsp;\u201cmoptop\u201d, a&nbsp;style inspired by an ex-boyfriend. <\/p>\n<p>Astrid lived alone in Hamburg. She passed away Wednesday from \u201ca short, serious illness\u201d<br \/>a week before her birthday?<a href=\"https:\/\/twitter.com\/hashtag\/RIPAstrid?src=hash&amp;ref_src=twsrc%5Etfw\">#RIPAstrid<\/a> <a href=\"https:\/\/t.co\/6wtyKNYcGz\">pic.twitter.com\/6wtyKNYcGz<\/a><\/p>\n<p>&mdash; Paul McCartney \u2764\ufe0f (@FabPaulFacts) <a href=\"https:\/\/twitter.com\/FabPaulFacts\/status\/1261429190328344576?ref_src=twsrc%5Etfw\">May 15, 2020<\/a><\/p><\/blockquote>\n<p> <script async src=\"https:\/\/platform.twitter.com\/widgets.js\" charset=\"utf-8\"><\/script><div class=\"gca-utility vertical-spacer\"><\/div><\/center><\/p>\n<p>Astrid Kirchherrov\u00e1 sa&nbsp;narodila 20.&nbsp;m\u00e1ja 1938. The&nbsp;Beatles spoznala v&nbsp;roku 1960 po\u010das koncertu v&nbsp;Hamburgu. <em>\u201eCel\u00fd m\u00f4j \u017eivot sa&nbsp;zmenil za&nbsp;nieko\u013eko min\u00fat. Jedin\u00e9, po&nbsp;\u010dom som t\u00fa\u017eila, bolo by\u0165 s&nbsp;nimi a&nbsp;spozna\u0165 ich,\u201c<\/em> spom\u00ednala nesk\u00f4r v&nbsp;rozhovore s&nbsp;novin\u00e1rom a&nbsp;spisovate\u013eom <a href=\"https:\/\/en.wikipedia.org\/wiki\/Bob_Spitz\" rel=\"noopener noreferrer\" target=\"_blank\">Bobom Spitzom<\/a>. <\/p>\n<p>Fotografka chodila s&nbsp;basgitaristom skupiny <a href=\"https:\/\/sk.wikipedia.org\/wiki\/Stuart_Sutcliffe\" rel=\"noopener noreferrer\" target=\"_blank\">Stuartom Sutcliffeom<\/a>, s&nbsp;ktor\u00fdm sa&nbsp;aj zasn\u00fabila a&nbsp;vymyslela \u00fa\u010des, ktor\u00fd po&nbsp;basgitaristovi vtedy za\u010dali nosi\u0165 aj ostatn\u00ed \u010dlenovia legend\u00e1rnej kapely. Sutcliffe v&nbsp;roku 1962 zomrel. <\/p>\n<p><em>\u201eBol a&nbsp;st\u00e1le je&nbsp;l\u00e1skou m\u00f4jho \u017eivota,&#8220;<\/em> vyznala sa&nbsp;Astrid v&nbsp;rozhovore pre&nbsp;americk\u00fa stanicu <a href=\"https:\/\/www.npr.org\/\" rel=\"noopener noreferrer\" target=\"_blank\">NPR<\/a> v&nbsp;roku 2010. Kirchherrov\u00e1 sa&nbsp;nesk\u00f4r dva razy vydala, no nemala \u017eiadne deti. <\/p>\n<p><a href=\"https:\/\/www.martinus.sk\/?uItem=301677&#038;z=WLGC7F&#038;utm_source=z%3DWLGC7F&#038;utm_medium=url&#038;utm_campaign=partner\" rel=\"noopener noreferrer\" target=\"_blank\">Fotografie The&nbsp;Beatles<\/a> od&nbsp;Astrid Kirchherrovej sa&nbsp;dodnes vystavuj\u00fa po&nbsp;celom svete. Okrem fotografovania sa&nbsp;venovala aj interi\u00e9rov\u00e9mu dizajnu.<\/p>\n<p style=\"text-align: right;\"><small>&mdash;&nbsp;<a href=\"https:\/\/www.bbc.com\/news\/entertainment-arts-52687056\" target=\"_blank\" rel=\"noopener noreferrer\">BBC News<\/a><\/small><\/p>\n<div class=\"gca-utility clearfix\"><\/div>\n<div class=\"gca-utility vertical-spacer\"><\/div>\n<p><center><span class=\"fullscreen\"><script type=\"text\/javascript\" src=\"\/\/partner.mrtns.eu\/banners\/banner.js?type=banner&#038;brand_id=1&#038;uItem=301677&#038;size=full&#038;show_price=0&#038;color=violet&#038;z=WLGC7F\"><\/script><\/center><\/p>\n","protected":false},"excerpt":{"rendered":"<p>Vo veku 81 rokov zomrela nemeck\u00e1 fotografka Astrid Kirchherrov\u00e1, ktor\u00e1 fotila skupinu The&nbsp;Beatles na&nbsp;za\u010diatku ich kari\u00e9ry. Spr\u00e1vu m\u00e9di\u00e1m potvrdil historik kapely Mark Lewisohn s&nbsp;t\u00fdm, \u017ee&nbsp;po&nbsp;kr\u00e1tkej chorobe naposledy vyd\u00fdchla 12.&nbsp;m\u00e1ja v&nbsp;jej rodnom Hamburgu. <a href=\"https:\/\/literarnenoviny.sk\/servis\/vo-veku-81-rokov-zomrela-prva-fotografka-skupiny-bestles-astrid-kirchherrova\/\" class=\"more-link\">Cel\u00e1 spr\u00e1va <span class=\"meta-nav\">&rarr;<\/span><\/a><\/p>\n","protected":false},"author":2,"featured_media":0,"comment_status":"closed","ping_status":"closed","sticky":false,"template":"","format":"standard","meta":{"_links_to":"","_links_to_target":""},"categories":[1],"tags":[17,5,60,3,209],"_links":{"self":[{"href":"https:\/\/literarnenoviny.sk\/servis\/wp-json\/wp\/v2\/posts\/12805"}],"collection":[{"href":"https:\/\/literarnenoviny.sk\/servis\/wp-json\/wp\/v2\/posts"}],"about":[{"href":"https:\/\/literarnenoviny.sk\/servis\/wp-json\/wp\/v2\/types\/post"}],"author":[{"embeddable":true,"href":"https:\/\/literarnenoviny.sk\/servis\/wp-json\/wp\/v2\/users\/2"}],"replies":[{"embeddable":true,"href":"https:\/\/literarnenoviny.sk\/servis\/wp-json\/wp\/v2\/comments?post=12805"}],"version-history":[{"count":0,"href":"https:\/\/literarnenoviny.sk\/servis\/wp-json\/wp\/v2\/posts\/12805\/revisions"}],"wp:attachment":[{"href":"https:\/\/literarnenoviny.sk\/servis\/wp-json\/wp\/v2\/media?parent=12805"}],"wp:term":[{"taxonomy":"category","embeddable":true,"href":"https:\/\/literarnenoviny.sk\/servis\/wp-json\/wp\/v2\/categories?post=12805"},{"taxonomy":"post_tag","embeddable":true,"href":"https:\/\/literarnenoviny.sk\/servis\/wp-json\/wp\/v2\/tags?post=12805"}],"curies":[{"name":"wp","href":"https:\/\/api.w.org\/{rel}","templated":true}]}}