{"id":12411,"date":"2020-04-29T18:50:31","date_gmt":"2020-04-29T16:50:31","guid":{"rendered":"https:\/\/literarnenoviny.sk\/servis\/?p=12411"},"modified":"2020-10-15T22:06:34","modified_gmt":"2020-10-15T20:06:34","slug":"vo-veku-90-rokov-zomrel-vyznamny-slovensky-architekt-vladimir-dedecek","status":"publish","type":"post","link":"https:\/\/literarnenoviny.sk\/servis\/vo-veku-90-rokov-zomrel-vyznamny-slovensky-architekt-vladimir-dedecek\/","title":{"rendered":"Vo veku 90 rokov zomrel v\u00fdznamn\u00fd slovensk\u00fd architekt Vladim\u00edr Dede\u010dek"},"content":{"rendered":"<p><strong>Vo veku 90 rokov zomrel <a href=\"https:\/\/sk.wikipedia.org\/wiki\/Vladim\u00edr_Dede\u010dek\" rel=\"noopener noreferrer\" target=\"_blank\">Vladim\u00edr Dede\u010dek<\/a>, jeden z&nbsp;najv\u00fdznamnej\u0161\u00edch povojnov\u00fdch slovensk\u00fdch architektov<\/strong>, ktor\u00fd za&nbsp;pol storo\u010dia svojej tvorivej kari\u00e9ry urobil vy\u0161e 90 architektonick\u00fdch diel a&nbsp;n\u00e1vrhov, od&nbsp;rodinn\u00fdch domov a\u017e po&nbsp;rozsiahle are\u00e1ly a&nbsp;komplexy. <\/p>\n<p><a href=\"https:\/\/www.sng.sk\/\" rel=\"noopener noreferrer\" target=\"_blank\">Slovensk\u00e1 n\u00e1rodn\u00e1 gal\u00e9ria<\/a>, ktor\u00e1 spr\u00e1vu o&nbsp;jeho \u00famrt\u00ed potvrdila, Vladim\u00edra Dede\u010dka <a href=\"https:\/\/www.facebook.com\/SlovenskaNarodnaGaleria\/posts\/10158616101189345\" rel=\"noopener noreferrer\" target=\"_blank\">na soci\u00e1lnej sieti<\/a> nazvala <em>\u201emu\u017eom ve\u013ek\u00fdch konceptov, ktor\u00fd nav\u017edy zap\u00edsal Slovensko na&nbsp;mapu neskorej moderny\u201c<\/em>.<\/p>\n<p><center><div class=\"gca-utility vertical-spacer\"><\/div><iframe loading=\"lazy\" src=\"https:\/\/www.facebook.com\/plugins\/post.php?href=https%3A%2F%2Fwww.facebook.com%2FSlovenskaNarodnaGaleria%2Fposts%2F10158616101189345&#038;width=376\" width=\"376\" height=\"704\" style=\"border:none;overflow:hidden\" scrolling=\"no\" frameborder=\"0\" allowTransparency=\"true\" allow=\"encrypted-media\"><\/iframe><div class=\"gca-utility vertical-spacer\"><\/div><\/center><\/p>\n<p>Medzi najzn\u00e1mej\u0161ie stavby Vladim\u00edra Dede\u010dka patr\u00ed are\u00e1l <a href=\"https:\/\/www.uniag.sk\/\" rel=\"noopener noreferrer\" target=\"_blank\">Vysokej \u0161koly po\u013enohospod\u00e1rskej<\/a> v&nbsp;Nitre, ikonick\u00e9 <a href=\"https:\/\/www.teraz.sk\/fotodennik\/projekty-architekta-vladimira-dedecka\/92017-fotografia.html\" rel=\"noopener noreferrer\" target=\"_blank\">\u00c1triov\u00e9 domky<\/a> vo&nbsp;vysoko\u0161kolskom meste v&nbsp;bratislavskej Mlynskej doline, premostenie <a href=\"https:\/\/www.sng.sk\/\" rel=\"noopener noreferrer\" target=\"_blank\">Slovenskej n\u00e1rodnej gal\u00e9rie<\/a> \u010di&nbsp;<a href=\"https:\/\/www.minv.sk\/?slovensky-narodny-archiv-1\" rel=\"noopener noreferrer\" target=\"_blank\">Slovensk\u00fd n\u00e1rodn\u00fd arch\u00edv<\/a>.<\/p>\n<p><em>\u201eNec\u00edtim sa&nbsp;ako vyn\u00e1lezca my\u0161lienok. V\u0161etko, \u010do&nbsp;je&nbsp;v&nbsp;mojej architekt\u00fare, n\u00e1jde\u0161 v&nbsp;u\u010debnici deskript\u00edvnej geometrie, len mus\u00ed\u0161 pozorne listova\u0165,\u201c<\/em> vyjadril sa&nbsp;Dede\u010dek o&nbsp;svojej tvorbe. <em>\u201eNavrhovanie som premenil na&nbsp;robotu. Nikdy som sa&nbsp;nec\u00edtil ako umelec,\u201c<\/em> uviedol pred \u0161iestimi rokmi na&nbsp;festivale <a href=\"http:\/\/www.bratislavadesignweek.sk\/\" rel=\"noopener noreferrer\" target=\"_blank\">Design Week<\/a>.<\/p>\n<p>Dielo Vladim\u00edra Dede\u010dka bolo dlh\u00e9 roky laickou aj odbornou verejnos\u0165ou prij\u00edman\u00e9 rozporuplne. Dnes sa&nbsp;poh\u013ead na&nbsp;jeho tvorbu z\u00e1sadne zmenil a&nbsp;v\u00e4\u010d\u0161ina architektov aj kunsthistorikov vyzdvihuje modernos\u0165 a&nbsp;nepopierate\u013en\u00fa kvalitu jeho stavieb. <\/p>\n<p>Pozornos\u0165 a&nbsp;uznanie si slovensk\u00fd architekt, ktor\u00fd by 26.&nbsp;m\u00e1ja osl\u00e1vil svoje 91 narodeniny, z\u00edskal aj v&nbsp;medzin\u00e1rodnom kontexte.<\/p>\n<p style=\"text-align: right;\"><small>&mdash;&nbsp;<a href=\"https:\/\/www.facebook.com\/SlovenskaNarodnaGaleria\/posts\/10158616101189345\" target=\"_blank\" rel=\"noopener noreferrer\">Slovensk\u00e1 n\u00e1rodn\u00e1 gal\u00e9ria<\/a> a&nbsp;<a href=\"https:\/\/dennikn.sk\/minuta\/1876291\" target=\"_blank\" rel=\"noopener noreferrer\">Denn\u00edk N<\/a><\/small><\/p>\n<div class=\"gca-utility clearfix\"><\/div>\n<div class=\"gca-utility vertical-spacer\"><\/div>\n<p><center><span class=\"fullscreen\"><a href=\"\/\/www.martinus.sk\/?z=WLGC7F&#038;utm_source=z%3DWLGC7F&#038;utm_medium=banner1_468x60&#038;utm_campaign=partner\"><img decoding=\"async\" src=\"\/\/www.martinus.sk\/images\/banners\/468x60_red.jpg\" alt=\"www.martinus.sk\" \/><\/a><\/span><\/center><\/p>\n","protected":false},"excerpt":{"rendered":"<p>Vo veku 90 rokov zomrel Vladim\u00edr Dede\u010dek, jeden z&nbsp;najv\u00fdznamnej\u0161\u00edch povojnov\u00fdch slovensk\u00fdch architektov, ktor\u00fd za&nbsp;pol storo\u010dia svojej tvorivej kari\u00e9ry urobil vy\u0161e 90 architektonick\u00fdch diel a&nbsp;n\u00e1vrhov, od&nbsp;rodinn\u00fdch domov a\u017e po&nbsp;rozsiahle are\u00e1ly a&nbsp;komplexy.  <a href=\"https:\/\/literarnenoviny.sk\/servis\/vo-veku-90-rokov-zomrel-vyznamny-slovensky-architekt-vladimir-dedecek\/\" class=\"more-link\">Cel\u00e1 spr\u00e1va <span class=\"meta-nav\">&rarr;<\/span><\/a><\/p>\n","protected":false},"author":2,"featured_media":0,"comment_status":"closed","ping_status":"closed","sticky":false,"template":"","format":"standard","meta":{"_links_to":"","_links_to_target":""},"categories":[1],"tags":[140,89,5,3,209],"_links":{"self":[{"href":"https:\/\/literarnenoviny.sk\/servis\/wp-json\/wp\/v2\/posts\/12411"}],"collection":[{"href":"https:\/\/literarnenoviny.sk\/servis\/wp-json\/wp\/v2\/posts"}],"about":[{"href":"https:\/\/literarnenoviny.sk\/servis\/wp-json\/wp\/v2\/types\/post"}],"author":[{"embeddable":true,"href":"https:\/\/literarnenoviny.sk\/servis\/wp-json\/wp\/v2\/users\/2"}],"replies":[{"embeddable":true,"href":"https:\/\/literarnenoviny.sk\/servis\/wp-json\/wp\/v2\/comments?post=12411"}],"version-history":[{"count":0,"href":"https:\/\/literarnenoviny.sk\/servis\/wp-json\/wp\/v2\/posts\/12411\/revisions"}],"wp:attachment":[{"href":"https:\/\/literarnenoviny.sk\/servis\/wp-json\/wp\/v2\/media?parent=12411"}],"wp:term":[{"taxonomy":"category","embeddable":true,"href":"https:\/\/literarnenoviny.sk\/servis\/wp-json\/wp\/v2\/categories?post=12411"},{"taxonomy":"post_tag","embeddable":true,"href":"https:\/\/literarnenoviny.sk\/servis\/wp-json\/wp\/v2\/tags?post=12411"}],"curies":[{"name":"wp","href":"https:\/\/api.w.org\/{rel}","templated":true}]}}