{"id":12374,"date":"2020-04-28T08:00:42","date_gmt":"2020-04-28T06:00:42","guid":{"rendered":"https:\/\/literarnenoviny.sk\/servis\/?p=12374"},"modified":"2020-10-15T22:06:34","modified_gmt":"2020-10-15T20:06:34","slug":"vo-veku-75-rokov-zomrela-irska-spisovatelka-a-poetka-eavan-bolandova","status":"publish","type":"post","link":"https:\/\/literarnenoviny.sk\/servis\/vo-veku-75-rokov-zomrela-irska-spisovatelka-a-poetka-eavan-bolandova\/","title":{"rendered":"Vo veku 75 rokov zomrela \u00edrska spisovate\u013eka a&nbsp;poetka Eavan Bolandov\u00e1"},"content":{"rendered":"<p><strong>Vo veku 75 rokov zomrela popredn\u00e1 \u00edrska poetka <a href=\"https:\/\/en.wikipedia.org\/wiki\/Eavan_Boland\" rel=\"noopener noreferrer\" target=\"_blank\">Eavan Bolandov\u00e1<\/a><\/strong>, ozna\u010dovan\u00e1 aj ako \u017eensk\u00fd n\u00e1protivok nosite\u013ea Nobelovej ceny <a href=\"https:\/\/cs.wikipedia.org\/wiki\/Seamus_Heaney\" rel=\"noopener noreferrer\" target=\"_blank\">Seamusa Heaneyho<\/a>. Ako informovali <a href=\"https:\/\/www.irishtimes.com\/culture\/books\/eavan-boland-leading-irish-poet-and-champion-of-the-female-voice-dies-aged-75-1.4239274\" rel=\"noopener noreferrer\" target=\"_blank\">\u00edrske m\u00e9di\u00e1<\/a>, autorka zomrela vo&nbsp;svojom dublinskom dome.<\/p>\n<p>Eavan Bolandov\u00e1 bola od&nbsp;roku 1996 profesorkou na&nbsp;kalifornskej <a href=\"https:\/\/www.stanford.edu\/\" rel=\"noopener noreferrer\" target=\"_blank\">Stanfordovej univerzite<\/a>, ako aj \u010dlenkou <a href=\"https:\/\/www.ria.ie\/\" rel=\"noopener noreferrer\" target=\"_blank\">\u00cdrskej kr\u00e1\u013eovskej akad\u00e9mie<\/a>. Do&nbsp;roku 2019 bola redaktorkou magaz\u00ednu <a href=\"https:\/\/www.poetryireland.ie\/publications\/\" rel=\"noopener noreferrer\" target=\"_blank\">Poetry Ireland Review<\/a>.<\/p>\n<p><center><div class=\"gca-utility vertical-spacer\"><\/div>\n<blockquote class=\"twitter-tweet\">\n<p lang=\"en\" dir=\"ltr\">\u2018Eavan Boland\u2019s legacy is in her poems, but it is also in Irish life\u2019 <a href=\"https:\/\/t.co\/55LetASosL\">https:\/\/t.co\/55LetASosL<\/a> via <a href=\"https:\/\/twitter.com\/IrishTimesCultr?ref_src=twsrc%5Etfw\">@IrishTimesCultr<\/a><\/p>\n<p>&mdash; Irish Times Culture (@IrishTimesCultr) <a href=\"https:\/\/twitter.com\/IrishTimesCultr\/status\/1254851070670434305?ref_src=twsrc%5Etfw\">April 27, 2020<\/a><\/p><\/blockquote>\n<p> <script async src=\"https:\/\/platform.twitter.com\/widgets.js\" charset=\"utf-8\"><\/script><div class=\"gca-utility vertical-spacer\"><\/div><\/center><\/p>\n<p>Po po\u010diato\u010dn\u00fdch mot\u00edvoch z&nbsp;rodinn\u00e9ho a&nbsp;man\u017eelsk\u00e9ho prostredia sa&nbsp;v&nbsp;jej po\u00e9zii za\u010dali objavova\u0165 tie\u017e feministick\u00e9 akcenty, ktor\u00e9 odkazovali na&nbsp;nerovn\u00fa rolu \u017eien v&nbsp;\u00edrskych dejin\u00e1ch.<\/p>\n<p><em>\u201eZa\u010dala som p\u00edsa\u0165 v&nbsp;\u00cdrsku, kde slovo \u017eena a&nbsp;poetka boli v&nbsp;protire\u010divom vz\u0165ahu. Nemohla som v\u0161ak prija\u0165 mo\u017enos\u0165, \u017ee&nbsp;\u017eivot \u017eeny nebude alebo nem\u00f4\u017ee by\u0165 zaznamenan\u00fd v&nbsp;po\u00e9zii m\u00f4jho vlastn\u00e9ho n\u00e1roda,\u201c<\/em> uviedla priekopn\u00ed\u010dku medzi \u00edrskymi poetkami.<\/p>\n<p>Vo svojej najzn\u00e1mej\u0161ej zbierke <em><strong>The War Horse<\/strong> (1975)<\/em> p\u00edsala Eavan Bolandov\u00e1 o&nbsp;konflikte v&nbsp;Severnom \u00cdrsku a&nbsp;v&nbsp;b\u00e1sni <em><strong>Quarantine<\/strong><\/em> zve\u010dnila trag\u00e9diu Ve\u013ek\u00e9ho \u00edrskeho hladomoru v&nbsp;40.&nbsp;rokoch 18.&nbsp;storo\u010dia.<\/p>\n<p>V roku 2017 v&nbsp;r\u00e1mci podujatia <a href=\"https:\/\/www.irishbookawards.irish\/\" rel=\"noopener noreferrer\" target=\"_blank\">Irish Book Awards<\/a> Eavan Bolandovej udelili cenu za&nbsp;celo\u017eivotn\u00fd pr\u00ednos. Jej po\u00e9zia sa&nbsp;vyu\u010duje na&nbsp;\u00edrskych \u0161kol\u00e1ch a&nbsp;je&nbsp;s\u00fa\u010das\u0165ou maturitnej sk\u00fa\u0161ky.<\/p>\n<p style=\"text-align: right;\"><small>&mdash;&nbsp;<a href=\"https:\/\/www.irishtimes.com\/culture\/books\/eavan-boland-leading-irish-poet-and-champion-of-the-female-voice-dies-aged-75-1.4239274\" target=\"_blank\" rel=\"noopener noreferrer\">The Irish Times<\/a><\/small><\/p>\n<div class=\"gca-utility clearfix\"><\/div>\n<div class=\"gca-utility vertical-spacer\"><\/div>\n<p><center><span class=\"fullscreen\"><a href=\"\/\/www.martinus.sk\/?z=WLGC7F&#038;utm_source=z%3DWLGC7F&#038;utm_medium=banner1_468x60&#038;utm_campaign=partner\"><img decoding=\"async\" src=\"\/\/www.martinus.sk\/images\/banners\/468x60_red.jpg\" alt=\"www.martinus.sk\" \/><\/a><\/span><\/center><\/p>\n","protected":false},"excerpt":{"rendered":"<p>Vo veku 75 rokov zomrela popredn\u00e1 \u00edrska autorka a&nbsp;poetka Eavan Bolandov\u00e1, ozna\u010dovan\u00e1 aj ako \u017eensk\u00fd n\u00e1protivok nosite\u013ea Nobelovej ceny Seamusa Heaneyho. Ako informovali m\u00e9di\u00e1, autorka a&nbsp; priekopn\u00ed\u010dka medzi \u00edrskymi poetkami zomrela vo&nbsp;svojom dublinskom dome. <a href=\"https:\/\/literarnenoviny.sk\/servis\/vo-veku-75-rokov-zomrela-irska-spisovatelka-a-poetka-eavan-bolandova\/\" class=\"more-link\">Cel\u00e1 spr\u00e1va <span class=\"meta-nav\">&rarr;<\/span><\/a><\/p>\n","protected":false},"author":2,"featured_media":0,"comment_status":"closed","ping_status":"closed","sticky":false,"template":"","format":"standard","meta":{"_links_to":"","_links_to_target":""},"categories":[1],"tags":[184,3,83,209],"_links":{"self":[{"href":"https:\/\/literarnenoviny.sk\/servis\/wp-json\/wp\/v2\/posts\/12374"}],"collection":[{"href":"https:\/\/literarnenoviny.sk\/servis\/wp-json\/wp\/v2\/posts"}],"about":[{"href":"https:\/\/literarnenoviny.sk\/servis\/wp-json\/wp\/v2\/types\/post"}],"author":[{"embeddable":true,"href":"https:\/\/literarnenoviny.sk\/servis\/wp-json\/wp\/v2\/users\/2"}],"replies":[{"embeddable":true,"href":"https:\/\/literarnenoviny.sk\/servis\/wp-json\/wp\/v2\/comments?post=12374"}],"version-history":[{"count":0,"href":"https:\/\/literarnenoviny.sk\/servis\/wp-json\/wp\/v2\/posts\/12374\/revisions"}],"wp:attachment":[{"href":"https:\/\/literarnenoviny.sk\/servis\/wp-json\/wp\/v2\/media?parent=12374"}],"wp:term":[{"taxonomy":"category","embeddable":true,"href":"https:\/\/literarnenoviny.sk\/servis\/wp-json\/wp\/v2\/categories?post=12374"},{"taxonomy":"post_tag","embeddable":true,"href":"https:\/\/literarnenoviny.sk\/servis\/wp-json\/wp\/v2\/tags?post=12374"}],"curies":[{"name":"wp","href":"https:\/\/api.w.org\/{rel}","templated":true}]}}