{"id":1233,"date":"2017-10-25T22:49:25","date_gmt":"2017-10-25T20:49:25","guid":{"rendered":"https:\/\/literarnenoviny.sk\/servis\/?p=1233"},"modified":"2017-10-26T21:02:02","modified_gmt":"2017-10-26T19:02:02","slug":"vo-vydavatelstve-torst-vychadza-zivotopis-ikony-ceskeho-undergroundu","status":"publish","type":"post","link":"https:\/\/literarnenoviny.sk\/servis\/vo-vydavatelstve-torst-vychadza-zivotopis-ikony-ceskeho-undergroundu\/","title":{"rendered":"Vo vydavate\u013estve Torst vych\u00e1dza \u017eivotopis ikony \u010desk\u00e9ho undergroundu"},"content":{"rendered":"<p><strong>Vo vydavate\u013estve <a href=\"http:\/\/torst.cz\/\" rel=\"noopener\" target=\"_blank\">Torst<\/a> vych\u00e1dza \u017eivotopis ikony \u010desk\u00e9ho undergroundu <a href=\"https:\/\/cs.wikipedia.org\/wiki\/Ivan_Martin_Jirous\" rel=\"noopener\" target=\"_blank\">Ivana Martina Jirousa<\/a><\/strong>. Obsa\u017en\u00fd a&nbsp;p\u00fatavo nap\u00edsan\u00fd titul Magor a&nbsp;jeho doba od&nbsp;redaktora \u010dasopisu <a href=\"https:\/\/www.respekt.cz\/\" rel=\"noopener\" target=\"_blank\">Respekt<\/a> Mareka \u0160vehlu pribli\u017euje \u010desk\u00fa nez\u00e1visl\u00fa kult\u00faru druhej polovice dvadsiateho storo\u010dia. <\/p>\n<p><center><iframe loading=\"lazy\" src=\"https:\/\/www.facebook.com\/plugins\/post.php?href=https%3A%2F%2Fwww.facebook.com%2Ftydenikrespekt%2Fposts%2F10155858784946103&#038;width=500\" width=\"500\" height=\"689\" style=\"border:none;overflow:hidden\" scrolling=\"no\" frameborder=\"0\" allowTransparency=\"true\"><\/iframe><\/center><\/p>\n<p>Dokumentuje Jirousov \u017eivot od&nbsp;detstva, cez \u0161t\u00fadi\u00e1 v&nbsp;Prahe, a\u017e po&nbsp;jeho vz\u0165ahy s&nbsp;\u010desk\u00fdmi v\u00fdtvarn\u00edkmi v&nbsp;\u0161es\u0165desiatych rokoch a&nbsp;spolu\u017eitie s&nbsp;rockovou skupinou <a href=\"https:\/\/cs.wikipedia.org\/wiki\/The_Plastic_People_of_the_Universe\" rel=\"noopener\" target=\"_blank\">The Plastic People of the&nbsp;Universe<\/a>.<\/p>\n<p>Kniha oslov\u00ed predov\u0161etk\u00fdm t\u00fdch, ktor\u00ed sa&nbsp;zauj\u00edmaj\u00fa o&nbsp;undergroundov\u00fa sc\u00e9nu na&nbsp;pozad\u00ed politickej perzek\u00facie v&nbsp;\u010ceskoslovensku sedemdesiatych a&nbsp;osemdesiatych rokov.<\/p>\n<p style=\"text-align: right;\"><small><a href=\"https:\/\/www.respekt.cz\/galerie\/magor-a-jeho-doba\" target=\"_blank\" rel=\"noopener\">Respekt<\/a> <\/small><\/p>\n","protected":false},"excerpt":{"rendered":"<p>Vo vydavate\u013estve Torst vych\u00e1dza \u017eivotopis ikony \u010desk\u00e9ho undergroundu Ivana Martina Jirousa. Titul Magor a&nbsp;jeho doba od&nbsp;redaktora \u010dasopisu Respekt Mareka \u0160vehlu pribli\u017euje \u010desk\u00fa nez\u00e1visl\u00fa kult\u00faru druhej polovice dvadsiateho storo\u010dia.  <a href=\"https:\/\/literarnenoviny.sk\/servis\/vo-vydavatelstve-torst-vychadza-zivotopis-ikony-ceskeho-undergroundu\/\" class=\"more-link\">Cel\u00e1 spr\u00e1va <span class=\"meta-nav\">&rarr;<\/span><\/a><\/p>\n","protected":false},"author":2,"featured_media":0,"comment_status":"closed","ping_status":"closed","sticky":false,"template":"","format":"standard","meta":{"_links_to":"","_links_to_target":""},"categories":[1],"tags":[14,3,73],"_links":{"self":[{"href":"https:\/\/literarnenoviny.sk\/servis\/wp-json\/wp\/v2\/posts\/1233"}],"collection":[{"href":"https:\/\/literarnenoviny.sk\/servis\/wp-json\/wp\/v2\/posts"}],"about":[{"href":"https:\/\/literarnenoviny.sk\/servis\/wp-json\/wp\/v2\/types\/post"}],"author":[{"embeddable":true,"href":"https:\/\/literarnenoviny.sk\/servis\/wp-json\/wp\/v2\/users\/2"}],"replies":[{"embeddable":true,"href":"https:\/\/literarnenoviny.sk\/servis\/wp-json\/wp\/v2\/comments?post=1233"}],"version-history":[{"count":0,"href":"https:\/\/literarnenoviny.sk\/servis\/wp-json\/wp\/v2\/posts\/1233\/revisions"}],"wp:attachment":[{"href":"https:\/\/literarnenoviny.sk\/servis\/wp-json\/wp\/v2\/media?parent=1233"}],"wp:term":[{"taxonomy":"category","embeddable":true,"href":"https:\/\/literarnenoviny.sk\/servis\/wp-json\/wp\/v2\/categories?post=1233"},{"taxonomy":"post_tag","embeddable":true,"href":"https:\/\/literarnenoviny.sk\/servis\/wp-json\/wp\/v2\/tags?post=1233"}],"curies":[{"name":"wp","href":"https:\/\/api.w.org\/{rel}","templated":true}]}}