{"id":12274,"date":"2020-04-24T20:40:16","date_gmt":"2020-04-24T18:40:16","guid":{"rendered":"https:\/\/literarnenoviny.sk\/servis\/?p=12274"},"modified":"2020-05-08T23:42:07","modified_gmt":"2020-05-08T21:42:07","slug":"kniznice-sa-v-cesku-mozu-otvarat-uz-v-pondelok-vacsina-z-nich-to-ale-nestihne","status":"publish","type":"post","link":"https:\/\/literarnenoviny.sk\/servis\/kniznice-sa-v-cesku-mozu-otvarat-uz-v-pondelok-vacsina-z-nich-to-ale-nestihne\/","title":{"rendered":"Kni\u017enice sa&nbsp;v&nbsp;\u010cesku m\u00f4\u017eu otv\u00e1ra\u0165 u\u017e&nbsp;v&nbsp;pondelok, v\u00e4\u010d\u0161ina z&nbsp;nich to ale nestihne"},"content":{"rendered":"<p><strong><a href=\"https:\/\/www.vlada.cz\/\" rel=\"noopener noreferrer\" target=\"_blank\">\u010cesk\u00e1 vl\u00e1da<\/a> rozhodla, \u017ee&nbsp;verejn\u00e9 kni\u017enice <a href=\"https:\/\/www.idnes.cz\/zpravy\/domaci\/vlada-koronavirus-otevirani-obchodu-nouzovy-stav.A200423_060805_domaci_kop\" rel=\"noopener noreferrer\" target=\"_blank\">sa m\u00f4\u017eu otvori\u0165<\/a> u\u017e&nbsp;v&nbsp;pondelok, v\u00e4\u010d\u0161ina z&nbsp;nich ale tento term\u00edn nestihne<\/strong>. Po\u010das v\u00edkendu toti\u017e <a href=\"https:\/\/www.novinky.cz\/domaci\/clanek\/rada-velkych-knihoven-v-pondeli-otevrit-nestihne-40321816\" rel=\"noopener noreferrer\" target=\"_blank\">nedok\u00e1\u017eu technicky zabezpe\u010di\u0165<\/a> nevyhnutn\u00e9 hygienick\u00e9 a&nbsp;organiza\u010dn\u00e9 opatrenia. V\u00e4\u010d\u0161ina men\u0161\u00edch kni\u017en\u00edc ale svoje br\u00e1ny pravdepodobne otvor\u00ed. <\/p>\n<p>Pre verejnos\u0165 zost\u00e1va na\u010falej zatvoren\u00e1 <strong><a href=\"https:\/\/www.nkp.cz\/\" rel=\"noopener noreferrer\" target=\"_blank\">N\u00e1rodn\u00ed knihovna<\/a><\/strong>, <strong><a href=\"https:\/\/www.mlp.cz\/\" rel=\"noopener noreferrer\" target=\"_blank\">M\u011bstsk\u00e1 knihovna v&nbsp;Prahe<\/a><\/strong>, brnianska <strong><a href=\"https:\/\/www.kjm.cz\/\" rel=\"noopener noreferrer\" target=\"_blank\">Knihovna Ji\u0159\u00edho Mahena<\/a><\/strong>. Rovnako ako aj \u010fal\u0161ie v\u00e4\u010d\u0161ie kni\u017enice v&nbsp;krajine.<\/p>\n<p><center><div class=\"gca-utility vertical-spacer\"><\/div><iframe loading=\"lazy\" src=\"https:\/\/www.facebook.com\/plugins\/post.php?href=https%3A%2F%2Fwww.facebook.com%2Fknihovna%2Fposts%2F10156728679026567&#038;width=500\" width=\"500\" height=\"338\" style=\"border:none;overflow:hidden\" scrolling=\"no\" frameborder=\"0\" allowTransparency=\"true\" allow=\"encrypted-media\"><\/iframe><div class=\"gca-utility vertical-spacer\"><\/div><\/center><\/p>\n<p><em>\u201eNen\u00ed mo\u017en\u00e9, abychom ji b\u011bhem jedin\u00e9ho dne po&nbsp;\u0161esti t\u00fddnech mimo\u0159\u00e1dn\u00e9ho re\u017eimu uvedli do&nbsp;b\u011b\u017en\u00e9ho provozn\u00edho stavu za&nbsp;dodr\u017een\u00ed v\u0161ech mimo\u0159\u00e1dn\u00fdch opat\u0159en\u00ed,\u201c<\/em> uviedol riadite\u013e kni\u017enice Tom\u00e1\u0161 \u0158eh\u00e1k a&nbsp;upesnil, \u017ee&nbsp;<em>\u201eM\u011bstsk\u00e1 knihovna v&nbsp;Praze za\u010dne z&nbsp;provozn\u00edch d\u016fvod\u016f slu\u017eby \u010dten\u00e1\u0159\u016fm obnovovat od&nbsp;pond\u011bl\u00ed 4.&nbsp;kv\u011btna\u201c<\/em>. <\/p>\n<p>Pra\u017esk\u00e1 \u00dast\u0159edn\u00ed knihovna sa&nbsp;otvor\u00ed e\u0161te o&nbsp;t\u00fd\u017ede\u0148 nesk\u00f4r 11.&nbsp;m\u00e1ja. <\/p>\n<p>Knihovna Ji\u0159\u00edho Mahena v&nbsp;Brne ozn\u00e1mila, \u017ee&nbsp;sa&nbsp;zatia\u013e pre&nbsp;verejnos\u0165 neotvor\u00ed. Pod\u013ea jej hovorkyne Aleny \u0160edivej to nie je&nbsp;technicky mo\u017en\u00e9. Objednan\u00e1 dezinfekcia na&nbsp;zabezpe\u010denie hygienick\u00fdch opatren\u00ed sa&nbsp;pre&nbsp;dlh\u0161ie dodacie lehoty toti\u017e oneskorila.<\/p>\n<p>Podobne je&nbsp;na&nbsp;tom aj \u010desk\u00e1 N\u00e1rodn\u00ed knihovna. <em>\u201eV tuto chv\u00edli je\u0161t\u011b nev\u00edme, jak\u00e9 podm\u00ednky budeme muset spl\u0148ovat. Konkr\u00e9tn\u00ed term\u00edn otev\u0159en\u00ed bude ozn\u00e1men v&nbsp;nejbli\u017e\u0161\u00edch dnech,\u201c<\/em> uviedla pre&nbsp;m\u00e9dia jej hovorky\u0148a Irena Ma\u0148\u00e1kov\u00e1.<\/p>\n<p>Pod\u013ea <a href=\"https:\/\/www.idnes.cz\/zpravy\/domaci\/vlada-koronavirus-otevirani-obchodu-nouzovy-stav.A200423_060805_domaci_kop\" rel=\"noopener noreferrer\" target=\"_blank\">\u0161tvrtkov\u00e9ho rozhodnutia \u010deskej vl\u00e1dy<\/a> sa&nbsp;v&nbsp;pondelok 27.&nbsp;apr\u00edla m\u00f4\u017eu otvori\u0165 aj v\u0161etky obchody s&nbsp;predajnou plochou do&nbsp;2&nbsp;500 metrov \u0161tvorcov\u00fdch.  <\/p>\n<p style=\"text-align: right;\"><small>&mdash;&nbsp;<a href=\"https:\/\/www.novinky.cz\/domaci\/clanek\/rada-velkych-knihoven-v-pondeli-otevrit-nestihne-40321816\" target=\"_blank\" rel=\"noopener noreferrer\">Novinky.cz<\/a><\/small><\/p>\n<div class=\"gca-utility clearfix\"><\/div>\n<div class=\"gca-utility vertical-spacer\"><\/div>\n<p><center><span class=\"fullscreen\"><a href=\"\/\/www.martinus.sk\/?z=WLGC7F&#038;utm_source=z%3DWLGC7F&#038;utm_medium=banner1_468x60&#038;utm_campaign=partner\"><img decoding=\"async\" src=\"\/\/www.martinus.sk\/images\/banners\/468x60_red.jpg\" alt=\"www.martinus.sk\" \/><\/a><\/span><\/center><\/p>\n","protected":false},"excerpt":{"rendered":"<p>\u010cesk\u00e1 vl\u00e1da rozhodla, \u017ee&nbsp;verejn\u00e9 kni\u017enice sa&nbsp;m\u00f4\u017eu otvori\u0165 u\u017e&nbsp;v&nbsp;pondelok, v\u00e4\u010d\u0161ina z&nbsp;nich ale tento term\u00edn nestihne. Po\u010das v\u00edkendu toti\u017e nedok\u00e1\u017eu technicky zabezpe\u010di\u0165 nevyhnutn\u00e9 hygienick\u00e9 a&nbsp;organiza\u010dn\u00e9 opatrenia. V\u00e4\u010d\u0161ina men\u0161\u00edch kni\u017en\u00edc ale svoje br\u00e1ny pravdepodobne otvor\u00ed. <a href=\"https:\/\/literarnenoviny.sk\/servis\/kniznice-sa-v-cesku-mozu-otvarat-uz-v-pondelok-vacsina-z-nich-to-ale-nestihne\/\" class=\"more-link\">Cel\u00e1 spr\u00e1va <span class=\"meta-nav\">&rarr;<\/span><\/a><\/p>\n","protected":false},"author":2,"featured_media":0,"comment_status":"closed","ping_status":"closed","sticky":false,"template":"","format":"standard","meta":{"_links_to":"","_links_to_target":""},"categories":[1],"tags":[49,171],"_links":{"self":[{"href":"https:\/\/literarnenoviny.sk\/servis\/wp-json\/wp\/v2\/posts\/12274"}],"collection":[{"href":"https:\/\/literarnenoviny.sk\/servis\/wp-json\/wp\/v2\/posts"}],"about":[{"href":"https:\/\/literarnenoviny.sk\/servis\/wp-json\/wp\/v2\/types\/post"}],"author":[{"embeddable":true,"href":"https:\/\/literarnenoviny.sk\/servis\/wp-json\/wp\/v2\/users\/2"}],"replies":[{"embeddable":true,"href":"https:\/\/literarnenoviny.sk\/servis\/wp-json\/wp\/v2\/comments?post=12274"}],"version-history":[{"count":0,"href":"https:\/\/literarnenoviny.sk\/servis\/wp-json\/wp\/v2\/posts\/12274\/revisions"}],"wp:attachment":[{"href":"https:\/\/literarnenoviny.sk\/servis\/wp-json\/wp\/v2\/media?parent=12274"}],"wp:term":[{"taxonomy":"category","embeddable":true,"href":"https:\/\/literarnenoviny.sk\/servis\/wp-json\/wp\/v2\/categories?post=12274"},{"taxonomy":"post_tag","embeddable":true,"href":"https:\/\/literarnenoviny.sk\/servis\/wp-json\/wp\/v2\/tags?post=12274"}],"curies":[{"name":"wp","href":"https:\/\/api.w.org\/{rel}","templated":true}]}}