{"id":12246,"date":"2020-04-23T08:00:00","date_gmt":"2020-04-23T06:00:00","guid":{"rendered":"https:\/\/literarnenoviny.sk\/servis\/?p=12246"},"modified":"2020-04-25T03:08:08","modified_gmt":"2020-04-25T01:08:08","slug":"male-knihkupectva-a-antikvariaty-sa-otvaraju-vlada-uvolnila-bezpecnostne-opatrenia","status":"publish","type":"post","link":"https:\/\/literarnenoviny.sk\/servis\/male-knihkupectva-a-antikvariaty-sa-otvaraju-vlada-uvolnila-bezpecnostne-opatrenia\/","title":{"rendered":"Mal\u00e9 kn\u00edhkupectv\u00e1 a&nbsp;antikvari\u00e1ty sa&nbsp;otv\u00e1raj\u00fa, vl\u00e1da uvo\u013enila obmedzenia"},"content":{"rendered":"<p><strong>Mal\u00e9 kn\u00edhkupectv\u00e1 a&nbsp;antikvari\u00e1ty sa&nbsp;na&nbsp;Slovensku za\u010dali postupne otv\u00e1ra\u0165<\/strong>, ich prev\u00e1dzkovatelia tak reaguj\u00fa na&nbsp;prv\u00fa f\u00e1zu uvo\u013e\u0148ovania bezpe\u010dnostn\u00fdch opatren\u00ed s\u00favisiacich so&nbsp;s\u00fa\u010dasnou pand\u00e9miou ochorenia Covid-19. Niektor\u00e9 z&nbsp;nich u\u017e&nbsp;<a href=\"https:\/\/www.facebook.com\/pantarhei.sk\/posts\/10158112797796704\" rel=\"noopener noreferrer\" target=\"_blank\">otvorili<\/a> v\u010dera, dnes sa&nbsp;k&nbsp;nim <a href=\"https:\/\/www.facebook.com\/pantarhei.sk\/posts\/10158112797796704\" rel=\"noopener noreferrer\" target=\"_blank\">prip\u00e1jaj\u00fa \u010fal\u0161ie<\/a>.<\/p>\n<p>Od v\u010dera 22.&nbsp;apr\u00edla toti\u017e m\u00f4\u017eu by\u0165 otvoren\u00e9 tie kn\u00edhkupectv\u00e1, ktor\u00fdch predajn\u00e1 plocha neprevy\u0161uje 300 metrov \u0161tvorcov\u00fdch. Musia tie\u017e dodr\u017eiava\u0165 stanoven\u00e9 protiepidemick\u00e9 pravidl\u00e1.<\/p>\n<p><center><div class=\"gca-utility vertical-spacer\"><\/div><iframe loading=\"lazy\" src=\"https:\/\/www.facebook.com\/plugins\/post.php?href=https%3A%2F%2Fwww.facebook.com%2FKnihkupectvoArtforum%2Fposts%2F10159662995588275&#038;width=354\" width=\"354\" height=\"720\" style=\"border:none;overflow:hidden\" scrolling=\"no\" frameborder=\"0\" allowTransparency=\"true\" allow=\"encrypted-media\"><\/iframe><div class=\"gca-utility vertical-spacer\"><\/div><\/center><\/p>\n<p><em>\u201eKniha je&nbsp;v&nbsp;dne\u0161n\u00fdch d\u0148och naozaj t\u00fdm najlep\u0161\u00edm spolo\u010dn\u00edkom na&nbsp;tr\u00e1venie vo\u013en\u00e9ho \u010dasu. Otvorenie mal\u00fdch kn\u00edhkupectiev preto pova\u017eujem za&nbsp;pozit\u00edvny krok, ktor\u00fd pom\u00f4\u017ee jednak samotn\u00fdm kn\u00edhkupectv\u00e1m prekona\u0165 zl\u00fa ekonomick\u00fa situ\u00e1ciu,\u201c<\/em> uviedla slovensk\u00e1 ministerka kult\u00fary Nat\u00e1lia Milanov\u00e1.<\/p>\n<p><em>\u201eTe\u0161\u00ed ma to o&nbsp;to viac, \u017ee&nbsp;u\u017e&nbsp;zajtra, 23.&nbsp;apr\u00edla, si pripom\u00edname Svetov\u00fd de\u0148 kn\u00edh a&nbsp;autorsk\u00fdch pr\u00e1v, tak\u017ee mal\u00e9 kn\u00edhkupectv\u00e1 bud\u00fa otvoren\u00e9 symbolicky v&nbsp;predve\u010der tohto sviatku,\u201c<\/em> dodala ministerka a&nbsp;vyzvala \u013eud\u00ed k&nbsp;zodpovednosti. <\/p>\n<p>Popri kn\u00edhkupectv\u00e1ch a&nbsp;antikvari\u00e1toch sa&nbsp;od&nbsp;v\u010dera m\u00f4\u017eu otvori\u0165 aj \u010fal\u0161ie predajne s&nbsp;kult\u00farnymi tovarmi \u010di&nbsp;komer\u010dn\u00e9 slu\u017eby kreat\u00edvneho priemyslu, ak sa&nbsp;nach\u00e1dzaj\u00fa mimo n\u00e1kupn\u00fdch centier a&nbsp;obchodn\u00fdch domov. <\/p>\n<p>Ide predov\u0161etk\u00fdm o&nbsp;hudobniny, obchody s&nbsp;v\u00fdtvarn\u00fdmi \u010di&nbsp;umeleck\u00fdmi potrebami, s&nbsp;umeleck\u00fdmi dielami a&nbsp;\u013eudov\u00fdmi remeseln\u00fdmi v\u00fdrobkami, rovnako ako dizajn\u00e9rske \u010di&nbsp;architektonick\u00e9 \u0161t\u00fadi\u00e1.<\/p>\n<p style=\"text-align: right;\"><small>&mdash;&nbsp;<a href=\"http:\/\/www.culture.gov.sk\/\" target=\"_blank\" rel=\"noopener noreferrer\">Ministerstvo kult\u00fary SR <\/a> a&nbsp;<a href=\"https:\/\/addmedia.news\" target=\"_blank\" rel=\"noopener noreferrer\">Addmedia News<\/a><\/small><\/p>\n<div class=\"gca-utility clearfix\"><\/div>\n<div class=\"gca-utility vertical-spacer\"><\/div>\n<p><center><span class=\"fullscreen\"><a href=\"\/\/www.martinus.sk\/?z=WLGC7F&#038;utm_source=z%3DWLGC7F&#038;utm_medium=banner1_468x60&#038;utm_campaign=partner\"><img decoding=\"async\" src=\"\/\/www.martinus.sk\/images\/banners\/468x60_red.jpg\" alt=\"www.martinus.sk\" \/><\/a><\/span><\/center><\/p>\n","protected":false},"excerpt":{"rendered":"<p>Mal\u00e9 kn\u00edhkupectv\u00e1 a&nbsp;antikvari\u00e1ty sa&nbsp;na&nbsp;Slovensku za\u010dali postupne otv\u00e1ra\u0165, ich prev\u00e1dzkovatelia tak reaguj\u00fa na&nbsp;prv\u00fa f\u00e1zu uvo\u013e\u0148ovania bezpe\u010dnostn\u00fdch opatren\u00ed s\u00favisiacich so&nbsp;s\u00fa\u010dasnou pand\u00e9miou ochorenia Covid-19. Niektor\u00e9 z&nbsp;nich u\u017e&nbsp;otvorili v\u010dera, dnes sa&nbsp;k&nbsp;nim prip\u00e1jaj\u00fa \u010fal\u0161ie. <a href=\"https:\/\/literarnenoviny.sk\/servis\/male-knihkupectva-a-antikvariaty-sa-otvaraju-vlada-uvolnila-bezpecnostne-opatrenia\/\" class=\"more-link\">Cel\u00e1 spr\u00e1va <span class=\"meta-nav\">&rarr;<\/span><\/a><\/p>\n","protected":false},"author":2,"featured_media":0,"comment_status":"closed","ping_status":"closed","sticky":false,"template":"","format":"standard","meta":{"_links_to":"","_links_to_target":""},"categories":[1],"tags":[12,171,23,8],"_links":{"self":[{"href":"https:\/\/literarnenoviny.sk\/servis\/wp-json\/wp\/v2\/posts\/12246"}],"collection":[{"href":"https:\/\/literarnenoviny.sk\/servis\/wp-json\/wp\/v2\/posts"}],"about":[{"href":"https:\/\/literarnenoviny.sk\/servis\/wp-json\/wp\/v2\/types\/post"}],"author":[{"embeddable":true,"href":"https:\/\/literarnenoviny.sk\/servis\/wp-json\/wp\/v2\/users\/2"}],"replies":[{"embeddable":true,"href":"https:\/\/literarnenoviny.sk\/servis\/wp-json\/wp\/v2\/comments?post=12246"}],"version-history":[{"count":0,"href":"https:\/\/literarnenoviny.sk\/servis\/wp-json\/wp\/v2\/posts\/12246\/revisions"}],"wp:attachment":[{"href":"https:\/\/literarnenoviny.sk\/servis\/wp-json\/wp\/v2\/media?parent=12246"}],"wp:term":[{"taxonomy":"category","embeddable":true,"href":"https:\/\/literarnenoviny.sk\/servis\/wp-json\/wp\/v2\/categories?post=12246"},{"taxonomy":"post_tag","embeddable":true,"href":"https:\/\/literarnenoviny.sk\/servis\/wp-json\/wp\/v2\/tags?post=12246"}],"curies":[{"name":"wp","href":"https:\/\/api.w.org\/{rel}","templated":true}]}}