{"id":1224,"date":"2017-10-25T14:50:09","date_gmt":"2017-10-25T12:50:09","guid":{"rendered":"https:\/\/literarnenoviny.sk\/servis\/?p=1224"},"modified":"2019-04-21T16:18:25","modified_gmt":"2019-04-21T14:18:25","slug":"andaluzski-spisovatelia-umelci-pozaduju-pre-katalancov-pravo-na-referendum","status":"publish","type":"post","link":"https:\/\/literarnenoviny.sk\/servis\/andaluzski-spisovatelia-umelci-pozaduju-pre-katalancov-pravo-na-referendum\/","title":{"rendered":"Andal\u00fazski spisovatelia a&nbsp;umelci po\u017eaduj\u00fa pre&nbsp;Katal\u00e1ncov pr\u00e1vo na&nbsp;referendum"},"content":{"rendered":"<p><strong>Sto andal\u00fazskych intelektu\u00e1lov podp\u00edsalo manifest s&nbsp;n\u00e1zvom <a href=\"https:\/\/www.andaluciaporeldialogo.com\/\" rel=\"noopener noreferrer\" target=\"_blank\">Andal\u00fazia pre&nbsp;dial\u00f3g<\/a>, v&nbsp;ktorom po\u017eaduj\u00fa umo\u017eni\u0165 Katal\u00e1ncom uskuto\u010dni\u0165 referendum o&nbsp;nez\u00e1vislosti<\/strong>. <\/p>\n<p>Medzi signat\u00e1rmi s\u00fa spisovate\u013eia <a href=\"https:\/\/cs.wikipedia.org\/wiki\/Jos\u00e9_Manuel_Caballero_Bonald\" rel=\"noopener noreferrer\" target=\"_blank\">Jos\u00e9 Manuel Caballero Bonalda<\/a>, <a href=\"https:\/\/es.wikipedia.org\/wiki\/Luis_Garc\u00eda_Montero\" rel=\"noopener noreferrer\" target=\"_blank\">Luis Garc\u00eda Montero<\/a>, \u00c1ngeles Mora a&nbsp;Juan de&nbsp;Loxa, b\u00fdval\u00fd sudca Baltasar Garz\u00f3n a&nbsp;ved\u00faci katedry \u00fastavn\u00e9ho pr\u00e1va Javier P\u00e9rez Royo, film\u00e1ri Alberto Rodr\u00edguez a&nbsp;Benito Zambrano, \u010di&nbsp;scen\u00e1rista Rafael Cobos.<\/p>\n<p>Navrhuj\u00fa zmeni\u0165 \u00fastavn\u00fd z\u00e1kon a&nbsp;vytvori\u0165 prostredie, v&nbsp;ktorom sa&nbsp;bez n\u00e1silia a&nbsp;strachu m\u00f4\u017ee diskutova\u0165 o&nbsp;\u0161t\u00e1tnom usporiadan\u00ed. <\/p>\n<p><em>&#8222;Nechceme, aby na\u0161i susedia, bratia a&nbsp;deti.., Andal\u00fazania, podliehali nezodpovedn\u00fdm rozkazom politick\u00fdch vodcov proti uplat\u0148ovaniu z\u00e1kladn\u00fdch ob\u010dianskych slob\u00f4d v&nbsp;Katal\u00e1nsku&#8220;<\/em>, uv\u00e1dza sa&nbsp;v&nbsp;manifeste.<\/p>\n<p style=\"text-align: right;\"><small><a href=\"http:\/\/www.elnacional.cat\/ca\/politica\/intel-lectuals-andalusos-referendum-pactat-catalunya_205800_102.html\" target=\"_blank\" rel=\"noopener noreferrer\">ElNacional.cat<\/a> <\/small><\/p>\n","protected":false},"excerpt":{"rendered":"<p>Sto andal\u00fazskych intelektu\u00e1lov podp\u00edsalo manifest s&nbsp;n\u00e1zvom Andal\u00fazia pre&nbsp;dial\u00f3g, kde po\u017eaduj\u00fa od&nbsp;Madridu umo\u017eni\u0165 Katal\u00e1ncom uskuto\u010dni\u0165 referendum o&nbsp;nez\u00e1vislosti. <a href=\"https:\/\/literarnenoviny.sk\/servis\/andaluzski-spisovatelia-umelci-pozaduju-pre-katalancov-pravo-na-referendum\/\" class=\"more-link\">Cel\u00e1 spr\u00e1va <span class=\"meta-nav\">&rarr;<\/span><\/a><\/p>\n","protected":false},"author":2,"featured_media":0,"comment_status":"closed","ping_status":"closed","sticky":false,"template":"","format":"standard","meta":{"_links_to":"","_links_to_target":""},"categories":[1],"tags":[3,72,23],"_links":{"self":[{"href":"https:\/\/literarnenoviny.sk\/servis\/wp-json\/wp\/v2\/posts\/1224"}],"collection":[{"href":"https:\/\/literarnenoviny.sk\/servis\/wp-json\/wp\/v2\/posts"}],"about":[{"href":"https:\/\/literarnenoviny.sk\/servis\/wp-json\/wp\/v2\/types\/post"}],"author":[{"embeddable":true,"href":"https:\/\/literarnenoviny.sk\/servis\/wp-json\/wp\/v2\/users\/2"}],"replies":[{"embeddable":true,"href":"https:\/\/literarnenoviny.sk\/servis\/wp-json\/wp\/v2\/comments?post=1224"}],"version-history":[{"count":0,"href":"https:\/\/literarnenoviny.sk\/servis\/wp-json\/wp\/v2\/posts\/1224\/revisions"}],"wp:attachment":[{"href":"https:\/\/literarnenoviny.sk\/servis\/wp-json\/wp\/v2\/media?parent=1224"}],"wp:term":[{"taxonomy":"category","embeddable":true,"href":"https:\/\/literarnenoviny.sk\/servis\/wp-json\/wp\/v2\/categories?post=1224"},{"taxonomy":"post_tag","embeddable":true,"href":"https:\/\/literarnenoviny.sk\/servis\/wp-json\/wp\/v2\/tags?post=1224"}],"curies":[{"name":"wp","href":"https:\/\/api.w.org\/{rel}","templated":true}]}}