{"id":1212,"date":"2017-10-24T19:02:18","date_gmt":"2017-10-24T17:02:18","guid":{"rendered":"https:\/\/literarnenoviny.sk\/servis\/?p=1212"},"modified":"2017-10-26T21:54:38","modified_gmt":"2017-10-26T19:54:38","slug":"vedenie-rtvs-zakazalo-vysielat-rozhlasovy-rozhovor-s-reziserkou-kritickeho-filmu","status":"publish","type":"post","link":"https:\/\/literarnenoviny.sk\/servis\/vedenie-rtvs-zakazalo-vysielat-rozhlasovy-rozhovor-s-reziserkou-kritickeho-filmu\/","title":{"rendered":"Vedenie RTVS zak\u00e1zalo vysiela\u0165 rozhlasov\u00fd rozhovor s&nbsp;re\u017eis\u00e9rkou kritick\u00e9ho filmu"},"content":{"rendered":"<p><strong>Vedenie slovensk\u00e9ho verejnopr\u00e1vneho m\u00e9dia stoplo odvysielanie rozhlasov\u00e9ho rozhovoru s&nbsp;re\u017eis\u00e9rkou Zuzanou L\u00edmovou<\/strong>, ktor\u00e1 vo&nbsp;svojom filmovom dokumente <a href=\"https:\/\/www.csfd.cz\/film\/523707-medzi-nami\/komentare\/\" rel=\"noopener\" target=\"_blank\">Medzi nami<\/a> opisuje neetick\u00e9 praktiky bratislavsk\u00fdch p\u00f4rodn\u00edc.<\/p>\n<p>Rozhovor mal by\u0165 odvysielan\u00fd v&nbsp;r\u00e1mci nede\u013enej rel\u00e1cie V&nbsp;kine s&nbsp;Petrom Kone\u010dn\u00fdm. R\u00e1dio namiesto neho pustilo repr\u00edzu star\u0161ieho dielu rel\u00e1cie. D\u00f4vodom z\u00e1sahu je&nbsp;pod\u013ea hovorkyne RTVS to, \u017ee&nbsp;v&nbsp;\u010dase nahr\u00e1vania autor nepoznal stanovisko dotknut\u00fdch nemocn\u00edc.<\/p>\n<p>Dokumentaristka Zuzana L\u00edmov\u00e1 tvrd\u00ed, \u017ee&nbsp;z\u00e1sahu a&nbsp;argument\u00e1cii RTVS nerozumie, ke\u010f\u017ee rel\u00e1cia je&nbsp;zameran\u00e1 na&nbsp;film\u00e1rske remeslo, a&nbsp;nie na&nbsp;spravodajsk\u00e9 t\u00e9my.<\/p>\n<p>Odbor rozhlasov\u00e9ho spravodajstva vedie od&nbsp;okt\u00f3bra Petra Stano Ma\u0165a\u0161ovsk\u00e1, ktor\u00e1 posledn\u00fdch p\u00e4\u0165 rokov pracovala ako hovorky\u0148a Univerzitnej nemocnice Bratislava. Do&nbsp;funkcie nast\u00fapila po&nbsp;person\u00e1lnych zmen\u00e1ch, ktor\u00e9 urobil nov\u00fd \u0161\u00e9f RTVS Jaroslav Rezn\u00edk.<\/p>\n<p style=\"text-align: right;\"><small><a href=\"https:\/\/domov.sme.sk\/c\/20680066\/rtvs-stopla-rozhovor-o-porodniciach.html\" target=\"_blank\" rel=\"noopener\">SME<\/a><\/small><\/p>\n","protected":false},"excerpt":{"rendered":"<p>Vedenie slovensk\u00e9ho verejnopr\u00e1vneho m\u00e9dia stoplo odvysielanie rozhlasov\u00e9ho rozhovoru s&nbsp;re\u017eis\u00e9rkou Zuzanou L\u00edmovou, ktor\u00e1 vo&nbsp;svojom filmovom dokumente Medzi nami op\u00edsala neetick\u00e9 praktiky bratislavsk\u00fdch p\u00f4rodn\u00edc. <a href=\"https:\/\/literarnenoviny.sk\/servis\/vedenie-rtvs-zakazalo-vysielat-rozhlasovy-rozhovor-s-reziserkou-kritickeho-filmu\/\" class=\"more-link\">Cel\u00e1 spr\u00e1va <span class=\"meta-nav\">&rarr;<\/span><\/a><\/p>\n","protected":false},"author":2,"featured_media":0,"comment_status":"closed","ping_status":"closed","sticky":false,"template":"","format":"standard","meta":{"_links_to":"","_links_to_target":""},"categories":[1],"tags":[37,16,47],"_links":{"self":[{"href":"https:\/\/literarnenoviny.sk\/servis\/wp-json\/wp\/v2\/posts\/1212"}],"collection":[{"href":"https:\/\/literarnenoviny.sk\/servis\/wp-json\/wp\/v2\/posts"}],"about":[{"href":"https:\/\/literarnenoviny.sk\/servis\/wp-json\/wp\/v2\/types\/post"}],"author":[{"embeddable":true,"href":"https:\/\/literarnenoviny.sk\/servis\/wp-json\/wp\/v2\/users\/2"}],"replies":[{"embeddable":true,"href":"https:\/\/literarnenoviny.sk\/servis\/wp-json\/wp\/v2\/comments?post=1212"}],"version-history":[{"count":0,"href":"https:\/\/literarnenoviny.sk\/servis\/wp-json\/wp\/v2\/posts\/1212\/revisions"}],"wp:attachment":[{"href":"https:\/\/literarnenoviny.sk\/servis\/wp-json\/wp\/v2\/media?parent=1212"}],"wp:term":[{"taxonomy":"category","embeddable":true,"href":"https:\/\/literarnenoviny.sk\/servis\/wp-json\/wp\/v2\/categories?post=1212"},{"taxonomy":"post_tag","embeddable":true,"href":"https:\/\/literarnenoviny.sk\/servis\/wp-json\/wp\/v2\/tags?post=1212"}],"curies":[{"name":"wp","href":"https:\/\/api.w.org\/{rel}","templated":true}]}}