{"id":12056,"date":"2020-04-15T11:10:28","date_gmt":"2020-04-15T09:10:28","guid":{"rendered":"https:\/\/literarnenoviny.sk\/servis\/?p=12056"},"modified":"2020-04-21T20:09:31","modified_gmt":"2020-04-21T18:09:31","slug":"v-taliansku-sa-mozu-otvarat-knihkupectva-mnohi-knihkupci-z-toho-nie-su-nadseni","status":"publish","type":"post","link":"https:\/\/literarnenoviny.sk\/servis\/v-taliansku-sa-mozu-otvarat-knihkupectva-mnohi-knihkupci-z-toho-nie-su-nadseni\/","title":{"rendered":"V Taliansku sa&nbsp;m\u00f4\u017eu otv\u00e1ra\u0165 kn\u00edhkupectv\u00e1, mnoh\u00ed kn\u00edhkupci z&nbsp;toho nie s\u00fa nad\u0161en\u00ed"},"content":{"rendered":"<p><strong>Talianska vl\u00e1da uvo\u013enila obmedzenia s\u00favisiace s&nbsp;pand\u00e9miou a&nbsp;tento t\u00fd\u017ede\u0148 umo\u017enila otvori\u0165 aj kn\u00edhkupectv\u00e1<\/strong>, preto\u017ee pre&nbsp;obyvate\u013eov krajiny predstavuj\u00fa knihy <em>\u201ed\u00f4le\u017eit\u00fd tovar\u201c<\/em>.<\/p>\n<p>Prezident Talianskej asoci\u00e1cie vydavate\u013eov Ricardo Franco Levi to uv\u00edtal a&nbsp;uviedol, \u017ee&nbsp;op\u00e4tovn\u00e9 otvorenie kn\u00edhkupectiev je&nbsp;<em>\u201eprv\u00fdm krokom\u201c<\/em> a&nbsp;n\u00e1vrat k&nbsp;norm\u00e1lu je&nbsp;pre&nbsp;svet kn\u00edh a&nbsp;podporu vydavate\u013eov a&nbsp;kn\u00edhkupcov nevyhnutn\u00fd.<\/p>\n<p><center><div class=\"gca-utility vertical-spacer\"><\/div>\n<blockquote class=\"twitter-tweet\">\n<p lang=\"en\" dir=\"ltr\">Some positive news for this evening from Italy, as it has been announced that bookshops can once more open their doors! Read on here: <a href=\"https:\/\/t.co\/uCi950IDIe\">https:\/\/t.co\/uCi950IDIe<\/a> <a href=\"https:\/\/t.co\/XDDvxPek6A\">pic.twitter.com\/XDDvxPek6A<\/a><\/p>\n<p>&mdash; The&nbsp;Bookseller (@thebookseller) <a href=\"https:\/\/twitter.com\/thebookseller\/status\/1250111575920345088?ref_src=twsrc%5Etfw\">April 14, 2020<\/a><\/p><\/blockquote>\n<p> <script async src=\"https:\/\/platform.twitter.com\/widgets.js\" charset=\"utf-8\"><\/script><div class=\"gca-utility vertical-spacer\"><\/div><\/center><\/p>\n<p>Pod\u013ea vl\u00e1dneho nariadenia m\u00f4\u017ee do&nbsp;predajne naraz vst\u00fapi\u0165 len limitovan\u00fd po\u010det \u013eud\u00ed, ktor\u00ed bud\u00fa medzi sebou dodr\u017eiava\u0165 vzdialenos\u0165 1,8 a\u017e 2 metre. Jednotliv\u00e9 auton\u00f3mne oblasti si nov\u00e9 pravidl\u00e1 nastavia pod\u013ea aktu\u00e1lnej pandemickej  situ\u00e1cie. <\/p>\n<p>V niektor\u00fdch talianskych regi\u00f3noch sa&nbsp;preto kn\u00edhkupectv\u00e1 otvoria a\u017e nesk\u00f4r, najm\u00e4 v&nbsp;Lombardsku a&nbsp;Piemonte. V&nbsp;R\u00edme to pravdepodobne bude a\u017e koncom mesiaca.<\/p>\n<p>Nie v\u0161etci kn\u00edhkupci s\u00fa z&nbsp;otvorenia svojich prev\u00e1dzok po\u010das pand\u00e9mie nad\u0161en\u00ed. Niektor\u00ed sa&nbsp;podp\u00edsali pod pet\u00edciu zdru\u017eenia <strong><a href=\"https:\/\/www.facebook.com\/ledlibraieditori\/posts\/110454113957272\" rel=\"noopener noreferrer\" target=\"_blank\">Librai Editori Distributori in rete<\/a><\/strong>, ktor\u00e9 je&nbsp;proti op\u00e4tovn\u00e9mu otvoreniu kni\u017en\u00fdch obchodov.<\/p>\n<p><em>\u201eBudem ve\u013emi \u0161\u0165astn\u00e1, ke\u010f otvor\u00edme hne\u010f, ako to bude bezpe\u010dn\u00e9,\u201c <\/em>uviedla signat\u00e1rka pet\u00edcie a&nbsp;spolumajite\u013eka jedn\u00e9ho z&nbsp;bolonsk\u00fdch kn\u00edhkupectiev Nicoletta Maldiniov\u00e1. <em>\u201eV ur\u010ditom okamihu sa&nbsp;budeme musie\u0165 re\u0161tartova\u0165, ale dovtedy mus\u00edme postupova\u0165 opatrne a&nbsp;s&nbsp;re\u0161pektom.\u201c<\/em><\/p>\n<p style=\"text-align: right;\"><small>&mdash;&nbsp;<a href=\"https:\/\/rep.repubblica.it\/pwa\/generale\/2020\/04\/14\/news\/_siamo_tornati_pero_non_venite_librerie_aperte_ma_non_troppo-254036457\/\" target=\"_blank\" rel=\"noopener noreferrer\">La Repubblica<\/a> a&nbsp;<a href=\"https:\/\/www.laprensalatina.com\/italian-regions-block-bookshops-reopening-after-govt-relaxes-restrictions\/\" target=\"_blank\" rel=\"noopener noreferrer\">La Prensa Latina<\/a><\/small><\/p>\n<div class=\"gca-utility clearfix\"><\/div>\n<div class=\"gca-utility vertical-spacer\"><\/div>\n<p><center><span class=\"fullscreen\"><a href=\"\/\/www.martinus.sk\/?z=WLGC7F&#038;utm_source=z%3DWLGC7F&#038;utm_medium=banner1_468x60&#038;utm_campaign=partner\"><img decoding=\"async\" src=\"\/\/www.martinus.sk\/images\/banners\/468x60_red.jpg\" alt=\"www.martinus.sk\" \/><\/a><\/span><\/center><\/p>\n","protected":false},"excerpt":{"rendered":"<p>Talianska vl\u00e1da uvo\u013enila obmedzenia s\u00favisiace s&nbsp;pand\u00e9miou a&nbsp;tento t\u00fd\u017ede\u0148 umo\u017enila otvori\u0165 aj kn\u00edhkupectv\u00e1, preto\u017ee pre&nbsp;obyvate\u013eov krajiny predstavuj\u00fa knihy d\u00f4le\u017eit\u00fd tovar. Nie v\u0161etci kn\u00edhkupci s\u00fa z&nbsp;otvorenia svojich prev\u00e1dzok po\u010das pand\u00e9mie nad\u0161en\u00ed a&nbsp;s\u00fa proti ich op\u00e4tovn\u00e9mu otvoreniu. <a href=\"https:\/\/literarnenoviny.sk\/servis\/v-taliansku-sa-mozu-otvarat-knihkupectva-mnohi-knihkupci-z-toho-nie-su-nadseni\/\" class=\"more-link\">Cel\u00e1 spr\u00e1va <span class=\"meta-nav\">&rarr;<\/span><\/a><\/p>\n","protected":false},"author":2,"featured_media":0,"comment_status":"closed","ping_status":"closed","sticky":false,"template":"","format":"standard","meta":{"_links_to":"","_links_to_target":""},"categories":[1],"tags":[12,171,8],"_links":{"self":[{"href":"https:\/\/literarnenoviny.sk\/servis\/wp-json\/wp\/v2\/posts\/12056"}],"collection":[{"href":"https:\/\/literarnenoviny.sk\/servis\/wp-json\/wp\/v2\/posts"}],"about":[{"href":"https:\/\/literarnenoviny.sk\/servis\/wp-json\/wp\/v2\/types\/post"}],"author":[{"embeddable":true,"href":"https:\/\/literarnenoviny.sk\/servis\/wp-json\/wp\/v2\/users\/2"}],"replies":[{"embeddable":true,"href":"https:\/\/literarnenoviny.sk\/servis\/wp-json\/wp\/v2\/comments?post=12056"}],"version-history":[{"count":0,"href":"https:\/\/literarnenoviny.sk\/servis\/wp-json\/wp\/v2\/posts\/12056\/revisions"}],"wp:attachment":[{"href":"https:\/\/literarnenoviny.sk\/servis\/wp-json\/wp\/v2\/media?parent=12056"}],"wp:term":[{"taxonomy":"category","embeddable":true,"href":"https:\/\/literarnenoviny.sk\/servis\/wp-json\/wp\/v2\/categories?post=12056"},{"taxonomy":"post_tag","embeddable":true,"href":"https:\/\/literarnenoviny.sk\/servis\/wp-json\/wp\/v2\/tags?post=12056"}],"curies":[{"name":"wp","href":"https:\/\/api.w.org\/{rel}","templated":true}]}}